{"id":24681,"date":"2026-03-18T05:49:00","date_gmt":"2026-03-18T05:49:00","guid":{"rendered":"https:\/\/mensagensdobem.com.br\/5055f773-6a48-42fc-a814-db7f483356ac\/"},"modified":"2026-03-18T05:49:49","modified_gmt":"2026-03-18T05:49:49","slug":"5055f773-6a48-42fc-a814-db7f483356ac","status":"publish","type":"post","link":"https:\/\/mensagensdobem.com.br\/de\/5055f773-6a48-42fc-a814-db7f483356ac\/","title":{"rendered":"Vaga de Vendedor Balconista: Efetivo CLT, Presencial e Sem Experi\u00eancia Necess\u00e1ria"},"content":{"rendered":"<div class=\"mx-5 sm:mx-0 prose text-left mb-5\">\n<\/p>\n<div style=\"background: #ffffff; border-radius: 12px; box-shadow: 0 10px 30px rgba(0, 0, 0, 0.1); width: 100%; max-width: 340px; padding: 25px; transition: transform 0.3s ease-in-out; overflow: visible; display: flex; flex-direction: column; position: relative; border: 1px solid #28a745; margin-top: 70px; margin-bottom: 50px; margin-left: auto; margin-right: auto;\">\n<div style=\"position: absolute; top: -35px; right: 15px; color: #28a745; padding: 5px 10px; border-radius: 6px; font-size: 14px; font-weight: bold; display: flex; align-items: center; z-index: 10;\">F\u00fcr Sie empfohlen<\/div>\n<div data-namespace-header=\"\" style=\"\">\n<h3 data-namespace-title=\"\" style=\"color: #333; font-size: 20px; font-weight: bold; text-align: left; margin-right: 50px; min-height: 50px; margin-top: 0px;\">Verk\u00e4ufer\/Thekenangestellter<\/h3>\n<\/p><\/div>\n<p data-namespace-prompt=\"\" style=\"font-size: 16px; color: #666; margin-bottom: 20px; line-height: 1.5; flex-grow: 1; text-align: left; margin-top: 0px;\">Vaga efetiva para quem busca o primeiro emprego, n\u00e3o exige experi\u00eancia pr\u00e9via. Sal\u00e1rio a combinar, regime CLT e trabalho presencial integral.<\/p>\n<p>    <a data-namespace-url=\"\" href=\"https:\/\/mensagensdobem.com.br\/de\/redirect\/?https:\/\/www.infojobs.com.br\/vaga-de-vendedor-balconista-em-sao-paulo__11263537.aspx?utm_campaign=google_jobs_apply&#038;utm_source=google_jobs_apply&#038;utm_medium=organic\" style=\"width: 100%; display: inline-block; color: white; text-decoration: none; border-radius: 6px; font-size: 16px; font-weight: bold; text-align: center; transition: transform 0.3s ease, background 0.3s ease; margin-top: auto;\" data-namespace-id=\"5c0d2565-3ba9-4280-a382-ad2a691e2285\"><br \/>\n        <button style=\"width: 100%; height: 55px; background: #e9e9ed; border: 1px solid black; color: black;\">Bewerben Sie sich f\u00fcr die Stelle<\/button><br \/>\n    <\/a><br \/>\n    <small style=\"margin-top: 10px; color: #777; font-size: 12px; text-align: center; display: block;\">Sie werden auf eine andere Website weitergeleitet<\/small>\n<\/div>\n<p>Essa oportunidade de Vendedor Balconista \u00e9 ideal para quem deseja iniciar no mercado de trabalho. O sal\u00e1rio \u00e9 a combinar, com contrata\u00e7\u00e3o efetiva pelo regime CLT e jornada presencial de per\u00edodo integral. O requisito educacional m\u00ednimo \u00e9 o ensino fundamental completo, facilitando o acesso a quem busca a primeira vaga formal.<\/p>\n<h2>Wie sieht der Tagesablauf eines Verk\u00e4ufers im Ladengesch\u00e4ft aus?<\/h2>\n<p>O Vendedor Balconista atua no atendimento ao cliente presencialmente e por telefone. Al\u00e9m disso, manipula agendamentos de servi\u00e7os e d\u00e1 suporte na oficina.<\/p>\n<p>O profissional recebe demandas diretamente dos clientes, esclarecendo d\u00favidas, tirando pedidos e processando as informa\u00e7\u00f5es para o setor respons\u00e1vel.<\/p>\n<p>N\u00e3o \u00e9 exigida experi\u00eancia pr\u00e9via, s\u00f3 vontade de aprender e comprometimento. Pontualidade e dedica\u00e7\u00e3o s\u00e3o diferenciais apreciadas nessa fun\u00e7\u00e3o.<\/p>\n<p>Al\u00e9m disso, o trabalho envolve organizar o ambiente do balc\u00e3o e garantir que todos os processos fluam facilmente para o cliente.<\/p>\n<p>Outra responsabilidade importante \u00e9 manter a qualidade no atendimento, criando um ambiente agrad\u00e1vel para todos.<\/p>\n<h2>Vantagens da vaga de Vendedor Balconista<\/h2>\n<p>Um dos pontos mais atrativos dessa vaga \u00e9 n\u00e3o exigir experi\u00eancia anterior. Ela permite ingressar no mercado formal com estabilidade.<\/p>\n<p>O formato CLT garante direitos trabalhistas importantes, como f\u00e9rias, 13\u00ba e FGTS.<\/p>\n<p>O ambiente presencial permite aprender no dia a dia e receber feedback direto de colegas e l\u00edderes, acelerando o desenvolvimento profissional.<\/p>\n<p>Por ser uma fun\u00e7\u00e3o de contato constante com pessoas, voc\u00ea pode desenvolver habilidades de comunica\u00e7\u00e3o essenciais para diversas carreiras.<\/p>\n<p>A empresa valoriza dedica\u00e7\u00e3o e empenho, o que pode abrir portas para crescimento futuramente.<\/p>\n<h2>Desvantagens da vaga de Vendedor Balconista<\/h2>\n<p>Como em diversas vagas iniciais, o sal\u00e1rio pode n\u00e3o ser alto no come\u00e7o, ficando &#8220;a combinar&#8221; com o empregador.<\/p>\n<p>O trabalho \u00e9 presencial, sem possibilidade de home office, o que pode exigir deslocamento di\u00e1rio.<\/p>\n<p>H\u00e1 exig\u00eancia de comprometimento integral, podendo ser cansativo em alguns momentos, principalmente no in\u00edcio da carreira.<\/p>\n<p>Profissionais que buscam crescimento r\u00e1pido podem se frustrar se n\u00e3o houver oportunidades internas concretas.<\/p>\n<p>O atendimento ao cliente pode ser desafiador, exigindo paci\u00eancia e resili\u00eancia para lidar com v\u00e1rias personalidades no balc\u00e3o.<\/p>\n<h2>Endg\u00fcltiges Urteil<\/h2>\n<p>A vaga de Vendedor Balconista \u00e9 indicada para quem quer o primeiro emprego formal ou iniciar em vendas. O fato de n\u00e3o exigir experi\u00eancia \u00e9 um diferencial importante, tornando essa oportunidade bem acess\u00edvel.<\/p>\n<p>Se voc\u00ea procura estabilidade e desenvolvimento de compet\u00eancias b\u00e1sicas para o setor de vendas e atendimento, essa pode ser a porta de entrada ideal.<\/p>\n<div style=\"background: #ffffff; border-radius: 12px; box-shadow: 0 10px 30px rgba(0, 0, 0, 0.1); width: 100%; max-width: 340px; padding: 25px; transition: transform 0.3s ease-in-out; overflow: visible; display: flex; flex-direction: column; position: relative; border: 1px solid #28a745; margin-top: 70px; margin-bottom: 50px; margin-left: auto; margin-right: auto;\">\n<div style=\"position: absolute; top: -35px; right: 15px; color: #28a745; padding: 5px 10px; border-radius: 6px; font-size: 14px; font-weight: bold; display: flex; align-items: center; z-index: 10;\">F\u00fcr Sie empfohlen<\/div>\n<div data-namespace-header=\"\" style=\"\">\n<h3 data-namespace-title=\"\" style=\"color: #333; font-size: 20px; font-weight: bold; text-align: left; margin-right: 50px; min-height: 50px; margin-top: 0px;\">Verk\u00e4ufer\/Thekenangestellter<\/h3>\n<\/p><\/div>\n<p data-namespace-prompt=\"\" style=\"font-size: 16px; color: #666; margin-bottom: 20px; line-height: 1.5; flex-grow: 1; text-align: left; margin-top: 0px;\">Vaga efetiva para quem busca o primeiro emprego, n\u00e3o exige experi\u00eancia pr\u00e9via. Sal\u00e1rio a combinar, regime CLT e trabalho presencial integral.<\/p>\n<p>    <a data-namespace-url=\"\" href=\"https:\/\/mensagensdobem.com.br\/de\/redirect\/?https:\/\/www.infojobs.com.br\/vaga-de-vendedor-balconista-em-sao-paulo__11263537.aspx?utm_campaign=google_jobs_apply&#038;utm_source=google_jobs_apply&#038;utm_medium=organic\" style=\"width: 100%; display: inline-block; color: white; text-decoration: none; border-radius: 6px; font-size: 16px; font-weight: bold; text-align: center; transition: transform 0.3s ease, background 0.3s ease; margin-top: auto;\" data-namespace-id=\"5c0d2565-3ba9-4280-a382-ad2a691e2285\"><br \/>\n        <button style=\"width: 100%; height: 55px; background: #e9e9ed; border: 1px solid black; color: black;\">Bewerben Sie sich f\u00fcr die Stelle<\/button><br \/>\n    <\/a><br \/>\n    <small style=\"margin-top: 10px; color: #777; font-size: 12px; text-align: center; display: block;\">Sie werden auf eine andere Website weitergeleitet<\/small>\n<\/div>\n<\/div>","protected":false},"excerpt":{"rendered":"<p>Conhe\u00e7a a vaga de Vendedor Balconista: contrata\u00e7\u00e3o CLT, presencial e sem experi\u00eancia exigida. Veja condi\u00e7\u00f5es, responsabilidades e dicas para aumentar suas chances de contrata\u00e7\u00e3o.<\/p>","protected":false},"author":3,"featured_media":0,"comment_status":"open","ping_status":"open","sticky":false,"template":"","format":"standard","meta":{"footnotes":""},"categories":[8],"tags":[],"yoast_head":"<!-- This site is optimized with the Yoast SEO plugin v23.3 - https:\/\/yoast.com\/wordpress\/plugins\/seo\/ -->\n<title>Vaga de Vendedor Balconista: Efetivo CLT, Presencial e Sem Experi\u00eancia Necess\u00e1ria - MDB<\/title>\n<meta name=\"robots\" content=\"index, follow, max-snippet:-1, max-image-preview:large, max-video-preview:-1\" \/>\n<link rel=\"canonical\" href=\"https:\/\/mensagensdobem.com.br\/de\/5055f773-6a48-42fc-a814-db7f483356ac\/\" \/>\n<meta property=\"og:locale\" content=\"de_DE\" \/>\n<meta property=\"og:type\" content=\"article\" \/>\n<meta property=\"og:title\" content=\"Vaga de Vendedor Balconista: Efetivo CLT, Presencial e Sem Experi\u00eancia Necess\u00e1ria - MDB\" \/>\n<meta property=\"og:description\" content=\"Conhe\u00e7a a vaga de Vendedor Balconista: contrata\u00e7\u00e3o CLT, presencial e sem experi\u00eancia exigida. Veja condi\u00e7\u00f5es, responsabilidades e dicas para aumentar suas chances de contrata\u00e7\u00e3o.\" \/>\n<meta property=\"og:url\" content=\"https:\/\/mensagensdobem.com.br\/de\/5055f773-6a48-42fc-a814-db7f483356ac\/\" \/>\n<meta property=\"og:site_name\" content=\"MDB\" \/>\n<meta property=\"article:published_time\" content=\"2026-03-18T05:49:00+00:00\" \/>\n<meta property=\"article:modified_time\" content=\"2026-03-18T05:49:49+00:00\" \/>\n<meta name=\"author\" content=\"Bruno Gianni\" \/>\n<meta name=\"twitter:card\" content=\"summary_large_image\" \/>\n<meta name=\"twitter:label1\" content=\"Written by\" \/>\n\t<meta name=\"twitter:data1\" content=\"Bruno Gianni\" \/>\n\t<meta name=\"twitter:label2\" content=\"Est. reading time\" \/>\n\t<meta name=\"twitter:data2\" content=\"3 Minuten\" \/>\n<script type=\"application\/ld+json\" class=\"yoast-schema-graph\">{\"@context\":\"https:\/\/schema.org\",\"@graph\":[{\"@type\":\"WebPage\",\"@id\":\"https:\/\/mensagensdobem.com.br\/5055f773-6a48-42fc-a814-db7f483356ac\/\",\"url\":\"https:\/\/mensagensdobem.com.br\/5055f773-6a48-42fc-a814-db7f483356ac\/\",\"name\":\"Vaga de Vendedor Balconista: Efetivo CLT, Presencial e Sem Experi\u00eancia Necess\u00e1ria - MDB\",\"isPartOf\":{\"@id\":\"https:\/\/mensagensdobem.com.br\/#website\"},\"datePublished\":\"2026-03-18T05:49:00+00:00\",\"dateModified\":\"2026-03-18T05:49:49+00:00\",\"author\":{\"@id\":\"https:\/\/mensagensdobem.com.br\/#\/schema\/person\/d52888235fd6563bd07d97185d6a61e4\"},\"breadcrumb\":{\"@id\":\"https:\/\/mensagensdobem.com.br\/5055f773-6a48-42fc-a814-db7f483356ac\/#breadcrumb\"},\"inLanguage\":\"de-DE\",\"potentialAction\":[{\"@type\":\"ReadAction\",\"target\":[\"https:\/\/mensagensdobem.com.br\/5055f773-6a48-42fc-a814-db7f483356ac\/\"]}]},{\"@type\":\"BreadcrumbList\",\"@id\":\"https:\/\/mensagensdobem.com.br\/5055f773-6a48-42fc-a814-db7f483356ac\/#breadcrumb\",\"itemListElement\":[{\"@type\":\"ListItem\",\"position\":1,\"name\":\"Home\",\"item\":\"https:\/\/mensagensdobem.com.br\/\"},{\"@type\":\"ListItem\",\"position\":2,\"name\":\"Vaga de Vendedor Balconista: Efetivo CLT, Presencial e Sem Experi\u00eancia Necess\u00e1ria\"}]},{\"@type\":\"WebSite\",\"@id\":\"https:\/\/mensagensdobem.com.br\/#website\",\"url\":\"https:\/\/mensagensdobem.com.br\/\",\"name\":\"MDB\",\"description\":\"\",\"potentialAction\":[{\"@type\":\"SearchAction\",\"target\":{\"@type\":\"EntryPoint\",\"urlTemplate\":\"https:\/\/mensagensdobem.com.br\/?s={search_term_string}\"},\"query-input\":\"required name=search_term_string\"}],\"inLanguage\":\"de-DE\"},{\"@type\":\"Person\",\"@id\":\"https:\/\/mensagensdobem.com.br\/#\/schema\/person\/d52888235fd6563bd07d97185d6a61e4\",\"name\":\"Bruno Gianni\",\"image\":{\"@type\":\"ImageObject\",\"inLanguage\":\"de-DE\",\"@id\":\"https:\/\/mensagensdobem.com.br\/#\/schema\/person\/image\/\",\"url\":\"https:\/\/secure.gravatar.com\/avatar\/0f5d42d7bf77874643c1478932860e3f?s=96&d=mm&r=g\",\"contentUrl\":\"https:\/\/secure.gravatar.com\/avatar\/0f5d42d7bf77874643c1478932860e3f?s=96&d=mm&r=g\",\"caption\":\"Bruno Gianni\"},\"description\":\"Bruno writes the way he lives, with curiosity, care, and respect for people. He likes to observe, listen, and try to understand what is happening on the other side before putting any words on the page.For him, writing is not about impressing, but about getting closer. It is about turning thoughts into something simple, clear, and real. Every text is an ongoing conversation, created with care and honesty, with the sincere intention of touching someone, somewhere along the way.\",\"url\":\"https:\/\/mensagensdobem.com.br\/de\/author\/bcgianni\/\"}]}<\/script>\n<!-- \/ Yoast SEO plugin. -->","yoast_head_json":{"title":"Vaga de Vendedor Balconista: Efetivo CLT, Presencial e Sem Experi\u00eancia Necess\u00e1ria - MDB","robots":{"index":"index","follow":"follow","max-snippet":"max-snippet:-1","max-image-preview":"max-image-preview:large","max-video-preview":"max-video-preview:-1"},"canonical":"https:\/\/mensagensdobem.com.br\/de\/5055f773-6a48-42fc-a814-db7f483356ac\/","og_locale":"de_DE","og_type":"article","og_title":"Vaga de Vendedor Balconista: Efetivo CLT, Presencial e Sem Experi\u00eancia Necess\u00e1ria - MDB","og_description":"Conhe\u00e7a a vaga de Vendedor Balconista: contrata\u00e7\u00e3o CLT, presencial e sem experi\u00eancia exigida. Veja condi\u00e7\u00f5es, responsabilidades e dicas para aumentar suas chances de contrata\u00e7\u00e3o.","og_url":"https:\/\/mensagensdobem.com.br\/de\/5055f773-6a48-42fc-a814-db7f483356ac\/","og_site_name":"MDB","article_published_time":"2026-03-18T05:49:00+00:00","article_modified_time":"2026-03-18T05:49:49+00:00","author":"Bruno Gianni","twitter_card":"summary_large_image","twitter_misc":{"Written by":"Bruno Gianni","Est. reading time":"3 Minuten"},"schema":{"@context":"https:\/\/schema.org","@graph":[{"@type":"WebPage","@id":"https:\/\/mensagensdobem.com.br\/5055f773-6a48-42fc-a814-db7f483356ac\/","url":"https:\/\/mensagensdobem.com.br\/5055f773-6a48-42fc-a814-db7f483356ac\/","name":"Vaga de Vendedor Balconista: Efetivo CLT, Presencial e Sem Experi\u00eancia Necess\u00e1ria - MDB","isPartOf":{"@id":"https:\/\/mensagensdobem.com.br\/#website"},"datePublished":"2026-03-18T05:49:00+00:00","dateModified":"2026-03-18T05:49:49+00:00","author":{"@id":"https:\/\/mensagensdobem.com.br\/#\/schema\/person\/d52888235fd6563bd07d97185d6a61e4"},"breadcrumb":{"@id":"https:\/\/mensagensdobem.com.br\/5055f773-6a48-42fc-a814-db7f483356ac\/#breadcrumb"},"inLanguage":"de-DE","potentialAction":[{"@type":"ReadAction","target":["https:\/\/mensagensdobem.com.br\/5055f773-6a48-42fc-a814-db7f483356ac\/"]}]},{"@type":"BreadcrumbList","@id":"https:\/\/mensagensdobem.com.br\/5055f773-6a48-42fc-a814-db7f483356ac\/#breadcrumb","itemListElement":[{"@type":"ListItem","position":1,"name":"Home","item":"https:\/\/mensagensdobem.com.br\/"},{"@type":"ListItem","position":2,"name":"Vaga de Vendedor Balconista: Efetivo CLT, Presencial e Sem Experi\u00eancia Necess\u00e1ria"}]},{"@type":"WebSite","@id":"https:\/\/mensagensdobem.com.br\/#website","url":"https:\/\/mensagensdobem.com.br\/","name":"MDB","description":"","potentialAction":[{"@type":"SearchAction","target":{"@type":"EntryPoint","urlTemplate":"https:\/\/mensagensdobem.com.br\/?s={search_term_string}"},"query-input":"required name=search_term_string"}],"inLanguage":"de-DE"},{"@type":"Person","@id":"https:\/\/mensagensdobem.com.br\/#\/schema\/person\/d52888235fd6563bd07d97185d6a61e4","name":"Bruno Gianni","image":{"@type":"ImageObject","inLanguage":"de-DE","@id":"https:\/\/mensagensdobem.com.br\/#\/schema\/person\/image\/","url":"https:\/\/secure.gravatar.com\/avatar\/0f5d42d7bf77874643c1478932860e3f?s=96&d=mm&r=g","contentUrl":"https:\/\/secure.gravatar.com\/avatar\/0f5d42d7bf77874643c1478932860e3f?s=96&d=mm&r=g","caption":"Bruno Gianni"},"description":"Bruno writes the way he lives, with curiosity, care, and respect for people. He likes to observe, listen, and try to understand what is happening on the other side before putting any words on the page.For him, writing is not about impressing, but about getting closer. It is about turning thoughts into something simple, clear, and real. Every text is an ongoing conversation, created with care and honesty, with the sincere intention of touching someone, somewhere along the way.","url":"https:\/\/mensagensdobem.com.br\/de\/author\/bcgianni\/"}]}},"_links":{"self":[{"href":"https:\/\/mensagensdobem.com.br\/de\/wp-json\/wp\/v2\/posts\/24681"}],"collection":[{"href":"https:\/\/mensagensdobem.com.br\/de\/wp-json\/wp\/v2\/posts"}],"about":[{"href":"https:\/\/mensagensdobem.com.br\/de\/wp-json\/wp\/v2\/types\/post"}],"author":[{"embeddable":true,"href":"https:\/\/mensagensdobem.com.br\/de\/wp-json\/wp\/v2\/users\/3"}],"replies":[{"embeddable":true,"href":"https:\/\/mensagensdobem.com.br\/de\/wp-json\/wp\/v2\/comments?post=24681"}],"version-history":[{"count":1,"href":"https:\/\/mensagensdobem.com.br\/de\/wp-json\/wp\/v2\/posts\/24681\/revisions"}],"predecessor-version":[{"id":24688,"href":"https:\/\/mensagensdobem.com.br\/de\/wp-json\/wp\/v2\/posts\/24681\/revisions\/24688"}],"wp:attachment":[{"href":"https:\/\/mensagensdobem.com.br\/de\/wp-json\/wp\/v2\/media?parent=24681"}],"wp:term":[{"taxonomy":"category","embeddable":true,"href":"https:\/\/mensagensdobem.com.br\/de\/wp-json\/wp\/v2\/categories?post=24681"},{"taxonomy":"post_tag","embeddable":true,"href":"https:\/\/mensagensdobem.com.br\/de\/wp-json\/wp\/v2\/tags?post=24681"}],"curies":[{"name":"wp","href":"https:\/\/api.w.org\/{rel}","templated":true}]}}