{"id":24683,"date":"2026-03-18T05:49:00","date_gmt":"2026-03-18T05:49:00","guid":{"rendered":"https:\/\/mensagensdobem.com.br\/ff99a69a-cc16-4faa-b3aa-970cf0a845bd\/"},"modified":"2026-03-18T05:49:55","modified_gmt":"2026-03-18T05:49:55","slug":"ff99a69a-cc16-4faa-b3aa-970cf0a845bd","status":"publish","type":"post","link":"https:\/\/mensagensdobem.com.br\/de\/ff99a69a-cc16-4faa-b3aa-970cf0a845bd\/","title":{"rendered":"Vaga de Vendedor(a) Balconista: Sal\u00e1rio Fixo, Comiss\u00e3o e Benef\u00edcios CLT"},"content":{"rendered":"<div class=\"mx-5 sm:mx-0 prose text-left mb-5\">\n<\/p>\n<div style=\"background: #ffffff; border-radius: 12px; box-shadow: 0 10px 30px rgba(0, 0, 0, 0.1); width: 100%; max-width: 340px; padding: 25px; transition: transform 0.3s ease-in-out; overflow: visible; display: flex; flex-direction: column; position: relative; border: 1px solid #28a745; margin-top: 70px; margin-bottom: 50px; margin-left: auto; margin-right: auto;\">\n<div style=\"position: absolute; top: -35px; right: 15px; color: #28a745; padding: 5px 10px; border-radius: 6px; font-size: 14px; font-weight: bold; display: flex; align-items: center; z-index: 10;\">F\u00fcr Sie empfohlen<\/div>\n<div data-namespace-header=\"\" style=\"\">\n<h3 data-namespace-title=\"\" style=\"color: #333; font-size: 20px; font-weight: bold; text-align: left; margin-right: 50px; min-height: 50px; margin-top: 0px;\">Vendedora Balconista<\/h3>\n<\/p><\/div>\n<p data-namespace-prompt=\"\" style=\"font-size: 16px; color: #666; margin-bottom: 20px; line-height: 1.5; flex-grow: 1; text-align: left; margin-top: 0px;\">Vaga CLT para quem busca estabilidade, com sal\u00e1rio fixo de R$2.500,00, comiss\u00e3o, benef\u00edcios completos e fun\u00e7\u00f5es voltadas ao atendimento e vendas.<\/p>\n<p>    <a data-namespace-url=\"\" href=\"https:\/\/mensagensdobem.com.br\/de\/redirect\/?https:\/\/www.catho.com.br\/vagas\/vendedora-balconista\/35218281\/?utm_campaign=google_jobs_apply&#038;utm_source=google_jobs_apply&#038;utm_medium=organic\" style=\"width: 100%; display: inline-block; color: white; text-decoration: none; border-radius: 6px; font-size: 16px; font-weight: bold; text-align: center; transition: transform 0.3s ease, background 0.3s ease; margin-top: auto;\" data-namespace-id=\"5c0d2565-3ba9-4280-a382-ad2a691e2285\"><br \/>\n        <button style=\"width: 100%; height: 55px; background: #e9e9ed; border: 1px solid black; color: black;\">Bewerben Sie sich f\u00fcr die Stelle<\/button><br \/>\n    <\/a><br \/>\n    <small style=\"margin-top: 10px; color: #777; font-size: 12px; text-align: center; display: block;\">Sie werden auf eine andere Website weitergeleitet<\/small>\n<\/div>\n<p>Se voc\u00ea est\u00e1 avaliando novas oportunidades de emprego, a vaga de Vendedora Balconista pode ser especialmente atrativa. Trata-se de uma posi\u00e7\u00e3o efetiva com contrata\u00e7\u00e3o em regime CLT, ofreciendo um sal\u00e1rio fixo de R$2.500,00, comiss\u00e3o por vendas, al\u00e9m de benef\u00edcios como vale-transporte. A estabilidade e o potencial de ganhos extras s\u00e3o grandes vantagens para quem procura crescimento e seguran\u00e7a financeira.<\/p>\n<h2>Rotina e Fun\u00e7\u00f5es no Dia a Dia<\/h2>\n<p>O dia a dia gira em torno do atendimento ao cliente, que acontece principalmente no balc\u00e3o da loja. Entre suas responsabilidades est\u00e3o a venda de produtos e servi\u00e7os, esclarecimento de d\u00favidas e oferta de suporte b\u00e1sico ao consumidor.<\/p>\n<p>Outro ponto importante \u00e9 a necessidade de manter a organiza\u00e7\u00e3o do ambiente de trabalho. Isso contribui para um atendimento mais eficiente e fortalece a imagem profissional.<\/p>\n<p>Al\u00e9m disso, \u00e9 fundamental ter boa comunica\u00e7\u00e3o, ser proativo e manter-se organizado para realizar as tarefas com qualidade. A experi\u00eancia pr\u00e9via em vendas \u00e9 desej\u00e1vel e pode ser um diferencial na sele\u00e7\u00e3o.<\/p>\n<p>O hor\u00e1rio \u00e9 fixo, de segunda a sexta o expediente ocorre durante o dia, e aos s\u00e1bados no per\u00edodo da manh\u00e3. Essa previsibilidade ajuda a manter o equil\u00edbrio entre vida profissional e pessoal.<\/p>\n<p>Para quem gosta de rotinas din\u00e2micas e contato com o p\u00fablico, essa vaga pode atender bem \u00e0s expectativas de crescimento profissional.<\/p>\n<h2>Wichtigste positive Aspekte<\/h2>\n<p>O sal\u00e1rio fixo acima da m\u00e9dia para a fun\u00e7\u00e3o \u00e9 certamente um atrativo. Al\u00e9m disso, a comiss\u00e3o sobre vendas permite aumentar a renda de acordo com o desempenho pessoal.<\/p>\n<p>O registro CLT garante estabilidade, f\u00e9rias e demais direitos trabalhistas, fatores desejados por quem busca seguran\u00e7a.<\/p>\n<p>A rotina organizada e com hor\u00e1rios definidos favorece quem valoriza o planejamento e previsibilidade.<\/p>\n<p>O ambiente de trabalho oferece contato direto com clientes, uma \u00f3tima oportunidade de aprimorar habilidades de comunica\u00e7\u00e3o e negocia\u00e7\u00e3o.<\/p>\n<p>A possibilidade de crescimento com base no desempenho e relacionamento interpessoal torna essa vaga especialmente interessante.<\/p>\n<h2>M\u00f6gliche Nachteile<\/h2>\n<p>Por se tratar de vendas presenciais, o rendimento com comiss\u00e3o pode variar conforme o fluxo de clientes. Para alguns, isso pode gerar certa instabilidade.<\/p>\n<p>O contato constante com o p\u00fablico, embora enriquecedor, exige bastante paci\u00eancia e jogo de cintura em situa\u00e7\u00f5es desafiadoras.<\/p>\n<h2>Endg\u00fcltiges Urteil<\/h2>\n<p>A vaga de Vendedora Balconista se destaca pelo equil\u00edbrio entre sal\u00e1rio fixo competitivo e possibilidade de ganhos extras com comiss\u00e3o.<\/p>\n<p>Recomendada para profissionais comunicativos, organizados, que buscam estabilidade e oportunidades de crescimento na rotina comercial.<\/p>\n<div style=\"background: #ffffff; border-radius: 12px; box-shadow: 0 10px 30px rgba(0, 0, 0, 0.1); width: 100%; max-width: 340px; padding: 25px; transition: transform 0.3s ease-in-out; overflow: visible; display: flex; flex-direction: column; position: relative; border: 1px solid #28a745; margin-top: 70px; margin-bottom: 50px; margin-left: auto; margin-right: auto;\">\n<div style=\"position: absolute; top: -35px; right: 15px; color: #28a745; padding: 5px 10px; border-radius: 6px; font-size: 14px; font-weight: bold; display: flex; align-items: center; z-index: 10;\">F\u00fcr Sie empfohlen<\/div>\n<div data-namespace-header=\"\" style=\"\">\n<h3 data-namespace-title=\"\" style=\"color: #333; font-size: 20px; font-weight: bold; text-align: left; margin-right: 50px; min-height: 50px; margin-top: 0px;\">Vendedora Balconista<\/h3>\n<\/p><\/div>\n<p data-namespace-prompt=\"\" style=\"font-size: 16px; color: #666; margin-bottom: 20px; line-height: 1.5; flex-grow: 1; text-align: left; margin-top: 0px;\">Vaga CLT para quem busca estabilidade, com sal\u00e1rio fixo de R$2.500,00, comiss\u00e3o, benef\u00edcios completos e fun\u00e7\u00f5es voltadas ao atendimento e vendas.<\/p>\n<p>    <a data-namespace-url=\"\" href=\"https:\/\/mensagensdobem.com.br\/de\/redirect\/?https:\/\/www.catho.com.br\/vagas\/vendedora-balconista\/35218281\/?utm_campaign=google_jobs_apply&#038;utm_source=google_jobs_apply&#038;utm_medium=organic\" style=\"width: 100%; display: inline-block; color: white; text-decoration: none; border-radius: 6px; font-size: 16px; font-weight: bold; text-align: center; transition: transform 0.3s ease, background 0.3s ease; margin-top: auto;\" data-namespace-id=\"5c0d2565-3ba9-4280-a382-ad2a691e2285\"><br \/>\n        <button style=\"width: 100%; height: 55px; background: #e9e9ed; border: 1px solid black; color: black;\">Bewerben Sie sich f\u00fcr die Stelle<\/button><br \/>\n    <\/a><br \/>\n    <small style=\"margin-top: 10px; color: #777; font-size: 12px; text-align: center; display: block;\">Sie werden auf eine andere Website weitergeleitet<\/small>\n<\/div>\n<\/div>","protected":false},"excerpt":{"rendered":"<p>Oportunidade para Vendedora Balconista com sal\u00e1rio fixo, comiss\u00e3o por vendas e benef\u00edcios CLT. Veja pontos positivos e negativos e saiba se a vaga \u00e9 ideal para voc\u00ea.<\/p>","protected":false},"author":3,"featured_media":0,"comment_status":"open","ping_status":"open","sticky":false,"template":"","format":"standard","meta":{"footnotes":""},"categories":[8],"tags":[],"yoast_head":"<!-- This site is optimized with the Yoast SEO plugin v23.3 - https:\/\/yoast.com\/wordpress\/plugins\/seo\/ -->\n<title>Vaga de Vendedor(a) Balconista: Sal\u00e1rio Fixo, Comiss\u00e3o e Benef\u00edcios CLT - MDB<\/title>\n<meta name=\"robots\" content=\"index, follow, max-snippet:-1, max-image-preview:large, max-video-preview:-1\" \/>\n<link rel=\"canonical\" href=\"https:\/\/mensagensdobem.com.br\/de\/ff99a69a-cc16-4faa-b3aa-970cf0a845bd\/\" \/>\n<meta property=\"og:locale\" content=\"de_DE\" \/>\n<meta property=\"og:type\" content=\"article\" \/>\n<meta property=\"og:title\" content=\"Vaga de Vendedor(a) Balconista: Sal\u00e1rio Fixo, Comiss\u00e3o e Benef\u00edcios CLT - MDB\" \/>\n<meta property=\"og:description\" content=\"Oportunidade para Vendedora Balconista com sal\u00e1rio fixo, comiss\u00e3o por vendas e benef\u00edcios CLT. Veja pontos positivos e negativos e saiba se a vaga \u00e9 ideal para voc\u00ea.\" \/>\n<meta property=\"og:url\" content=\"https:\/\/mensagensdobem.com.br\/de\/ff99a69a-cc16-4faa-b3aa-970cf0a845bd\/\" \/>\n<meta property=\"og:site_name\" content=\"MDB\" \/>\n<meta property=\"article:published_time\" content=\"2026-03-18T05:49:00+00:00\" \/>\n<meta property=\"article:modified_time\" content=\"2026-03-18T05:49:55+00:00\" \/>\n<meta name=\"author\" content=\"Bruno Gianni\" \/>\n<meta name=\"twitter:card\" content=\"summary_large_image\" \/>\n<meta name=\"twitter:label1\" content=\"Written by\" \/>\n\t<meta name=\"twitter:data1\" content=\"Bruno Gianni\" \/>\n\t<meta name=\"twitter:label2\" content=\"Est. reading time\" \/>\n\t<meta name=\"twitter:data2\" content=\"3 Minuten\" \/>\n<script type=\"application\/ld+json\" class=\"yoast-schema-graph\">{\"@context\":\"https:\/\/schema.org\",\"@graph\":[{\"@type\":\"WebPage\",\"@id\":\"https:\/\/mensagensdobem.com.br\/ff99a69a-cc16-4faa-b3aa-970cf0a845bd\/\",\"url\":\"https:\/\/mensagensdobem.com.br\/ff99a69a-cc16-4faa-b3aa-970cf0a845bd\/\",\"name\":\"Vaga de Vendedor(a) Balconista: Sal\u00e1rio Fixo, Comiss\u00e3o e Benef\u00edcios CLT - MDB\",\"isPartOf\":{\"@id\":\"https:\/\/mensagensdobem.com.br\/#website\"},\"datePublished\":\"2026-03-18T05:49:00+00:00\",\"dateModified\":\"2026-03-18T05:49:55+00:00\",\"author\":{\"@id\":\"https:\/\/mensagensdobem.com.br\/#\/schema\/person\/d52888235fd6563bd07d97185d6a61e4\"},\"breadcrumb\":{\"@id\":\"https:\/\/mensagensdobem.com.br\/ff99a69a-cc16-4faa-b3aa-970cf0a845bd\/#breadcrumb\"},\"inLanguage\":\"de-DE\",\"potentialAction\":[{\"@type\":\"ReadAction\",\"target\":[\"https:\/\/mensagensdobem.com.br\/ff99a69a-cc16-4faa-b3aa-970cf0a845bd\/\"]}]},{\"@type\":\"BreadcrumbList\",\"@id\":\"https:\/\/mensagensdobem.com.br\/ff99a69a-cc16-4faa-b3aa-970cf0a845bd\/#breadcrumb\",\"itemListElement\":[{\"@type\":\"ListItem\",\"position\":1,\"name\":\"Home\",\"item\":\"https:\/\/mensagensdobem.com.br\/\"},{\"@type\":\"ListItem\",\"position\":2,\"name\":\"Vaga de Vendedor(a) Balconista: Sal\u00e1rio Fixo, Comiss\u00e3o e Benef\u00edcios CLT\"}]},{\"@type\":\"WebSite\",\"@id\":\"https:\/\/mensagensdobem.com.br\/#website\",\"url\":\"https:\/\/mensagensdobem.com.br\/\",\"name\":\"MDB\",\"description\":\"\",\"potentialAction\":[{\"@type\":\"SearchAction\",\"target\":{\"@type\":\"EntryPoint\",\"urlTemplate\":\"https:\/\/mensagensdobem.com.br\/?s={search_term_string}\"},\"query-input\":\"required name=search_term_string\"}],\"inLanguage\":\"de-DE\"},{\"@type\":\"Person\",\"@id\":\"https:\/\/mensagensdobem.com.br\/#\/schema\/person\/d52888235fd6563bd07d97185d6a61e4\",\"name\":\"Bruno Gianni\",\"image\":{\"@type\":\"ImageObject\",\"inLanguage\":\"de-DE\",\"@id\":\"https:\/\/mensagensdobem.com.br\/#\/schema\/person\/image\/\",\"url\":\"https:\/\/secure.gravatar.com\/avatar\/0f5d42d7bf77874643c1478932860e3f?s=96&d=mm&r=g\",\"contentUrl\":\"https:\/\/secure.gravatar.com\/avatar\/0f5d42d7bf77874643c1478932860e3f?s=96&d=mm&r=g\",\"caption\":\"Bruno Gianni\"},\"description\":\"Bruno writes the way he lives, with curiosity, care, and respect for people. He likes to observe, listen, and try to understand what is happening on the other side before putting any words on the page.For him, writing is not about impressing, but about getting closer. It is about turning thoughts into something simple, clear, and real. Every text is an ongoing conversation, created with care and honesty, with the sincere intention of touching someone, somewhere along the way.\",\"url\":\"https:\/\/mensagensdobem.com.br\/de\/author\/bcgianni\/\"}]}<\/script>\n<!-- \/ Yoast SEO plugin. -->","yoast_head_json":{"title":"Vaga de Vendedor(a) Balconista: Sal\u00e1rio Fixo, Comiss\u00e3o e Benef\u00edcios CLT - MDB","robots":{"index":"index","follow":"follow","max-snippet":"max-snippet:-1","max-image-preview":"max-image-preview:large","max-video-preview":"max-video-preview:-1"},"canonical":"https:\/\/mensagensdobem.com.br\/de\/ff99a69a-cc16-4faa-b3aa-970cf0a845bd\/","og_locale":"de_DE","og_type":"article","og_title":"Vaga de Vendedor(a) Balconista: Sal\u00e1rio Fixo, Comiss\u00e3o e Benef\u00edcios CLT - MDB","og_description":"Oportunidade para Vendedora Balconista com sal\u00e1rio fixo, comiss\u00e3o por vendas e benef\u00edcios CLT. Veja pontos positivos e negativos e saiba se a vaga \u00e9 ideal para voc\u00ea.","og_url":"https:\/\/mensagensdobem.com.br\/de\/ff99a69a-cc16-4faa-b3aa-970cf0a845bd\/","og_site_name":"MDB","article_published_time":"2026-03-18T05:49:00+00:00","article_modified_time":"2026-03-18T05:49:55+00:00","author":"Bruno Gianni","twitter_card":"summary_large_image","twitter_misc":{"Written by":"Bruno Gianni","Est. reading time":"3 Minuten"},"schema":{"@context":"https:\/\/schema.org","@graph":[{"@type":"WebPage","@id":"https:\/\/mensagensdobem.com.br\/ff99a69a-cc16-4faa-b3aa-970cf0a845bd\/","url":"https:\/\/mensagensdobem.com.br\/ff99a69a-cc16-4faa-b3aa-970cf0a845bd\/","name":"Vaga de Vendedor(a) Balconista: Sal\u00e1rio Fixo, Comiss\u00e3o e Benef\u00edcios CLT - MDB","isPartOf":{"@id":"https:\/\/mensagensdobem.com.br\/#website"},"datePublished":"2026-03-18T05:49:00+00:00","dateModified":"2026-03-18T05:49:55+00:00","author":{"@id":"https:\/\/mensagensdobem.com.br\/#\/schema\/person\/d52888235fd6563bd07d97185d6a61e4"},"breadcrumb":{"@id":"https:\/\/mensagensdobem.com.br\/ff99a69a-cc16-4faa-b3aa-970cf0a845bd\/#breadcrumb"},"inLanguage":"de-DE","potentialAction":[{"@type":"ReadAction","target":["https:\/\/mensagensdobem.com.br\/ff99a69a-cc16-4faa-b3aa-970cf0a845bd\/"]}]},{"@type":"BreadcrumbList","@id":"https:\/\/mensagensdobem.com.br\/ff99a69a-cc16-4faa-b3aa-970cf0a845bd\/#breadcrumb","itemListElement":[{"@type":"ListItem","position":1,"name":"Home","item":"https:\/\/mensagensdobem.com.br\/"},{"@type":"ListItem","position":2,"name":"Vaga de Vendedor(a) Balconista: Sal\u00e1rio Fixo, Comiss\u00e3o e Benef\u00edcios CLT"}]},{"@type":"WebSite","@id":"https:\/\/mensagensdobem.com.br\/#website","url":"https:\/\/mensagensdobem.com.br\/","name":"MDB","description":"","potentialAction":[{"@type":"SearchAction","target":{"@type":"EntryPoint","urlTemplate":"https:\/\/mensagensdobem.com.br\/?s={search_term_string}"},"query-input":"required name=search_term_string"}],"inLanguage":"de-DE"},{"@type":"Person","@id":"https:\/\/mensagensdobem.com.br\/#\/schema\/person\/d52888235fd6563bd07d97185d6a61e4","name":"Bruno Gianni","image":{"@type":"ImageObject","inLanguage":"de-DE","@id":"https:\/\/mensagensdobem.com.br\/#\/schema\/person\/image\/","url":"https:\/\/secure.gravatar.com\/avatar\/0f5d42d7bf77874643c1478932860e3f?s=96&d=mm&r=g","contentUrl":"https:\/\/secure.gravatar.com\/avatar\/0f5d42d7bf77874643c1478932860e3f?s=96&d=mm&r=g","caption":"Bruno Gianni"},"description":"Bruno writes the way he lives, with curiosity, care, and respect for people. He likes to observe, listen, and try to understand what is happening on the other side before putting any words on the page.For him, writing is not about impressing, but about getting closer. It is about turning thoughts into something simple, clear, and real. Every text is an ongoing conversation, created with care and honesty, with the sincere intention of touching someone, somewhere along the way.","url":"https:\/\/mensagensdobem.com.br\/de\/author\/bcgianni\/"}]}},"_links":{"self":[{"href":"https:\/\/mensagensdobem.com.br\/de\/wp-json\/wp\/v2\/posts\/24683"}],"collection":[{"href":"https:\/\/mensagensdobem.com.br\/de\/wp-json\/wp\/v2\/posts"}],"about":[{"href":"https:\/\/mensagensdobem.com.br\/de\/wp-json\/wp\/v2\/types\/post"}],"author":[{"embeddable":true,"href":"https:\/\/mensagensdobem.com.br\/de\/wp-json\/wp\/v2\/users\/3"}],"replies":[{"embeddable":true,"href":"https:\/\/mensagensdobem.com.br\/de\/wp-json\/wp\/v2\/comments?post=24683"}],"version-history":[{"count":1,"href":"https:\/\/mensagensdobem.com.br\/de\/wp-json\/wp\/v2\/posts\/24683\/revisions"}],"predecessor-version":[{"id":24691,"href":"https:\/\/mensagensdobem.com.br\/de\/wp-json\/wp\/v2\/posts\/24683\/revisions\/24691"}],"wp:attachment":[{"href":"https:\/\/mensagensdobem.com.br\/de\/wp-json\/wp\/v2\/media?parent=24683"}],"wp:term":[{"taxonomy":"category","embeddable":true,"href":"https:\/\/mensagensdobem.com.br\/de\/wp-json\/wp\/v2\/categories?post=24683"},{"taxonomy":"post_tag","embeddable":true,"href":"https:\/\/mensagensdobem.com.br\/de\/wp-json\/wp\/v2\/tags?post=24683"}],"curies":[{"name":"wp","href":"https:\/\/api.w.org\/{rel}","templated":true}]}}