{"id":26008,"date":"2026-03-31T15:37:00","date_gmt":"2026-03-31T15:37:00","guid":{"rendered":"https:\/\/mensagensdobem.com.br\/97cbc7b2-e9f0-4608-a4b8-e61667c3453b\/"},"modified":"2026-03-31T15:37:58","modified_gmt":"2026-03-31T15:37:58","slug":"97cbc7b2-e9f0-4608-a4b8-e61667c3453b","status":"publish","type":"post","link":"https:\/\/mensagensdobem.com.br\/de\/97cbc7b2-e9f0-4608-a4b8-e61667c3453b\/","title":{"rendered":"Vaga Vendedor Balconista: CLT, Benef\u00edcios e Crescimento em Loja F\u00edsica"},"content":{"rendered":"<div class=\"mx-5 sm:mx-0 prose text-left mb-5\">\n<\/p>\n<div style=\"background: #ffffff; border-radius: 12px; box-shadow: 0 10px 30px rgba(0, 0, 0, 0.1); width: 100%; max-width: 340px; padding: 25px; transition: transform 0.3s ease-in-out; overflow: visible; display: flex; flex-direction: column; position: relative; border: 1px solid #28a745; margin-top: 70px; margin-bottom: 50px; margin-left: auto; margin-right: auto;\">\n<div style=\"position: absolute; top: -35px; right: 15px; color: #28a745; padding: 5px 10px; border-radius: 6px; font-size: 14px; font-weight: bold; display: flex; align-items: center; z-index: 10;\">F\u00fcr Sie empfohlen<\/div>\n<div data-namespace-header=\"\" style=\"\">\n<h3 data-namespace-title=\"\" style=\"color: #333; font-size: 20px; font-weight: bold; text-align: left; margin-right: 50px; min-height: 50px; margin-top: 0px;\">Verk\u00e4ufer\/Thekenangestellter<\/h3>\n<\/p><\/div>\n<p data-namespace-prompt=\"\" style=\"font-size: 16px; color: #666; margin-bottom: 20px; line-height: 1.5; flex-grow: 1; text-align: left; margin-top: 0px;\">Atendimento presencial, vendas, controle de estoque, opera\u00e7\u00e3o de caixa, benef\u00edcios atrativos. Vaga CLT para quem busca crescimento e estabilidade.<\/p>\n<p>    <a data-namespace-url=\"\" href=\"https:\/\/mensagensdobem.com.br\/de\/redirect\/?https:\/\/www.catho.com.br\/vagas\/vendedor-balconista\/34975063\/?utm_campaign=google_jobs_apply&#038;utm_source=google_jobs_apply&#038;utm_medium=organic\" style=\"width: 100%; display: inline-block; color: white; text-decoration: none; border-radius: 6px; font-size: 16px; font-weight: bold; text-align: center; transition: transform 0.3s ease, background 0.3s ease; margin-top: auto;\" data-namespace-id=\"5c0d2565-3ba9-4280-a382-ad2a691e2285\"><br \/>\n        <button style=\"width: 100%; height: 55px; background: #e9e9ed; border: 1px solid black; color: black;\">Bewerben Sie sich f\u00fcr die Stelle<\/button><br \/>\n    <\/a><br \/>\n    <small style=\"margin-top: 10px; color: #777; font-size: 12px; text-align: center; display: block;\">Sie werden auf eine andere Website weitergeleitet<\/small>\n<\/div>\n<p>Buscar uma vaga de Vendedor Balconista \u00e9 uma escolha interessante para quem deseja atuaro no varejo, com possibilidades de aprendizado cont\u00ednuo. Este an\u00fancio se destaca pelo regime CLT, permitindo benef\u00edcios como assist\u00eancia m\u00e9dica e vales alimenta\u00e7\u00e3o e refei\u00e7\u00e3o. A contrata\u00e7\u00e3o efetiva atrai candidatos que procuram seguran\u00e7a e potencial de desenvolvimento profissional, mesmo sem mencionarem o sal\u00e1rio na descri\u00e7\u00e3o.<\/p>\n<h2>Rotina do Vendedor Balconista<\/h2>\n<p>O dia a dia inclui o atendimento ao cliente no balc\u00e3o, resolu\u00e7\u00e3o de d\u00favidas sobre produtos e processos e, tamb\u00e9m, a realiza\u00e7\u00e3o de vendas.<\/p>\n<p>Faz parte tamb\u00e9m operar equipamentos para personaliza\u00e7\u00e3o de produtos, organizar a loja e manter o controle de estoque atualizado.<\/p>\n<p>Al\u00e9m disso, \u00e9 respons\u00e1vel por abrir e fechar o estabelecimento, com confer\u00eancia de caixa e apoio \u00e0 reposi\u00e7\u00e3o de mercadorias.<\/p>\n<p>Manter a loja sempre organizada e visualmente atraente faz parte das tarefas, assim como apoiar campanhas comerciais.<\/p>\n<p>A atua\u00e7\u00e3o \u00e9 presencial, exigindo bom relacionamento interpessoal e foco em resultados de vendas e experi\u00eancia do cliente.<\/p>\n<h2>Positive Aspekte der Position<\/h2>\n<p>A vaga oferece benef\u00edcios importantes, incluindo assist\u00eancia m\u00e9dica e vales, fundamentais para qualidade de vida e satisfa\u00e7\u00e3o no trabalho.<\/p>\n<p>O ambiente de loja f\u00edsica proporciona oportunidade de aprender sobre atendimento, vendas e controle de estoque, qualificando mais o curr\u00edculo.<\/p>\n<h2>Wichtige Punkte<\/h2>\n<p>Algumas fun\u00e7\u00f5es exigem conhecimento no Pacote Office e facilidade com m\u00e1quinas de personaliza\u00e7\u00e3o, o que pode ser um desafio para quem n\u00e3o tem essa experi\u00eancia.<\/p>\n<p>Al\u00e9m disso, como a vaga n\u00e3o menciona sal\u00e1rio, \u00e9 importante alinhar expectativas no contato inicial com a empresa.<\/p>\n<h2>Endg\u00fcltiges Urteil<\/h2>\n<p>A oportunidade para Vendedor Balconista \u00e9 atraente a quem valoriza estabilidade e ambiente colaborativo. O pacote de benef\u00edcios garante diferenciais relevantes e a possibilidade de crescimento profissional faz desta uma vaga com \u00f3timo potencial.<\/p>\n<div style=\"background: #ffffff; border-radius: 12px; box-shadow: 0 10px 30px rgba(0, 0, 0, 0.1); width: 100%; max-width: 340px; padding: 25px; transition: transform 0.3s ease-in-out; overflow: visible; display: flex; flex-direction: column; position: relative; border: 1px solid #28a745; margin-top: 70px; margin-bottom: 50px; margin-left: auto; margin-right: auto;\">\n<div style=\"position: absolute; top: -35px; right: 15px; color: #28a745; padding: 5px 10px; border-radius: 6px; font-size: 14px; font-weight: bold; display: flex; align-items: center; z-index: 10;\">F\u00fcr Sie empfohlen<\/div>\n<div data-namespace-header=\"\" style=\"\">\n<h3 data-namespace-title=\"\" style=\"color: #333; font-size: 20px; font-weight: bold; text-align: left; margin-right: 50px; min-height: 50px; margin-top: 0px;\">Verk\u00e4ufer\/Thekenangestellter<\/h3>\n<\/p><\/div>\n<p data-namespace-prompt=\"\" style=\"font-size: 16px; color: #666; margin-bottom: 20px; line-height: 1.5; flex-grow: 1; text-align: left; margin-top: 0px;\">Atendimento presencial, vendas, controle de estoque, opera\u00e7\u00e3o de caixa, benef\u00edcios atrativos. Vaga CLT para quem busca crescimento e estabilidade.<\/p>\n<p>    <a data-namespace-url=\"\" href=\"https:\/\/mensagensdobem.com.br\/de\/redirect\/?https:\/\/www.catho.com.br\/vagas\/vendedor-balconista\/34975063\/?utm_campaign=google_jobs_apply&#038;utm_source=google_jobs_apply&#038;utm_medium=organic\" style=\"width: 100%; display: inline-block; color: white; text-decoration: none; border-radius: 6px; font-size: 16px; font-weight: bold; text-align: center; transition: transform 0.3s ease, background 0.3s ease; margin-top: auto;\" data-namespace-id=\"5c0d2565-3ba9-4280-a382-ad2a691e2285\"><br \/>\n        <button style=\"width: 100%; height: 55px; background: #e9e9ed; border: 1px solid black; color: black;\">Bewerben Sie sich f\u00fcr die Stelle<\/button><br \/>\n    <\/a><br \/>\n    <small style=\"margin-top: 10px; color: #777; font-size: 12px; text-align: center; display: block;\">Sie werden auf eine andere Website weitergeleitet<\/small>\n<\/div>\n<\/div>","protected":false},"excerpt":{"rendered":"<p>Est\u00e1 buscando vaga de Vendedor Balconista? Confira os benef\u00edcios, possibilidades de crescimento e tudo o que voc\u00ea precisa saber nesta an\u00e1lise exclusiva.<\/p>","protected":false},"author":3,"featured_media":0,"comment_status":"open","ping_status":"open","sticky":false,"template":"","format":"standard","meta":{"footnotes":""},"categories":[8],"tags":[],"yoast_head":"<!-- This site is optimized with the Yoast SEO plugin v23.3 - https:\/\/yoast.com\/wordpress\/plugins\/seo\/ -->\n<title>Vaga Vendedor Balconista: CLT, Benef\u00edcios e Crescimento em Loja F\u00edsica - MDB<\/title>\n<meta name=\"robots\" content=\"index, follow, max-snippet:-1, max-image-preview:large, max-video-preview:-1\" \/>\n<link rel=\"canonical\" href=\"https:\/\/mensagensdobem.com.br\/de\/97cbc7b2-e9f0-4608-a4b8-e61667c3453b\/\" \/>\n<meta property=\"og:locale\" content=\"de_DE\" \/>\n<meta property=\"og:type\" content=\"article\" \/>\n<meta property=\"og:title\" content=\"Vaga Vendedor Balconista: CLT, Benef\u00edcios e Crescimento em Loja F\u00edsica - MDB\" \/>\n<meta property=\"og:description\" content=\"Est\u00e1 buscando vaga de Vendedor Balconista? Confira os benef\u00edcios, possibilidades de crescimento e tudo o que voc\u00ea precisa saber nesta an\u00e1lise exclusiva.\" \/>\n<meta property=\"og:url\" content=\"https:\/\/mensagensdobem.com.br\/de\/97cbc7b2-e9f0-4608-a4b8-e61667c3453b\/\" \/>\n<meta property=\"og:site_name\" content=\"MDB\" \/>\n<meta property=\"article:published_time\" content=\"2026-03-31T15:37:00+00:00\" \/>\n<meta property=\"article:modified_time\" content=\"2026-03-31T15:37:58+00:00\" \/>\n<meta name=\"author\" content=\"Bruno Gianni\" \/>\n<meta name=\"twitter:card\" content=\"summary_large_image\" \/>\n<meta name=\"twitter:label1\" content=\"Written by\" \/>\n\t<meta name=\"twitter:data1\" content=\"Bruno Gianni\" \/>\n\t<meta name=\"twitter:label2\" content=\"Est. reading time\" \/>\n\t<meta name=\"twitter:data2\" content=\"2 Minuten\" \/>\n<script type=\"application\/ld+json\" class=\"yoast-schema-graph\">{\"@context\":\"https:\/\/schema.org\",\"@graph\":[{\"@type\":\"WebPage\",\"@id\":\"https:\/\/mensagensdobem.com.br\/97cbc7b2-e9f0-4608-a4b8-e61667c3453b\/\",\"url\":\"https:\/\/mensagensdobem.com.br\/97cbc7b2-e9f0-4608-a4b8-e61667c3453b\/\",\"name\":\"Vaga Vendedor Balconista: CLT, Benef\u00edcios e Crescimento em Loja F\u00edsica - MDB\",\"isPartOf\":{\"@id\":\"https:\/\/mensagensdobem.com.br\/#website\"},\"datePublished\":\"2026-03-31T15:37:00+00:00\",\"dateModified\":\"2026-03-31T15:37:58+00:00\",\"author\":{\"@id\":\"https:\/\/mensagensdobem.com.br\/#\/schema\/person\/d52888235fd6563bd07d97185d6a61e4\"},\"breadcrumb\":{\"@id\":\"https:\/\/mensagensdobem.com.br\/97cbc7b2-e9f0-4608-a4b8-e61667c3453b\/#breadcrumb\"},\"inLanguage\":\"de-DE\",\"potentialAction\":[{\"@type\":\"ReadAction\",\"target\":[\"https:\/\/mensagensdobem.com.br\/97cbc7b2-e9f0-4608-a4b8-e61667c3453b\/\"]}]},{\"@type\":\"BreadcrumbList\",\"@id\":\"https:\/\/mensagensdobem.com.br\/97cbc7b2-e9f0-4608-a4b8-e61667c3453b\/#breadcrumb\",\"itemListElement\":[{\"@type\":\"ListItem\",\"position\":1,\"name\":\"Home\",\"item\":\"https:\/\/mensagensdobem.com.br\/\"},{\"@type\":\"ListItem\",\"position\":2,\"name\":\"Vaga Vendedor Balconista: CLT, Benef\u00edcios e Crescimento em Loja F\u00edsica\"}]},{\"@type\":\"WebSite\",\"@id\":\"https:\/\/mensagensdobem.com.br\/#website\",\"url\":\"https:\/\/mensagensdobem.com.br\/\",\"name\":\"MDB\",\"description\":\"\",\"potentialAction\":[{\"@type\":\"SearchAction\",\"target\":{\"@type\":\"EntryPoint\",\"urlTemplate\":\"https:\/\/mensagensdobem.com.br\/?s={search_term_string}\"},\"query-input\":\"required name=search_term_string\"}],\"inLanguage\":\"de-DE\"},{\"@type\":\"Person\",\"@id\":\"https:\/\/mensagensdobem.com.br\/#\/schema\/person\/d52888235fd6563bd07d97185d6a61e4\",\"name\":\"Bruno Gianni\",\"image\":{\"@type\":\"ImageObject\",\"inLanguage\":\"de-DE\",\"@id\":\"https:\/\/mensagensdobem.com.br\/#\/schema\/person\/image\/\",\"url\":\"https:\/\/secure.gravatar.com\/avatar\/0f5d42d7bf77874643c1478932860e3f?s=96&d=mm&r=g\",\"contentUrl\":\"https:\/\/secure.gravatar.com\/avatar\/0f5d42d7bf77874643c1478932860e3f?s=96&d=mm&r=g\",\"caption\":\"Bruno Gianni\"},\"description\":\"Bruno writes the way he lives, with curiosity, care, and respect for people. He likes to observe, listen, and try to understand what is happening on the other side before putting any words on the page.For him, writing is not about impressing, but about getting closer. It is about turning thoughts into something simple, clear, and real. Every text is an ongoing conversation, created with care and honesty, with the sincere intention of touching someone, somewhere along the way.\",\"url\":\"https:\/\/mensagensdobem.com.br\/de\/author\/bcgianni\/\"}]}<\/script>\n<!-- \/ Yoast SEO plugin. -->","yoast_head_json":{"title":"Vaga Vendedor Balconista: CLT, Benef\u00edcios e Crescimento em Loja F\u00edsica - MDB","robots":{"index":"index","follow":"follow","max-snippet":"max-snippet:-1","max-image-preview":"max-image-preview:large","max-video-preview":"max-video-preview:-1"},"canonical":"https:\/\/mensagensdobem.com.br\/de\/97cbc7b2-e9f0-4608-a4b8-e61667c3453b\/","og_locale":"de_DE","og_type":"article","og_title":"Vaga Vendedor Balconista: CLT, Benef\u00edcios e Crescimento em Loja F\u00edsica - MDB","og_description":"Est\u00e1 buscando vaga de Vendedor Balconista? Confira os benef\u00edcios, possibilidades de crescimento e tudo o que voc\u00ea precisa saber nesta an\u00e1lise exclusiva.","og_url":"https:\/\/mensagensdobem.com.br\/de\/97cbc7b2-e9f0-4608-a4b8-e61667c3453b\/","og_site_name":"MDB","article_published_time":"2026-03-31T15:37:00+00:00","article_modified_time":"2026-03-31T15:37:58+00:00","author":"Bruno Gianni","twitter_card":"summary_large_image","twitter_misc":{"Written by":"Bruno Gianni","Est. reading time":"2 Minuten"},"schema":{"@context":"https:\/\/schema.org","@graph":[{"@type":"WebPage","@id":"https:\/\/mensagensdobem.com.br\/97cbc7b2-e9f0-4608-a4b8-e61667c3453b\/","url":"https:\/\/mensagensdobem.com.br\/97cbc7b2-e9f0-4608-a4b8-e61667c3453b\/","name":"Vaga Vendedor Balconista: CLT, Benef\u00edcios e Crescimento em Loja F\u00edsica - MDB","isPartOf":{"@id":"https:\/\/mensagensdobem.com.br\/#website"},"datePublished":"2026-03-31T15:37:00+00:00","dateModified":"2026-03-31T15:37:58+00:00","author":{"@id":"https:\/\/mensagensdobem.com.br\/#\/schema\/person\/d52888235fd6563bd07d97185d6a61e4"},"breadcrumb":{"@id":"https:\/\/mensagensdobem.com.br\/97cbc7b2-e9f0-4608-a4b8-e61667c3453b\/#breadcrumb"},"inLanguage":"de-DE","potentialAction":[{"@type":"ReadAction","target":["https:\/\/mensagensdobem.com.br\/97cbc7b2-e9f0-4608-a4b8-e61667c3453b\/"]}]},{"@type":"BreadcrumbList","@id":"https:\/\/mensagensdobem.com.br\/97cbc7b2-e9f0-4608-a4b8-e61667c3453b\/#breadcrumb","itemListElement":[{"@type":"ListItem","position":1,"name":"Home","item":"https:\/\/mensagensdobem.com.br\/"},{"@type":"ListItem","position":2,"name":"Vaga Vendedor Balconista: CLT, Benef\u00edcios e Crescimento em Loja F\u00edsica"}]},{"@type":"WebSite","@id":"https:\/\/mensagensdobem.com.br\/#website","url":"https:\/\/mensagensdobem.com.br\/","name":"MDB","description":"","potentialAction":[{"@type":"SearchAction","target":{"@type":"EntryPoint","urlTemplate":"https:\/\/mensagensdobem.com.br\/?s={search_term_string}"},"query-input":"required name=search_term_string"}],"inLanguage":"de-DE"},{"@type":"Person","@id":"https:\/\/mensagensdobem.com.br\/#\/schema\/person\/d52888235fd6563bd07d97185d6a61e4","name":"Bruno Gianni","image":{"@type":"ImageObject","inLanguage":"de-DE","@id":"https:\/\/mensagensdobem.com.br\/#\/schema\/person\/image\/","url":"https:\/\/secure.gravatar.com\/avatar\/0f5d42d7bf77874643c1478932860e3f?s=96&d=mm&r=g","contentUrl":"https:\/\/secure.gravatar.com\/avatar\/0f5d42d7bf77874643c1478932860e3f?s=96&d=mm&r=g","caption":"Bruno Gianni"},"description":"Bruno writes the way he lives, with curiosity, care, and respect for people. He likes to observe, listen, and try to understand what is happening on the other side before putting any words on the page.For him, writing is not about impressing, but about getting closer. It is about turning thoughts into something simple, clear, and real. Every text is an ongoing conversation, created with care and honesty, with the sincere intention of touching someone, somewhere along the way.","url":"https:\/\/mensagensdobem.com.br\/de\/author\/bcgianni\/"}]}},"_links":{"self":[{"href":"https:\/\/mensagensdobem.com.br\/de\/wp-json\/wp\/v2\/posts\/26008"}],"collection":[{"href":"https:\/\/mensagensdobem.com.br\/de\/wp-json\/wp\/v2\/posts"}],"about":[{"href":"https:\/\/mensagensdobem.com.br\/de\/wp-json\/wp\/v2\/types\/post"}],"author":[{"embeddable":true,"href":"https:\/\/mensagensdobem.com.br\/de\/wp-json\/wp\/v2\/users\/3"}],"replies":[{"embeddable":true,"href":"https:\/\/mensagensdobem.com.br\/de\/wp-json\/wp\/v2\/comments?post=26008"}],"version-history":[{"count":1,"href":"https:\/\/mensagensdobem.com.br\/de\/wp-json\/wp\/v2\/posts\/26008\/revisions"}],"predecessor-version":[{"id":26013,"href":"https:\/\/mensagensdobem.com.br\/de\/wp-json\/wp\/v2\/posts\/26008\/revisions\/26013"}],"wp:attachment":[{"href":"https:\/\/mensagensdobem.com.br\/de\/wp-json\/wp\/v2\/media?parent=26008"}],"wp:term":[{"taxonomy":"category","embeddable":true,"href":"https:\/\/mensagensdobem.com.br\/de\/wp-json\/wp\/v2\/categories?post=26008"},{"taxonomy":"post_tag","embeddable":true,"href":"https:\/\/mensagensdobem.com.br\/de\/wp-json\/wp\/v2\/tags?post=26008"}],"curies":[{"name":"wp","href":"https:\/\/api.w.org\/{rel}","templated":true}]}}