{"id":25835,"date":"2026-03-31T08:20:00","date_gmt":"2026-03-31T08:20:00","guid":{"rendered":"https:\/\/mensagensdobem.com.br\/1cd68e69-0701-448c-a7d3-93a9bbd3b57b\/"},"modified":"2026-03-31T08:20:34","modified_gmt":"2026-03-31T08:20:34","slug":"1cd68e69-0701-448c-a7d3-93a9bbd3b57b","status":"publish","type":"post","link":"https:\/\/mensagensdobem.com.br\/es\/1cd68e69-0701-448c-a7d3-93a9bbd3b57b\/","title":{"rendered":"Vaga de Vendedor Interno: Sal\u00e1rio, benef\u00edcios e destaque na carreira"},"content":{"rendered":"<div class=\"mx-5 sm:mx-0 prose text-left mb-5\">\n<\/p>\n<div style=\"background: #ffffff; border-radius: 12px; box-shadow: 0 10px 30px rgba(0, 0, 0, 0.1); width: 100%; max-width: 340px; padding: 25px; transition: transform 0.3s ease-in-out; overflow: visible; display: flex; flex-direction: column; position: relative; border: 1px solid #28a745; margin-top: 70px; margin-bottom: 50px; margin-left: auto; margin-right: auto;\">\n<div style=\"position: absolute; top: -35px; right: 15px; color: #28a745; padding: 5px 10px; border-radius: 6px; font-size: 14px; font-weight: bold; display: flex; align-items: center; z-index: 10;\">Recomendado para ti<\/div>\n<div data-namespace-header=\"\" style=\"\">\n<h3 data-namespace-title=\"\" style=\"color: #333; font-size: 20px; font-weight: bold; text-align: left; margin-right: 50px; min-height: 50px; margin-top: 0px;\">Representante de ventas internas<\/h3>\n<\/p><\/div>\n<p data-namespace-prompt=\"\" style=\"font-size: 16px; color: #666; margin-bottom: 20px; line-height: 1.5; flex-grow: 1; text-align: left; margin-top: 0px;\">Sal\u00e1rio atrativo de R$2.100 mensais, benef\u00edcios s\u00f3lidos e ambiente presencial. \u00d3tima chance de iniciar carreira comercial com destaque ao candidato engajado.<\/p>\n<p>    <a data-namespace-url=\"\" href=\"https:\/\/mensagensdobem.com.br\/es\/redirect\/?https:\/\/www.bne.com.br\/vaga-de-emprego-na-area-comercio-em-sao-paulo-sp\/vendedor-interno\/5667726?utm_campaign=google_jobs_apply&#038;utm_source=google_jobs_apply&#038;utm_medium=organic\" style=\"width: 100%; display: inline-block; color: white; text-decoration: none; border-radius: 6px; font-size: 16px; font-weight: bold; text-align: center; transition: transform 0.3s ease, background 0.3s ease; margin-top: auto;\" data-namespace-id=\"5c0d2565-3ba9-4280-a382-ad2a691e2285\"><br \/>\n        <button style=\"width: 100%; height: 55px; background: #e9e9ed; border: 1px solid black; color: black;\">Solicitar el empleo<\/button><br \/>\n    <\/a><br \/>\n    <small style=\"margin-top: 10px; color: #777; font-size: 12px; text-align: center; display: block;\">Ser\u00e1s redirigido a otro sitio web.<\/small>\n<\/div>\n<h2>O Dia a Dia como Vendedor Interno<\/h2>\n<p>Como vendedor interno, sua rotina foca no atendimento ao cliente de forma presencial, por telefone e canais online, sempre visando esclarecimento de d\u00favidas e vendas consultivas.<\/p>\n<p>Emitir or\u00e7amentos, registrar pedidos e acompanhar o p\u00f3s-venda s\u00e3o parte fundamental das tarefas di\u00e1rias, promovendo relacionamento s\u00f3lido com a clientela da empresa.<\/p>\n<p>Al\u00e9m disso, espera-se participa\u00e7\u00e3o ativa em treinamentos internos, reuni\u00f5es peri\u00f3dicas e atualiza\u00e7\u00e3o constante de dados no sistema de vendas CRM.<\/p>\n<p>Organizar e apresentar os produtos no ponto de venda potencializa sua performance e contribui para os resultados da equipe comercial.<\/p>\n<p>Outra atividade importante \u00e9 buscar novas oportunidades de neg\u00f3cios, gerindo a carteira de clientes e apoiando na capta\u00e7\u00e3o de novos consumidores.<\/p>\n<h2>Vantagens em se candidatar<\/h2>\n<p>Um dos principais diferenciais para quem ingressa nesta vaga \u00e9 o pacote de benef\u00edcios completo, incluindo vale-transporte, alimenta\u00e7\u00e3o flex\u00edvel e assist\u00eancia m\u00e9dica de qualidade.<\/p>\n<p>A bonifica\u00e7\u00e3o por assiduidade e descontos exclusivos em produtos da empresa s\u00e3o pontos que tornam a remunera\u00e7\u00e3o ainda mais interessante e competitiva.<\/p>\n<h2>Puntos claves a considerar para el puesto.<\/h2>\n<p>A rotina pode ser exigente, com demanda por atualiza\u00e7\u00e3o constante em sistemas e participa\u00e7\u00e3o em diversas reuni\u00f5es, o que pode n\u00e3o agradar quem prefere um dia a dia mais previs\u00edvel.<\/p>\n<p>Por se tratar de um ambiente presencial, flexibilidade para home office n\u00e3o \u00e9 oferecida, o que \u00e9 uma considera\u00e7\u00e3o importante a ser feita por alguns profissionais.<\/p>\n<h2>Veredicto final<\/h2>\n<p>Esta vaga \u00e9 excelente para quem busca uma carreira comercial estruturada, com sal\u00e1rio atrativo, ambiente din\u00e2mico e ampla oportunidade de crescimento na \u00e1rea de vendas.<\/p>\n<p>Candidatos com perfil comunicativo, proatividade e desejo de se destacar no mercado ter\u00e3o espa\u00e7o para evoluir de forma consistente neste cargo.<\/p>\n<\/p>\n<\/p>\n<div style=\"background: #ffffff; border-radius: 12px; box-shadow: 0 10px 30px rgba(0, 0, 0, 0.1); width: 100%; max-width: 340px; padding: 25px; transition: transform 0.3s ease-in-out; overflow: visible; display: flex; flex-direction: column; position: relative; border: 1px solid #28a745; margin-top: 70px; margin-bottom: 50px; margin-left: auto; margin-right: auto;\">\n<div style=\"position: absolute; top: -35px; right: 15px; color: #28a745; padding: 5px 10px; border-radius: 6px; font-size: 14px; font-weight: bold; display: flex; align-items: center; z-index: 10;\">Recomendado para ti<\/div>\n<div data-namespace-header=\"\" style=\"\">\n<h3 data-namespace-title=\"\" style=\"color: #333; font-size: 20px; font-weight: bold; text-align: left; margin-right: 50px; min-height: 50px; margin-top: 0px;\">Representante de ventas internas<\/h3>\n<\/p><\/div>\n<p data-namespace-prompt=\"\" style=\"font-size: 16px; color: #666; margin-bottom: 20px; line-height: 1.5; flex-grow: 1; text-align: left; margin-top: 0px;\">Sal\u00e1rio atrativo de R$2.100 mensais, benef\u00edcios s\u00f3lidos e ambiente presencial. \u00d3tima chance de iniciar carreira comercial com destaque ao candidato engajado.<\/p>\n<p>    <a data-namespace-url=\"\" href=\"https:\/\/mensagensdobem.com.br\/es\/redirect\/?https:\/\/www.bne.com.br\/vaga-de-emprego-na-area-comercio-em-sao-paulo-sp\/vendedor-interno\/5667726?utm_campaign=google_jobs_apply&#038;utm_source=google_jobs_apply&#038;utm_medium=organic\" style=\"width: 100%; display: inline-block; color: white; text-decoration: none; border-radius: 6px; font-size: 16px; font-weight: bold; text-align: center; transition: transform 0.3s ease, background 0.3s ease; margin-top: auto;\" data-namespace-id=\"5c0d2565-3ba9-4280-a382-ad2a691e2285\"><br \/>\n        <button style=\"width: 100%; height: 55px; background: #e9e9ed; border: 1px solid black; color: black;\">Solicitar el empleo<\/button><br \/>\n    <\/a><br \/>\n    <small style=\"margin-top: 10px; color: #777; font-size: 12px; text-align: center; display: block;\">Ser\u00e1s redirigido a otro sitio web.<\/small>\n<\/div>\n<\/div>","protected":false},"excerpt":{"rendered":"<p>A vaga de Vendedor Interno oferece sal\u00e1rio competitivo, \u00f3timos benef\u00edcios e chances reais de crescimento. Veja pr\u00f3s, contras e destaque-se na sele\u00e7\u00e3o!<\/p>","protected":false},"author":3,"featured_media":0,"comment_status":"open","ping_status":"open","sticky":false,"template":"","format":"standard","meta":{"footnotes":""},"categories":[8],"tags":[],"yoast_head":"<!-- This site is optimized with the Yoast SEO plugin v23.3 - https:\/\/yoast.com\/wordpress\/plugins\/seo\/ -->\n<title>Vaga de Vendedor Interno: Sal\u00e1rio, benef\u00edcios e destaque na carreira - MDB<\/title>\n<meta name=\"robots\" content=\"index, follow, max-snippet:-1, max-image-preview:large, max-video-preview:-1\" \/>\n<link rel=\"canonical\" href=\"https:\/\/mensagensdobem.com.br\/es\/1cd68e69-0701-448c-a7d3-93a9bbd3b57b\/\" \/>\n<meta property=\"og:locale\" content=\"es_MX\" \/>\n<meta property=\"og:type\" content=\"article\" \/>\n<meta property=\"og:title\" content=\"Vaga de Vendedor Interno: Sal\u00e1rio, benef\u00edcios e destaque na carreira - MDB\" \/>\n<meta property=\"og:description\" content=\"A vaga de Vendedor Interno oferece sal\u00e1rio competitivo, \u00f3timos benef\u00edcios e chances reais de crescimento. Veja pr\u00f3s, contras e destaque-se na sele\u00e7\u00e3o!\" \/>\n<meta property=\"og:url\" content=\"https:\/\/mensagensdobem.com.br\/es\/1cd68e69-0701-448c-a7d3-93a9bbd3b57b\/\" \/>\n<meta property=\"og:site_name\" content=\"MDB\" \/>\n<meta property=\"article:published_time\" content=\"2026-03-31T08:20:00+00:00\" \/>\n<meta property=\"article:modified_time\" content=\"2026-03-31T08:20:34+00:00\" \/>\n<meta name=\"author\" content=\"Bruno Gianni\" \/>\n<meta name=\"twitter:card\" content=\"summary_large_image\" \/>\n<meta name=\"twitter:label1\" content=\"Written by\" \/>\n\t<meta name=\"twitter:data1\" content=\"Bruno Gianni\" \/>\n\t<meta name=\"twitter:label2\" content=\"Est. reading time\" \/>\n\t<meta name=\"twitter:data2\" content=\"2 minutos\" \/>\n<script type=\"application\/ld+json\" class=\"yoast-schema-graph\">{\"@context\":\"https:\/\/schema.org\",\"@graph\":[{\"@type\":\"WebPage\",\"@id\":\"https:\/\/mensagensdobem.com.br\/1cd68e69-0701-448c-a7d3-93a9bbd3b57b\/\",\"url\":\"https:\/\/mensagensdobem.com.br\/1cd68e69-0701-448c-a7d3-93a9bbd3b57b\/\",\"name\":\"Vaga de Vendedor Interno: Sal\u00e1rio, benef\u00edcios e destaque na carreira - MDB\",\"isPartOf\":{\"@id\":\"https:\/\/mensagensdobem.com.br\/#website\"},\"datePublished\":\"2026-03-31T08:20:00+00:00\",\"dateModified\":\"2026-03-31T08:20:34+00:00\",\"author\":{\"@id\":\"https:\/\/mensagensdobem.com.br\/#\/schema\/person\/d52888235fd6563bd07d97185d6a61e4\"},\"breadcrumb\":{\"@id\":\"https:\/\/mensagensdobem.com.br\/1cd68e69-0701-448c-a7d3-93a9bbd3b57b\/#breadcrumb\"},\"inLanguage\":\"es-MX\",\"potentialAction\":[{\"@type\":\"ReadAction\",\"target\":[\"https:\/\/mensagensdobem.com.br\/1cd68e69-0701-448c-a7d3-93a9bbd3b57b\/\"]}]},{\"@type\":\"BreadcrumbList\",\"@id\":\"https:\/\/mensagensdobem.com.br\/1cd68e69-0701-448c-a7d3-93a9bbd3b57b\/#breadcrumb\",\"itemListElement\":[{\"@type\":\"ListItem\",\"position\":1,\"name\":\"Home\",\"item\":\"https:\/\/mensagensdobem.com.br\/\"},{\"@type\":\"ListItem\",\"position\":2,\"name\":\"Vaga de Vendedor Interno: Sal\u00e1rio, benef\u00edcios e destaque na carreira\"}]},{\"@type\":\"WebSite\",\"@id\":\"https:\/\/mensagensdobem.com.br\/#website\",\"url\":\"https:\/\/mensagensdobem.com.br\/\",\"name\":\"MDB\",\"description\":\"\",\"potentialAction\":[{\"@type\":\"SearchAction\",\"target\":{\"@type\":\"EntryPoint\",\"urlTemplate\":\"https:\/\/mensagensdobem.com.br\/?s={search_term_string}\"},\"query-input\":\"required name=search_term_string\"}],\"inLanguage\":\"es-MX\"},{\"@type\":\"Person\",\"@id\":\"https:\/\/mensagensdobem.com.br\/#\/schema\/person\/d52888235fd6563bd07d97185d6a61e4\",\"name\":\"Bruno Gianni\",\"image\":{\"@type\":\"ImageObject\",\"inLanguage\":\"es-MX\",\"@id\":\"https:\/\/mensagensdobem.com.br\/#\/schema\/person\/image\/\",\"url\":\"https:\/\/secure.gravatar.com\/avatar\/0f5d42d7bf77874643c1478932860e3f?s=96&d=mm&r=g\",\"contentUrl\":\"https:\/\/secure.gravatar.com\/avatar\/0f5d42d7bf77874643c1478932860e3f?s=96&d=mm&r=g\",\"caption\":\"Bruno Gianni\"},\"description\":\"Bruno writes the way he lives, with curiosity, care, and respect for people. He likes to observe, listen, and try to understand what is happening on the other side before putting any words on the page.For him, writing is not about impressing, but about getting closer. It is about turning thoughts into something simple, clear, and real. Every text is an ongoing conversation, created with care and honesty, with the sincere intention of touching someone, somewhere along the way.\",\"url\":\"https:\/\/mensagensdobem.com.br\/es\/author\/bcgianni\/\"}]}<\/script>\n<!-- \/ Yoast SEO plugin. -->","yoast_head_json":{"title":"Vaga de Vendedor Interno: Sal\u00e1rio, benef\u00edcios e destaque na carreira - MDB","robots":{"index":"index","follow":"follow","max-snippet":"max-snippet:-1","max-image-preview":"max-image-preview:large","max-video-preview":"max-video-preview:-1"},"canonical":"https:\/\/mensagensdobem.com.br\/es\/1cd68e69-0701-448c-a7d3-93a9bbd3b57b\/","og_locale":"es_MX","og_type":"article","og_title":"Vaga de Vendedor Interno: Sal\u00e1rio, benef\u00edcios e destaque na carreira - MDB","og_description":"A vaga de Vendedor Interno oferece sal\u00e1rio competitivo, \u00f3timos benef\u00edcios e chances reais de crescimento. Veja pr\u00f3s, contras e destaque-se na sele\u00e7\u00e3o!","og_url":"https:\/\/mensagensdobem.com.br\/es\/1cd68e69-0701-448c-a7d3-93a9bbd3b57b\/","og_site_name":"MDB","article_published_time":"2026-03-31T08:20:00+00:00","article_modified_time":"2026-03-31T08:20:34+00:00","author":"Bruno Gianni","twitter_card":"summary_large_image","twitter_misc":{"Written by":"Bruno Gianni","Est. reading time":"2 minutos"},"schema":{"@context":"https:\/\/schema.org","@graph":[{"@type":"WebPage","@id":"https:\/\/mensagensdobem.com.br\/1cd68e69-0701-448c-a7d3-93a9bbd3b57b\/","url":"https:\/\/mensagensdobem.com.br\/1cd68e69-0701-448c-a7d3-93a9bbd3b57b\/","name":"Vaga de Vendedor Interno: Sal\u00e1rio, benef\u00edcios e destaque na carreira - MDB","isPartOf":{"@id":"https:\/\/mensagensdobem.com.br\/#website"},"datePublished":"2026-03-31T08:20:00+00:00","dateModified":"2026-03-31T08:20:34+00:00","author":{"@id":"https:\/\/mensagensdobem.com.br\/#\/schema\/person\/d52888235fd6563bd07d97185d6a61e4"},"breadcrumb":{"@id":"https:\/\/mensagensdobem.com.br\/1cd68e69-0701-448c-a7d3-93a9bbd3b57b\/#breadcrumb"},"inLanguage":"es-MX","potentialAction":[{"@type":"ReadAction","target":["https:\/\/mensagensdobem.com.br\/1cd68e69-0701-448c-a7d3-93a9bbd3b57b\/"]}]},{"@type":"BreadcrumbList","@id":"https:\/\/mensagensdobem.com.br\/1cd68e69-0701-448c-a7d3-93a9bbd3b57b\/#breadcrumb","itemListElement":[{"@type":"ListItem","position":1,"name":"Home","item":"https:\/\/mensagensdobem.com.br\/"},{"@type":"ListItem","position":2,"name":"Vaga de Vendedor Interno: Sal\u00e1rio, benef\u00edcios e destaque na carreira"}]},{"@type":"WebSite","@id":"https:\/\/mensagensdobem.com.br\/#website","url":"https:\/\/mensagensdobem.com.br\/","name":"MDB","description":"","potentialAction":[{"@type":"SearchAction","target":{"@type":"EntryPoint","urlTemplate":"https:\/\/mensagensdobem.com.br\/?s={search_term_string}"},"query-input":"required name=search_term_string"}],"inLanguage":"es-MX"},{"@type":"Person","@id":"https:\/\/mensagensdobem.com.br\/#\/schema\/person\/d52888235fd6563bd07d97185d6a61e4","name":"Bruno Gianni","image":{"@type":"ImageObject","inLanguage":"es-MX","@id":"https:\/\/mensagensdobem.com.br\/#\/schema\/person\/image\/","url":"https:\/\/secure.gravatar.com\/avatar\/0f5d42d7bf77874643c1478932860e3f?s=96&d=mm&r=g","contentUrl":"https:\/\/secure.gravatar.com\/avatar\/0f5d42d7bf77874643c1478932860e3f?s=96&d=mm&r=g","caption":"Bruno Gianni"},"description":"Bruno writes the way he lives, with curiosity, care, and respect for people. He likes to observe, listen, and try to understand what is happening on the other side before putting any words on the page.For him, writing is not about impressing, but about getting closer. It is about turning thoughts into something simple, clear, and real. Every text is an ongoing conversation, created with care and honesty, with the sincere intention of touching someone, somewhere along the way.","url":"https:\/\/mensagensdobem.com.br\/es\/author\/bcgianni\/"}]}},"_links":{"self":[{"href":"https:\/\/mensagensdobem.com.br\/es\/wp-json\/wp\/v2\/posts\/25835"}],"collection":[{"href":"https:\/\/mensagensdobem.com.br\/es\/wp-json\/wp\/v2\/posts"}],"about":[{"href":"https:\/\/mensagensdobem.com.br\/es\/wp-json\/wp\/v2\/types\/post"}],"author":[{"embeddable":true,"href":"https:\/\/mensagensdobem.com.br\/es\/wp-json\/wp\/v2\/users\/3"}],"replies":[{"embeddable":true,"href":"https:\/\/mensagensdobem.com.br\/es\/wp-json\/wp\/v2\/comments?post=25835"}],"version-history":[{"count":1,"href":"https:\/\/mensagensdobem.com.br\/es\/wp-json\/wp\/v2\/posts\/25835\/revisions"}],"predecessor-version":[{"id":25843,"href":"https:\/\/mensagensdobem.com.br\/es\/wp-json\/wp\/v2\/posts\/25835\/revisions\/25843"}],"wp:attachment":[{"href":"https:\/\/mensagensdobem.com.br\/es\/wp-json\/wp\/v2\/media?parent=25835"}],"wp:term":[{"taxonomy":"category","embeddable":true,"href":"https:\/\/mensagensdobem.com.br\/es\/wp-json\/wp\/v2\/categories?post=25835"},{"taxonomy":"post_tag","embeddable":true,"href":"https:\/\/mensagensdobem.com.br\/es\/wp-json\/wp\/v2\/tags?post=25835"}],"curies":[{"name":"wp","href":"https:\/\/api.w.org\/{rel}","templated":true}]}}