{"id":695,"date":"2025-02-04T21:06:29","date_gmt":"2025-02-04T21:06:29","guid":{"rendered":"https:\/\/mensagensdobem.com.br\/?p=695"},"modified":"2025-02-04T21:06:32","modified_gmt":"2025-02-04T21:06:32","slug":"equilibrio-vida-pessoal-e-profissional","status":"publish","type":"post","link":"https:\/\/mensagensdobem.com.br\/es\/equilibrio-vida-pessoal-e-profissional\/","title":{"rendered":"Equilibrio entre vida laboral y personal: retos y soluciones"},"content":{"rendered":"<!--advertisement--><div class=\"mx-5 sm:mx-0 sm:text-3xl text-2xl font-medium title-font mb-4 text-gray-900 text-left\">\n<h2 class=\"wp-block-heading\">\u00a1Aprenda soluciones para equilibrar su vida y su carrera diariamente!<\/h2>\n<\/div><div class=\"mx-5 sm:mx-0 prose leading-relaxed text-lg mb-5 text-left wp-paragraph\">\n<p>Mantener un equilibrio entre la vida personal y profesional no siempre es f\u00e1cil, \u00bfverdad?\u00a0<\/p>\n<\/div><div class=\"mx-5 sm:mx-0 prose leading-relaxed text-lg mb-5 text-left wp-paragraph\">\n<p>Ciertamente, con tantas responsabilidades, es com\u00fan sentir que no hay tiempo suficiente para cuidarse y disfrutar de la vida. \u00a1Pero la buena noticia es que peque\u00f1os ajustes pueden marcar la diferencia!<\/p>\n<\/div><div class=\"mx-5 sm:mx-0 prose leading-relaxed text-lg mb-5 text-left wp-paragraph\">\n<p>Entonces, \u00bfqu\u00e9 tal descubrir c\u00f3mo organizar tu rutina sin renunciar a la productividad y al ocio? \u00a1Acomp\u00e1\u00f1ame y te contar\u00e9 soluciones sencillas para lograr este equilibrio!&nbsp;<\/p>\n<\/div><!--advertisement--><div class=\"mx-5 sm:mx-0 sm:text-3xl text-2xl font-medium title-font mb-4 text-gray-900 text-left\">\n<h2 class=\"wp-block-heading\">La importancia del equilibrio entre vida laboral y personal<\/h2>\n<\/div><div class=\"mx-5 sm:mx-0 prose leading-relaxed text-lg mb-5 text-left wp-paragraph\">\n<p>La armon\u00eda entre la vida personal y profesional es esencial para mantener la salud mental, la productividad y la calidad de vida.&nbsp;<\/p>\n<\/div><div class=\"mx-5 sm:mx-0 prose leading-relaxed text-lg mb-5 text-left wp-paragraph\">\n<p>As\u00ed, con algunos consejos para equilibrar la vida laboral y personal, es posible reducir el estr\u00e9s y mejorar el bienestar. \u00bfVamos a aprender c\u00f3mo?<\/p>\n<\/div><!--advertisement--><div class=\"mx-5 sm:mx-0 sm:text-3xl text-2xl font-medium title-font mb-4 text-gray-900 text-left\">\n<h3 class=\"wp-block-heading\">Beneficios para la salud mental y f\u00edsica<\/h3>\n<\/div><div class=\"mx-5 sm:mx-0 prose leading-relaxed text-lg mb-5 text-left wp-paragraph\">\n<p>Mantener un equilibrio entre el trabajo y la vida personal reduce el estr\u00e9s, mejora la calidad del sue\u00f1o e incluso fortalece el sistema inmunol\u00f3gico.<\/p>\n<\/div><div class=\"mx-5 sm:mx-0 prose leading-relaxed text-lg mb-5 text-left wp-paragraph\">\n<p>Por otro lado, el exceso de trabajo puede provocar fatiga mental y f\u00edsica. Por eso, los descansos, el ocio y el autocuidado ayudan a recargar las pilas.<\/p>\n<\/div><div class=\"mx-5 sm:mx-0 prose leading-relaxed text-lg mb-5 text-left wp-paragraph\">\n<p>Por eso, tomarse un tiempo para uno mismo permite relajarse y aliviar tensiones. \u00a1Peque\u00f1os cambios en tu rutina, como hacer ejercicio y meditar, hacen toda la diferencia en tu salud!<\/p>\n<\/div><div class=\"wp-block-lazyblock-credit-card lazyblock-credit-card-Z1pzYe5\"><section class=\"credit-card mx-5 sm:mx-0 text-gray-600 body-font  my-10 border-gray-200 border-b border-l border-r sm:border-0\">\n  <div class=\"h-1 bg-gray-200 rounded overflow-hidden\">\n    <div class=\"w-24 h-full\"><\/div>\n  <\/div>\n  <div class=\"container px-5 sm:px-0 py-6 mx-auto\" data-anchor-target=\"lazyBlock\">\n    <div class=\"flex flex-wrap mx-auto\">\n      <a class=\"lg:w-2\/5 w-full lg:pl-6 mt-6 lg:mt-0\" href=\"https:\/\/mensagensdobem.com.br\/es\/aplicativos-de-meditacao\/\" data-analytics-label=\"creditCardImage\" data-action=\"analytics#trackCTA\" >\n        <img decoding=\"async\" class=\"w-full h-64 object-cover object-center rounded\" loading=\"lazy\" alt=\"card\" style=\"height: 190px;\" src=\"https:\/\/mensagensdobem.com.br\/wp-content\/uploads\/sites\/131\/2025\/02\/Design-sem-nome-92.png\">\n      <\/a>\n      <div class=\"lg:w-3\/5 w-full lg:pl-6 mt-6 lg:mt-0\">\n        <h2 class=\"text-sm title-font text-gray-500 tracking-widest uppercase\">\n          ART\u00cdCULO        <\/h2>\n        <h1 class=\"text-gray-900 text-3xl title-font font-medium mb-1\">\n          Aplicaciones de meditaci\u00f3n        <\/h1>\n        <div class=\"flex mb-4 justify-center sm:justify-start\">\n          \n                      <span class=\"inline-block py-1 px-2 rounded text-xs font-medium tracking-widest uppercase mr-2\">\n              MEDITACI\u00d3N            <\/span>\n                    \n        <\/div>\n        <p class=\"leading-relaxed\">\n          Aplicaciones para una vida m\u00e1s ligera y consciente        <\/p>\n        <div class=\"flex mt-6 items-center pb-5 border-b-2 border-gray-100 mb-5\">\n          \n        <\/div>\n        <div class=\"flex\">\n          <a data-km2-rewarded=\"true\" style=\"font-size: 13px;\" class=\"hidden animate-fade-in flex m-auto sm:mr-0 sm:ml-auto\"  href=\"https:\/\/mensagensdobem.com.br\/es\/aplicativos-de-meditacao\/\" data-analytics-label=\"creditCardButton\" data-action=\"analytics#trackCTA\"  >\n            <button class=\"uppercase flex m-auto sm:mr-0 sm:ml-auto border-0 py-2 px-4 focus:outline-none rounded  disabled:opacity-50\">\n              LEER M\u00c1S            <\/button>\n          <\/a>\n          <a data-km2-rewarded=\"false\" style=\"font-size: 15px;\" class=\"flex m-auto sm:mr-0 sm:ml-auto\"  href=\"https:\/\/mensagensdobem.com.br\/es\/aplicativos-de-meditacao\/\" data-analytics-label=\"creditCardButton\" data-action=\"analytics#trackCTA\"  >\n            <button id=\"offer-first\" class=\"flex m-auto sm:mr-0 sm:ml-auto border-0 py-2 px-6 focus:outline-none rounded  disabled:opacity-50\">\n              LEER M\u00c1S            <\/button>\n          <\/a>\n        <\/div>\n        <p class=\"text-xs text-gray-500 mt-3 text-center sm:text-right\">\n          Permanecer\u00e1s en el mismo lugar        <\/p>\n      <\/div>\n    <\/div>\n  <\/div>\n\n    <script type=\"module\"> function waitFor(conditionFunction) { const poll = resolve => { if(conditionFunction()) resolve(); else setTimeout(_ => poll(resolve), 400); }; return new Promise(poll); } import { Application, Controller } from \"\/wp-content\/themes\/twentytwentyone\/assets\/js\/stimulus.min.js\"; let Stimulus = Application.start(); Stimulus.register(\"anchor\", class extends Controller { static get targets() { return [ \"lazyBlock\", \"lazyBlockAnchor\" ]; } initialize() { this.active = false; this.passed = false; this.closed = false; this.anchorViews = 0; this.boundOnShowAnchor = this.onShowAnchor.bind(this); window.anchorReady = window.anchorReady || false; waitFor(_ => (window.scrollY > this.getHeightBlock() && !this.active)) .then(_ => { !window.anchorReady? this.visible() : ''; window.anchorReady = true; }); if (document.getElementById('landing')) { setTimeout(() => { !window.anchorReady ? this.visible() : ''; window.anchorReady = true; }, 1 * 30000); }; } connect() { this.onShowAnchor(); document.addEventListener(\"scroll\", this.boundOnShowAnchor); } disconnect() { document.removeEventListener(\"scroll\", this.boundOnShowAnchor); } visible() { if (document.getElementById('av-offerwall__wrapper')) { setTimeout(() => this.visible(), 20000); return; } if (document.getElementById('av-fixed__bottomWrapper') && document.getElementById('av-fixed__bottomWrapper').style.display !== 'none' && document.getElementById('av-fixed__bottomWrapper').getBoundingClientRect().height > 100) { setTimeout(() => this.visible(), 1000); return; } if (document.getElementById('av-fixed__bottomWrapper') && document.getElementById('av-fixed__bottomWrapper').style.display !== 'none' && document.getElementById('av-fixed__bottomWrapper').getBoundingClientRect().height > 10) { this.getAnchorElement().style.marginBottom = '60px'; } if (document.querySelector('[data-anchor-shown=\"true\"]') && document.querySelector('[data-anchor-shown=\"true\"]').style.bottom === '0px') { setTimeout(() => this.visible(), 1000); return; } if (!window.km2AnchorReady) { this.active = true; \/*this.getAnchorElement().style.animation = \"none\"; this.getAnchorElement().classList.remove('animate-show-down');*\/ \/*this.getAnchorElement().classList.add('animate-show-up');*\/ \/*setTimeout(() => {*\/ \/*this.getAnchorElement().style.animation = \"\";*\/ this.getAnchorElement().classList.add('animate-show-up'); this.getAnchorElement().classList.remove('hidden'); this.setAnchorViews(this.anchorViews+1); setTimeout(() => this.closeAnchor(), 20000); waitFor(_ => (document.getElementById('av-fixed__bottomWrapper') && document.getElementById('av-fixed__bottomWrapper').style.display !== 'none' && document.getElementById('av-fixed__bottomWrapper').getBoundingClientRect().height > 10 && this.getAnchorElement().style.marginBottom !== '60px')) .then(_ => { this.closeAnchor(); }); this.active = false; \/*}, 10);*\/ } } invisible() { this.active = true; this.getAnchorElement().style.animation = \"none\"; this.getAnchorElement().classList.remove('animate-show-up'); this.getAnchorElement().classList.add('animate-show-down'); setTimeout(() => { this.getAnchorElement().style.animation = \"\"; setTimeout(() => { this.getAnchorElement().classList.add('hidden'); this.active = false; }, 800); }, 10); } onShowAnchor() { let anchorReady = false;  \/*if (!this.active && !anchorReady) { if (this.getAnchorViews() <= 3) { if (window.scrollY > this.getHeightBlock()) { if (!this.passed && !this.closed) { this.visible(); this.passed = true; } } else { if (this.passed) { this.invisible(); this.passed = false; } } } else { if (!this.getAnchorElement().classList.contains('close')) { this.getAnchorElement().classList.add('close'); if (window.scrollY < this.getHeightBlock()) { this.invisible(); } } } }*\/ } closeAnchor() { if (this.closed) return; this.invisible(); this.getAnchorElement().classList.add('close'); this.closed = true; } getAnchorElement() { return this.lazyBlockAnchorTargets[0]; } getAnchorViews() { this.anchorViews = parseInt(sessionStorage.getItem(\"anchorViews\")) >= 1 ? parseInt(sessionStorage.getItem(\"anchorViews\")) : 0; return this.anchorViews; } setAnchorViews(views) { sessionStorage.setItem(\"anchorViews\", views); } getHeightBlock() { return this.lazyBlockTarget.offsetTop + this.lazyBlockTarget.offsetHeight - 110; } }) <\/script>  <div data-anchor-target=\"lazyBlockAnchor\" class=\"fixed w-full sm:w-96 px-3 py-2 bottom-0 left-0 hidden\" style=\"z-index: 999999;\" name=\"lazyBlockAnchor\">\n    <div class=\"grid justify-items-stretch\">        \n              <div class=\"relative justify-self-end top-4 -right-2\">\n          <button data-no-translation class=\"bg-white text-md font-medium text-center rounded-full h-7 w-7 border-2\" data-analytics-label=\"anchorCloseAnchor\" data-action=\"anchor#closeAnchor\" style=\"z-index: 999999;\">\n            X\n          <\/button>\n        <\/div>\n        <div class=\"justify-self-auto flex flex-col h-32 bg-white border-solid border-2 shadow-md rounded-md\">\n          <div class=\"flex my-0 h-full\">\n            <div class=\"w-2\/5 p-1 ml-2 mt-2 w-full\">\n              <a href=\"https:\/\/mensagensdobem.com.br\/es\/aplicativos-de-meditacao\/\"  data-analytics-label=\"anchorImage\" data-action=\"analytics#trackCTA\">          \n                <img decoding=\"async\" loading=\"lazy\" alt=\"card\" class=\"w-full object-cover h-24 object-center rounded justify-self-auto border-2 border-gray-100\" src=\"https:\/\/mensagensdobem.com.br\/wp-content\/uploads\/sites\/131\/2025\/02\/Design-sem-nome-92.png\">          \n              <\/a>\n            <\/div>\n            <div class=\"w-3\/5 my-2\">\n              <p class=\"px-4 text-center text-xs h-1\/2\">\n                Aplicaciones para una vida m\u00e1s ligera y consciente              <\/p>\n              <a href=\"https:\/\/mensagensdobem.com.br\/es\/aplicativos-de-meditacao\/\"  data-analytics-label=\"anchorButton\" data-action=\"analytics#trackCTA\" >\n                <button class=\"flex w-5\/6 m-auto mt-2 border-0 py-1 px-3 focus:outline-none rounded\">                \n                  <p class=\"text-center w-full\" style=\"font-size: 0.67rem;\">\n                    LEER M\u00c1S                  <\/p>\n                <\/button>\n              <\/a>\n              <p class=\"text-gray-500 text-center mt-1\" style=\"font-size: 0.50rem;\">\n                Permanecer\u00e1s en el mismo lugar              <\/p>\n            <\/div>\n          <\/div>\n        <\/div>\n          <\/div>\n  <\/div>\n<\/section><\/div><!--advertisement--><div class=\"mx-5 sm:mx-0 sm:text-3xl text-2xl font-medium title-font mb-4 text-gray-900 text-left\">\n<h3 class=\"wp-block-heading\">Mejora de las relaciones personales y familiares<\/h3>\n<\/div><div class=\"mx-5 sm:mx-0 prose leading-relaxed text-lg mb-5 text-left wp-paragraph\">\n<p>Cuando hay un equilibrio entre la vida personal y profesional, hay m\u00e1s tiempo para pasar con la familia y fortalecer lazos con quienes realmente importan.<\/p>\n<\/div><div class=\"mx-5 sm:mx-0 prose leading-relaxed text-lg mb-5 text-left wp-paragraph\">\n<p>Sin embargo, el cansancio excesivo puede afectar la calidad de las relaciones.\u00a0<\/p>\n<\/div><div class=\"mx-5 sm:mx-0 prose leading-relaxed text-lg mb-5 text-left wp-paragraph\">\n<p>Por eso, los momentos de ocio y las conversaciones sinceras ayudan a crear conexiones m\u00e1s fuertes y saludables.<\/p>\n<\/div><div class=\"mx-5 sm:mx-0 prose leading-relaxed text-lg mb-5 text-left wp-paragraph\">\n<p>Por lo tanto, trate de reservar tiempo para amigos y familiares, ya que le brindar\u00e1 m\u00e1s alegr\u00eda y apoyo emocional.&nbsp;<\/p>\n<\/div><div class=\"mx-5 sm:mx-0 prose leading-relaxed text-lg mb-5 text-left wp-paragraph\">\n<p>Por lo tanto, las relaciones bien mantenidas son esenciales para una vida cotidiana m\u00e1s liviana y significativa.<\/p>\n<\/div><!--advertisement--><div class=\"mx-5 sm:mx-0 sm:text-3xl text-2xl font-medium title-font mb-4 text-gray-900 text-left\">\n<h3 class=\"wp-block-heading\">Impacto en la productividad y la satisfacci\u00f3n laboral<\/h3>\n<\/div><div class=\"mx-5 sm:mx-0 prose leading-relaxed text-lg mb-5 text-left wp-paragraph\">\n<p>Trabajar sin descansos conduce al agotamiento.&nbsp;<\/p>\n<\/div><div class=\"mx-5 sm:mx-0 prose leading-relaxed text-lg mb-5 text-left wp-paragraph\">\n<p>Por lo tanto, hacer del descanso una prioridad mejora la concentraci\u00f3n, haciendo que las tareas sean m\u00e1s productivas y eficientes.<\/p>\n<\/div><div class=\"mx-5 sm:mx-0 prose leading-relaxed text-lg mb-5 text-left wp-paragraph\">\n<p>Por eso, descansar y desconectar del trabajo te permite volver con m\u00e1s creatividad y motivaci\u00f3n.&nbsp;<\/p>\n<\/div><div class=\"mx-5 sm:mx-0 prose leading-relaxed text-lg mb-5 text-left wp-paragraph\">\n<p>En consecuencia, una mente descansada resuelve los problemas con mayor claridad y rapidez.<\/p>\n<\/div><!--advertisement--><div class=\"mx-5 sm:mx-0 sm:text-3xl text-2xl font-medium title-font mb-4 text-gray-900 text-left\">\n<h2 class=\"wp-block-heading\">Desaf\u00edos comunes para lograr el equilibrio entre vida laboral y personal<\/h2>\n<\/div><div class=\"mx-5 sm:mx-0 prose leading-relaxed text-lg mb-5 text-left wp-paragraph\">\n<p>Encontrar un equilibrio entre el trabajo y la vida personal puede ser un verdadero desaf\u00edo. Con tantas responsabilidades, a menudo sentimos que no tenemos tiempo para nosotros mismos.<\/p>\n<\/div><div class=\"mx-5 sm:mx-0 prose leading-relaxed text-lg mb-5 text-left wp-paragraph\">\n<p>Si alguna vez te has preguntado c\u00f3mo equilibrar tu carrera y tu vida personal, \u00a1no est\u00e1s solo!&nbsp;<\/p>\n<\/div><!--advertisement--><div class=\"mx-5 sm:mx-0 sm:text-3xl text-2xl font-medium title-font mb-4 text-gray-900 text-left\">\n<h3 class=\"wp-block-heading\">Sobrecarga de trabajo y horas extras<\/h3>\n<\/div><div class=\"mx-5 sm:mx-0 prose text-left mb-5\">\n<ul><div class=\"mx-5 sm:mx-0 prose text-left mb-5\">\n<li><strong>Exigencias excesivas y falta de tiempo libre<\/strong><strong><br><\/strong>La acumulaci\u00f3n de tareas y las largas horas de trabajo dificultan el descanso, lo que afecta la salud mental y reduce la calidad de vida fuera del trabajo.<\/li>\n<\/div>\n\n<div class=\"mx-5 sm:mx-0 prose text-left mb-5\">\n<li><strong>El impacto de la fatiga en la productividad<\/strong><strong><br><\/strong>Trabajar demasiado no significa producir m\u00e1s. El agotamiento reduce la concentraci\u00f3n y puede provocar errores, haciendo que la vida cotidiana sea a\u00fan m\u00e1s agotadora.<\/li>\n<\/div><\/ul>\n<\/div><!--advertisement--><div class=\"mx-5 sm:mx-0 sm:text-3xl text-2xl font-medium title-font mb-4 text-gray-900 text-left\">\n<h3 class=\"wp-block-heading\">Presiones sociales y culturales que influyen en el desequilibrio<\/h3>\n<\/div><div class=\"mx-5 sm:mx-0 prose text-left mb-5\">\n<ul><div class=\"mx-5 sm:mx-0 prose text-left mb-5\">\n<li><strong>La cultura de la productividad extrema<\/strong><strong><br><\/strong>Muchos creen que trabajar sin descansos es sin\u00f3nimo de \u00e9xito. Esta forma de pensar perjudica el equilibrio entre trabajo y vida personal y aumenta el estr\u00e9s.<\/li>\n<\/div><\/ul>\n<\/div><!--advertisement--><div class=\"mx-5 sm:mx-0 sm:text-3xl text-2xl font-medium title-font mb-4 text-gray-900 text-left\">\n<h2 class=\"wp-block-heading\">Estrategias pr\u00e1cticas para el equilibrio entre vida laboral y personal<\/h2>\n<\/div><div class=\"mx-5 sm:mx-0 prose leading-relaxed text-lg mb-5 text-left wp-paragraph\">\n<p>Mantener la armon\u00eda entre el trabajo y la vida personal requiere decisiones inteligentes.&nbsp;<\/p>\n<\/div><div class=\"mx-5 sm:mx-0 prose leading-relaxed text-lg mb-5 text-left wp-paragraph\">\n<p>Por tanto, la importancia del equilibrio entre vida laboral y personal va m\u00e1s all\u00e1 de la productividad y a continuaci\u00f3n puedes consultar puntos de atenci\u00f3n para implementar cambios.<\/p>\n<\/div><!--advertisement--><div class=\"mx-5 sm:mx-0 sm:text-3xl text-2xl font-medium title-font mb-4 text-gray-900 text-left\">\n<h3 class=\"wp-block-heading\">T\u00e9cnicas eficaces de gesti\u00f3n del tiempo<\/h3>\n<\/div><div class=\"mx-5 sm:mx-0 prose text-left mb-5\">\n<ul><div class=\"mx-5 sm:mx-0 prose text-left mb-5\">\n<li><strong>Priorizar tareas con la t\u00e9cnica de bloqueo de tiempo<\/strong><strong><br><\/strong>Divida el d\u00eda en bloques dedicados a tareas espec\u00edficas. Esto evita distracciones y mejora la concentraci\u00f3n.<\/li>\n<\/div>\n\n<div class=\"mx-5 sm:mx-0 prose text-left mb-5\">\n<li><strong>Establecer horarios fijos para mantener el equilibrio<\/strong><strong><br><\/strong>Establezca l\u00edmites claros entre el trabajo y el descanso. Esta organizaci\u00f3n ayuda al equilibrio entre la vida personal y profesional, evitando la sobrecarga y mejorando la calidad de vida.<\/li>\n<\/div><\/ul>\n<\/div><div class=\"wp-block-lazyblock-credit-card lazyblock-credit-card-mNrGp\"><section class=\"credit-card mx-5 sm:mx-0 text-gray-600 body-font  my-10 border-gray-200 border-b border-l border-r sm:border-0\">\n  <div class=\"h-1 bg-gray-200 rounded overflow-hidden\">\n    <div class=\"w-24 h-full\"><\/div>\n  <\/div>\n  <div class=\"container px-5 sm:px-0 py-6 mx-auto\" data-anchor-target=\"lazyBlock\">\n    <div class=\"flex flex-wrap mx-auto\">\n      <a class=\"lg:w-2\/5 w-full lg:pl-6 mt-6 lg:mt-0\" href=\"https:\/\/zonacuriosa.com.br\/rec-tb-aplicativos-de-produtividade\/\" data-analytics-label=\"creditCardImage\" data-action=\"analytics#trackCTA\" >\n        <img decoding=\"async\" class=\"w-full h-64 object-cover object-center rounded\" loading=\"lazy\" alt=\"card\" style=\"height: 190px;\" src=\"https:\/\/mensagensdobem.com.br\/wp-content\/uploads\/sites\/131\/2025\/02\/Design-sem-nome-88-1.png\">\n      <\/a>\n      <div class=\"lg:w-3\/5 w-full lg:pl-6 mt-6 lg:mt-0\">\n        <h2 class=\"text-sm title-font text-gray-500 tracking-widest uppercase\">\n          ART\u00cdCULO        <\/h2>\n        <h1 class=\"text-gray-900 text-3xl title-font font-medium mb-1\">\n          Aplicaciones de productividad        <\/h1>\n        <div class=\"flex mb-4 justify-center sm:justify-start\">\n          \n                      <span class=\"inline-block py-1 px-2 rounded text-xs font-medium tracking-widest uppercase mr-2\">\n              GESTI\u00d3N DEL TIEMPO            <\/span>\n                      <span class=\"inline-block py-1 px-2 rounded text-xs font-medium tracking-widest uppercase mr-2\">\n              PRODUCTIVIDAD            <\/span>\n                    \n        <\/div>\n        <p class=\"leading-relaxed\">\n          \u00a1Herramientas que facilitan la organizaci\u00f3n y la gesti\u00f3n del tiempo!        <\/p>\n        <div class=\"flex mt-6 items-center pb-5 border-b-2 border-gray-100 mb-5\">\n          \n        <\/div>\n        <div class=\"flex\">\n          <a data-km2-rewarded=\"true\" style=\"font-size: 13px;\" class=\"hidden animate-fade-in flex m-auto sm:mr-0 sm:ml-auto\" rel=\"sponsored\" href=\"https:\/\/zonacuriosa.com.br\/rec-tb-aplicativos-de-produtividade\/\" data-analytics-label=\"creditCardButton\" data-action=\"analytics#trackCTA\"  >\n            <button class=\"uppercase flex m-auto sm:mr-0 sm:ml-auto border-0 py-2 px-4 focus:outline-none rounded  disabled:opacity-50\">\n              LEER M\u00c1S            <\/button>\n          <\/a>\n          <a data-km2-rewarded=\"false\" style=\"font-size: 15px;\" class=\"flex m-auto sm:mr-0 sm:ml-auto\" rel=\"sponsored\" href=\"https:\/\/zonacuriosa.com.br\/rec-tb-aplicativos-de-produtividade\/\" data-analytics-label=\"creditCardButton\" data-action=\"analytics#trackCTA\"  >\n            <button id=\"offer-first\" class=\"flex m-auto sm:mr-0 sm:ml-auto border-0 py-2 px-6 focus:outline-none rounded  disabled:opacity-50\">\n              LEER M\u00c1S            <\/button>\n          <\/a>\n        <\/div>\n        <p class=\"text-xs text-gray-500 mt-3 text-center sm:text-right\">\n          Ser\u00e1s redirigido a otro sitio        <\/p>\n      <\/div>\n    <\/div>\n  <\/div>\n\n    <script type=\"module\"> function waitFor(conditionFunction) { const poll = resolve => { if(conditionFunction()) resolve(); else setTimeout(_ => poll(resolve), 400); }; return new Promise(poll); } import { Application, Controller } from \"\/wp-content\/themes\/twentytwentyone\/assets\/js\/stimulus.min.js\"; let Stimulus = Application.start(); Stimulus.register(\"anchor\", class extends Controller { static get targets() { return [ \"lazyBlock\", \"lazyBlockAnchor\" ]; } initialize() { this.active = false; this.passed = false; this.closed = false; this.anchorViews = 0; this.boundOnShowAnchor = this.onShowAnchor.bind(this); window.anchorReady = window.anchorReady || false; waitFor(_ => (window.scrollY > this.getHeightBlock() && !this.active)) .then(_ => { !window.anchorReady? this.visible() : ''; window.anchorReady = true; }); if (document.getElementById('landing')) { setTimeout(() => { !window.anchorReady ? this.visible() : ''; window.anchorReady = true; }, 1 * 30000); }; } connect() { this.onShowAnchor(); document.addEventListener(\"scroll\", this.boundOnShowAnchor); } disconnect() { document.removeEventListener(\"scroll\", this.boundOnShowAnchor); } visible() { if (document.getElementById('av-offerwall__wrapper')) { setTimeout(() => this.visible(), 20000); return; } if (document.getElementById('av-fixed__bottomWrapper') && document.getElementById('av-fixed__bottomWrapper').style.display !== 'none' && document.getElementById('av-fixed__bottomWrapper').getBoundingClientRect().height > 100) { setTimeout(() => this.visible(), 1000); return; } if (document.getElementById('av-fixed__bottomWrapper') && document.getElementById('av-fixed__bottomWrapper').style.display !== 'none' && document.getElementById('av-fixed__bottomWrapper').getBoundingClientRect().height > 10) { this.getAnchorElement().style.marginBottom = '60px'; } if (document.querySelector('[data-anchor-shown=\"true\"]') && document.querySelector('[data-anchor-shown=\"true\"]').style.bottom === '0px') { setTimeout(() => this.visible(), 1000); return; } if (!window.km2AnchorReady) { this.active = true; \/*this.getAnchorElement().style.animation = \"none\"; this.getAnchorElement().classList.remove('animate-show-down');*\/ \/*this.getAnchorElement().classList.add('animate-show-up');*\/ \/*setTimeout(() => {*\/ \/*this.getAnchorElement().style.animation = \"\";*\/ this.getAnchorElement().classList.add('animate-show-up'); this.getAnchorElement().classList.remove('hidden'); this.setAnchorViews(this.anchorViews+1); setTimeout(() => this.closeAnchor(), 20000); waitFor(_ => (document.getElementById('av-fixed__bottomWrapper') && document.getElementById('av-fixed__bottomWrapper').style.display !== 'none' && document.getElementById('av-fixed__bottomWrapper').getBoundingClientRect().height > 10 && this.getAnchorElement().style.marginBottom !== '60px')) .then(_ => { this.closeAnchor(); }); this.active = false; \/*}, 10);*\/ } } invisible() { this.active = true; this.getAnchorElement().style.animation = \"none\"; this.getAnchorElement().classList.remove('animate-show-up'); this.getAnchorElement().classList.add('animate-show-down'); setTimeout(() => { this.getAnchorElement().style.animation = \"\"; setTimeout(() => { this.getAnchorElement().classList.add('hidden'); this.active = false; }, 800); }, 10); } onShowAnchor() { let anchorReady = false;  \/*if (!this.active && !anchorReady) { if (this.getAnchorViews() <= 3) { if (window.scrollY > this.getHeightBlock()) { if (!this.passed && !this.closed) { this.visible(); this.passed = true; } } else { if (this.passed) { this.invisible(); this.passed = false; } } } else { if (!this.getAnchorElement().classList.contains('close')) { this.getAnchorElement().classList.add('close'); if (window.scrollY < this.getHeightBlock()) { this.invisible(); } } } }*\/ } closeAnchor() { if (this.closed) return; this.invisible(); this.getAnchorElement().classList.add('close'); this.closed = true; } getAnchorElement() { return this.lazyBlockAnchorTargets[0]; } getAnchorViews() { this.anchorViews = parseInt(sessionStorage.getItem(\"anchorViews\")) >= 1 ? parseInt(sessionStorage.getItem(\"anchorViews\")) : 0; return this.anchorViews; } setAnchorViews(views) { sessionStorage.setItem(\"anchorViews\", views); } getHeightBlock() { return this.lazyBlockTarget.offsetTop + this.lazyBlockTarget.offsetHeight - 110; } }) <\/script>  <div data-anchor-target=\"lazyBlockAnchor\" class=\"fixed w-full sm:w-96 px-3 py-2 bottom-0 left-0 hidden\" style=\"z-index: 999999;\" name=\"lazyBlockAnchor\">\n    <div class=\"grid justify-items-stretch\">        \n              <div class=\"relative justify-self-end top-4 -right-2\">\n          <button data-no-translation class=\"bg-white text-md font-medium text-center rounded-full h-7 w-7 border-2\" data-analytics-label=\"anchorCloseAnchor\" data-action=\"anchor#closeAnchor\" style=\"z-index: 999999;\">\n            X\n          <\/button>\n        <\/div>\n        <div class=\"justify-self-auto flex flex-col h-32 bg-white border-solid border-2 shadow-md rounded-md\">\n          <div class=\"flex my-0 h-full\">\n            <div class=\"w-2\/5 p-1 ml-2 mt-2 w-full\">\n              <a href=\"https:\/\/zonacuriosa.com.br\/rec-tb-aplicativos-de-produtividade\/\" rel=\"sponsored\" data-analytics-label=\"anchorImage\" data-action=\"analytics#trackCTA\">          \n                <img decoding=\"async\" loading=\"lazy\" alt=\"card\" class=\"w-full object-cover h-24 object-center rounded justify-self-auto border-2 border-gray-100\" src=\"https:\/\/mensagensdobem.com.br\/wp-content\/uploads\/sites\/131\/2025\/02\/Design-sem-nome-88-1.png\">          \n              <\/a>\n            <\/div>\n            <div class=\"w-3\/5 my-2\">\n              <p class=\"px-4 text-center text-xs h-1\/2\">\n                Herramientas que facilitan la organizaci\u00f3n y gesti\u00f3n\u2026              <\/p>\n              <a href=\"https:\/\/zonacuriosa.com.br\/rec-tb-aplicativos-de-produtividade\/\" rel=\"sponsored\" data-analytics-label=\"anchorButton\" data-action=\"analytics#trackCTA\" >\n                <button class=\"flex w-5\/6 m-auto mt-2 border-0 py-1 px-3 focus:outline-none rounded\">                \n                  <p class=\"text-center w-full\" style=\"font-size: 0.67rem;\">\n                    LEER M\u00c1S                  <\/p>\n                <\/button>\n              <\/a>\n              <p class=\"text-gray-500 text-center mt-1\" style=\"font-size: 0.50rem;\">\n                Ser\u00e1s redirigido a otro sitio              <\/p>\n            <\/div>\n          <\/div>\n        <\/div>\n          <\/div>\n  <\/div>\n<\/section><\/div><!--advertisement--><div class=\"mx-5 sm:mx-0 sm:text-3xl text-2xl font-medium title-font mb-4 text-gray-900 text-left\">\n<h3 class=\"wp-block-heading\">Importancia de los descansos y el tiempo libre<\/h3>\n<\/div><div class=\"mx-5 sm:mx-0 prose text-left mb-5\">\n<ul><div class=\"mx-5 sm:mx-0 prose text-left mb-5\">\n<li><strong>Los descansos aumentan la productividad y reducen el estr\u00e9s<\/strong><strong><br><\/strong>Los momentos de descanso ayudan a la mente a recuperar energ\u00eda, mejorando la concentraci\u00f3n y evitando el agotamiento a lo largo del d\u00eda.<\/li>\n<\/div>\n\n<div class=\"mx-5 sm:mx-0 prose text-left mb-5\">\n<li><strong>El ocio fortalece la creatividad y el bienestar<\/strong><strong><br><\/strong>Las actividades placenteras estimulan nuevas ideas, alivian la tensi\u00f3n y proporcionan un mayor equilibrio emocional, haciendo que la vida cotidiana sea m\u00e1s ligera y productiva.<\/li>\n<\/div>\n\n<div class=\"mx-5 sm:mx-0 prose text-left mb-5\">\n<li><strong>Los momentos de descanso aseguran el equilibrio entre la vida personal y profesional<\/strong><strong><br><\/strong>Desconectarse del trabajo y disfrutar del tiempo libre mejora la calidad de vida, permitiendo disponer de m\u00e1s tiempo para la familia, los amigos y el cuidado personal.<\/li>\n<\/div><\/ul>\n<\/div><!--advertisement--><div class=\"mx-5 sm:mx-0 sm:text-3xl text-2xl font-medium title-font mb-4 text-gray-900 text-left\">\n<h2 class=\"wp-block-heading\">El papel de las empresas en la promoci\u00f3n del equilibrio<\/h2>\n<\/div><div class=\"mx-5 sm:mx-0 prose text-left mb-5\">\n<ul><div class=\"mx-5 sm:mx-0 prose text-left mb-5\">\n<li><strong>Las empresas y la importancia de un medio ambiente equilibrado<\/strong><strong><br><\/strong>Las empresas que fomentan el bienestar de sus empleados aumentan la productividad y reducen el estr\u00e9s, creando un entorno de trabajo m\u00e1s saludable y motivador.<\/li>\n<\/div>\n\n<div class=\"mx-5 sm:mx-0 prose text-left mb-5\">\n<li><strong>Las pol\u00edticas flexibles mejoran la calidad de vida<\/strong><strong><br><\/strong>Los horarios flexibles, el teletrabajo y los descansos estrat\u00e9gicos ayudan a los profesionales a equilibrar la vida laboral y personal, evitando la sobrecarga y promoviendo un mayor equilibrio.<\/li>\n<\/div>\n\n<div class=\"mx-5 sm:mx-0 prose text-left mb-5\">\n<li><strong>Beneficios que impactan el bienestar de los empleados<\/strong><strong><br><\/strong>Las empresas que ofrecen apoyo emocional, programas de salud mental e incentivos de ocio garantizan empleados m\u00e1s satisfechos, comprometidos y productivos.<\/li>\n<\/div>\n\n<div class=\"mx-5 sm:mx-0 prose text-left mb-5\">\n<li><strong>C\u00f3mo evitar el s\u00edndrome de burnout profesional en el entorno corporativo<\/strong><strong><br><\/strong>Promover las pausas, fomentar los horarios saludables y respetar los l\u00edmites son actitudes esenciales para evitar el burnout, garantizando un mayor equilibrio y satisfacci\u00f3n en el trabajo.<\/li>\n<\/div><\/ul>\n<\/div><!--advertisement--><div class=\"mx-5 sm:mx-0 sm:text-3xl text-2xl font-medium title-font mb-4 text-gray-900 text-left\">\n<h2 class=\"wp-block-heading\">Peque\u00f1os cambios para un gran impacto<\/h2>\n<\/div><div class=\"mx-5 sm:mx-0 prose leading-relaxed text-lg mb-5 text-left wp-paragraph\">\n<p>Encontrar el equilibrio entre el trabajo y la vida personal no es un destino, sino un viaje. Peque\u00f1os cambios en tu rutina pueden transformar tu bienestar y productividad.<\/p>\n<\/div><div class=\"mx-5 sm:mx-0 prose leading-relaxed text-lg mb-5 text-left wp-paragraph\">\n<p>Priorizar momentos de descanso, establecer l\u00edmites y buscar actividades placenteras marcan la diferencia. El secreto es ajustar tu rutina sin comprometer tu calidad de vida.<\/p>\n<\/div><div class=\"mx-5 sm:mx-0 prose leading-relaxed text-lg mb-5 text-left wp-paragraph\">\n<p>El trabajo es importante, pero tu salud, tus relaciones y tu felicidad tambi\u00e9n merecen atenci\u00f3n. Equilibrar estos pilares aporta m\u00e1s ligereza y satisfacci\u00f3n a tu vida diaria.<\/p>\n<\/div><div class=\"mx-5 sm:mx-0 prose leading-relaxed text-lg mb-5 text-left wp-paragraph\">\n<p>\u00bfQu\u00e9 tal empezar hoy? \u00a1Intente aplicar algunas de las estrategias comentadas y ver\u00e1 c\u00f3mo peque\u00f1os cambios pueden tener un impacto positivo y duradero en su vida!&nbsp;<\/p>\n<\/div><!--advertisement--><div class=\"mx-5 sm:mx-0 sm:text-3xl text-2xl font-medium title-font mb-4 text-gray-900 text-left\">\n<h2 class=\"wp-block-heading\">\u00bfQuieres dar el siguiente paso hacia una vida m\u00e1s equilibrada?<\/h2>\n<\/div><div class=\"mx-5 sm:mx-0 prose leading-relaxed text-lg mb-5 text-left wp-paragraph\">\n<p>Ahora que ya sabes c\u00f3mo encontrar el equilibrio entre tu vida personal y profesional, \u00bfqu\u00e9 tal explorar nuevas formas de relajarte y cuidar tu mente?<\/p>\n<\/div><div class=\"mx-5 sm:mx-0 prose leading-relaxed text-lg mb-5 text-left wp-paragraph\">\n<p>Practicar yoga es un excelente aliado para aliviar el estr\u00e9s, mejorar la concentraci\u00f3n y aportar m\u00e1s bienestar a tu rutina, incluso con poco tiempo disponible.<\/p>\n<\/div><div class=\"mx-5 sm:mx-0 prose leading-relaxed text-lg mb-5 text-left wp-paragraph\">\n<p>En el siguiente art\u00edculo te mostraremos las mejores apps de yoga para practicar donde y cuando quieras. \u00a1Ven a descubrir c\u00f3mo este viaje puede transformar tu vida!\u00a0<\/p>\n<\/div><div class=\"wp-block-lazyblock-cta lazyblock-cta-1UFXD8\">\n  <section class=\"cta mx-5 sm:mx-0 text-gray-600 body-font my-10 border-gray-200 border-b border-l border-r sm:border-0\">\n    <div class=\"h-1 bg-gray-200 rounded overflow-hidden\">\n      <div class=\"w-24 h-full\"><\/div>\n    <\/div>\n    <div class=\"container px-5 pt-6 pb-6 mx-auto flex flex-wrap\" data-anchor-target=\"lazyBlock\">    \n    \n              <a class=\"flex flex-wrap content-center w-full mb-4 md:hidden\" href=\"https:\/\/mensagensdobem.com.br\/es\/rec-tb-aplicativos-de-yoga\/\"  data-analytics-label=\"ctaImage\" data-action=\"analytics#trackCTA\" aria-label=\"Las mejores aplicaciones de yoga\">\n          <div class=\"m-auto float-none\">\n            <img decoding=\"async\" loading=\"lazy\" src=\"https:\/\/mensagensdobem.com.br\/wp-content\/uploads\/sites\/131\/2025\/02\/Design-sem-nome-93.png\" alt=\"\">\n          <\/div>\n        <\/a>\n            <h2 class=\"w-full sm:text-3xl text-2xl text-gray-900 font-medium title-font mb-2 text-center md:text-left md:w-2\/5\">\n        <a href=\"https:\/\/mensagensdobem.com.br\/es\/rec-tb-aplicativos-de-yoga\/\" data-analytics-label=\"ctaTitle\" data-action=\"analytics#trackCTA\" aria-label=\"Las mejores aplicaciones de yoga\">\n            Las mejores aplicaciones de yoga        <\/a>\n      <\/h2>\n      <div class=\"w-full md:w-3\/5 md:pl-6\">\n        <p class=\"text-center md:text-left leading-relaxed text-base\">\n            Con las aplicaciones de yoga puedes relajarte y estirarte donde y cuando quieras        <\/p>\n        <div class=\"flex mt-6 w-full flex-1 justify-center ml-auto md:mt-4 md:justify-start\" style=\"font-weight: bold;\">\n          <a class=\"inline-flex items-center\" href=\"https:\/\/mensagensdobem.com.br\/es\/rec-tb-aplicativos-de-yoga\/\"  data-analytics-label=\"ctaButton\" data-action=\"analytics#trackCTA\" >\n            Continuar leyendo            <svg fill=\"none\" stroke=\"currentColor\" stroke-linecap=\"round\" stroke-linejoin=\"round\" stroke-width=\"2\" class=\"w-4 h-4 ml-2\" viewbox=\"0 0 24 24\">\n              <path d=\"M5 12h14M12 5l7 7-7 7\"><\/path>\n            <\/svg>\n          <\/a>\n        <\/div>\n      <\/div>  \n          \n    <\/div>\n      <script type=\"module\"> function waitFor(conditionFunction) { const poll = resolve => { if(conditionFunction()) resolve(); else setTimeout(_ => poll(resolve), 400); }; return new Promise(poll); } import { Application, Controller } from \"\/wp-content\/themes\/twentytwentyone\/assets\/js\/stimulus.min.js\"; let Stimulus = Application.start(); Stimulus.register(\"anchor\", class extends Controller { static get targets() { return [ \"lazyBlock\", \"lazyBlockAnchor\" ]; } initialize() { this.active = false; this.passed = false; this.closed = false; this.anchorViews = 0; this.boundOnShowAnchor = this.onShowAnchor.bind(this); window.anchorReady = window.anchorReady || false; waitFor(_ => (window.scrollY > this.getHeightBlock() && !this.active)) .then(_ => { !window.anchorReady? this.visible() : ''; window.anchorReady = true; }); if (document.getElementById('landing')) { setTimeout(() => { !window.anchorReady ? this.visible() : ''; window.anchorReady = true; }, 1 * 30000); }; } connect() { this.onShowAnchor(); document.addEventListener(\"scroll\", this.boundOnShowAnchor); } disconnect() { document.removeEventListener(\"scroll\", this.boundOnShowAnchor); } visible() { if (document.getElementById('av-offerwall__wrapper')) { setTimeout(() => this.visible(), 20000); return; } if (document.getElementById('av-fixed__bottomWrapper') && document.getElementById('av-fixed__bottomWrapper').style.display !== 'none' && document.getElementById('av-fixed__bottomWrapper').getBoundingClientRect().height > 100) { setTimeout(() => this.visible(), 1000); return; } if (document.getElementById('av-fixed__bottomWrapper') && document.getElementById('av-fixed__bottomWrapper').style.display !== 'none' && document.getElementById('av-fixed__bottomWrapper').getBoundingClientRect().height > 10) { this.getAnchorElement().style.marginBottom = '60px'; } if (document.querySelector('[data-anchor-shown=\"true\"]') && document.querySelector('[data-anchor-shown=\"true\"]').style.bottom === '0px') { setTimeout(() => this.visible(), 1000); return; } if (!window.km2AnchorReady) { this.active = true; \/*this.getAnchorElement().style.animation = \"none\"; this.getAnchorElement().classList.remove('animate-show-down');*\/ \/*this.getAnchorElement().classList.add('animate-show-up');*\/ \/*setTimeout(() => {*\/ \/*this.getAnchorElement().style.animation = \"\";*\/ this.getAnchorElement().classList.add('animate-show-up'); this.getAnchorElement().classList.remove('hidden'); this.setAnchorViews(this.anchorViews+1); setTimeout(() => this.closeAnchor(), 20000); waitFor(_ => (document.getElementById('av-fixed__bottomWrapper') && document.getElementById('av-fixed__bottomWrapper').style.display !== 'none' && document.getElementById('av-fixed__bottomWrapper').getBoundingClientRect().height > 10 && this.getAnchorElement().style.marginBottom !== '60px')) .then(_ => { this.closeAnchor(); }); this.active = false; \/*}, 10);*\/ } } invisible() { this.active = true; this.getAnchorElement().style.animation = \"none\"; this.getAnchorElement().classList.remove('animate-show-up'); this.getAnchorElement().classList.add('animate-show-down'); setTimeout(() => { this.getAnchorElement().style.animation = \"\"; setTimeout(() => { this.getAnchorElement().classList.add('hidden'); this.active = false; }, 800); }, 10); } onShowAnchor() { let anchorReady = false;  \/*if (!this.active && !anchorReady) { if (this.getAnchorViews() <= 3) { if (window.scrollY > this.getHeightBlock()) { if (!this.passed && !this.closed) { this.visible(); this.passed = true; } } else { if (this.passed) { this.invisible(); this.passed = false; } } } else { if (!this.getAnchorElement().classList.contains('close')) { this.getAnchorElement().classList.add('close'); if (window.scrollY < this.getHeightBlock()) { this.invisible(); } } } }*\/ } closeAnchor() { if (this.closed) return; this.invisible(); this.getAnchorElement().classList.add('close'); this.closed = true; } getAnchorElement() { return this.lazyBlockAnchorTargets[0]; } getAnchorViews() { this.anchorViews = parseInt(sessionStorage.getItem(\"anchorViews\")) >= 1 ? parseInt(sessionStorage.getItem(\"anchorViews\")) : 0; return this.anchorViews; } setAnchorViews(views) { sessionStorage.setItem(\"anchorViews\", views); } getHeightBlock() { return this.lazyBlockTarget.offsetTop + this.lazyBlockTarget.offsetHeight - 110; } }) <\/script>  <div data-anchor-target=\"lazyBlockAnchor\" class=\"fixed w-full sm:w-96 px-3 py-2 bottom-0 left-0 hidden\" style=\"z-index: 999999;\" name=\"lazyBlockAnchor\">\n    <div class=\"grid justify-items-stretch\">        \n              <div class=\"relative justify-self-end top-4 -right-2\">\n          <button data-no-translation class=\"bg-white text-md font-medium text-center rounded-full h-7 w-7 border-2\" data-analytics-label=\"anchorCloseAnchor\" data-action=\"anchor#closeAnchor\" style=\"z-index: 999999;\">\n            X\n          <\/button>\n        <\/div>\n        <div class=\"justify-self-auto flex flex-col h-32 bg-white border-solid border-2 shadow-md rounded-md\">\n          <div class=\"flex my-0 h-full\">\n            <div class=\"w-2\/5 p-1 ml-2 mt-2 w-full\">\n              <a href=\"https:\/\/mensagensdobem.com.br\/es\/rec-tb-aplicativos-de-yoga\/\"  data-analytics-label=\"anchorImage\" data-action=\"analytics#trackCTA\">          \n                <img decoding=\"async\" loading=\"lazy\" alt=\"card\" class=\"w-full object-cover h-24 object-center rounded justify-self-auto border-2 border-gray-100\" src=\"https:\/\/mensagensdobem.com.br\/wp-content\/uploads\/sites\/131\/2025\/02\/Design-sem-nome-93.png\">          \n              <\/a>\n            <\/div>\n            <div class=\"w-3\/5 my-2\">\n              <p class=\"px-4 text-center text-xs h-1\/2\">\n                Las mejores aplicaciones de yoga              <\/p>\n              <a href=\"https:\/\/mensagensdobem.com.br\/es\/rec-tb-aplicativos-de-yoga\/\"  data-analytics-label=\"anchorButton\" data-action=\"analytics#trackCTA\" >\n                <button class=\"flex w-5\/6 m-auto mt-2 border-0 py-1 px-3 focus:outline-none rounded\">                \n                  <p class=\"text-center w-full\" style=\"font-size: 0.67rem;\">\n                    Continuar leyendo                  <\/p>\n                <\/button>\n              <\/a>\n              <p class=\"text-gray-500 text-center mt-1\" style=\"font-size: 0.50rem;\">\n                Permanecer\u00e1s en el mismo lugar              <\/p>\n            <\/div>\n          <\/div>\n        <\/div>\n          <\/div>\n  <\/div>\n  <\/section>\n\n<\/div>","protected":false},"excerpt":{"rendered":"<p>Mantener un equilibrio entre la vida personal y profesional es esencial para el bienestar. \u00a1Descubra estrategias pr\u00e1cticas para equilibrar carrera, ocio y salud mental!<\/p>","protected":false},"author":18,"featured_media":701,"comment_status":"open","ping_status":"open","sticky":false,"template":"","format":"standard","meta":{"footnotes":""},"categories":[53],"tags":[54,112],"yoast_head":"<!-- This site is optimized with the Yoast SEO plugin v23.3 - https:\/\/yoast.com\/wordpress\/plugins\/seo\/ -->\n<title>Equil\u00edbrio entre vida pessoal e profissional: desafios e solu\u00e7\u00f5es - MDB<\/title>\n<meta name=\"description\" content=\"Veja como alcan\u00e7ar o equil\u00edbrio entre vida pessoal e profissional com dicas pr\u00e1ticas para mais bem-estar e qualidade de vida!\" \/>\n<meta name=\"robots\" content=\"index, follow, max-snippet:-1, max-image-preview:large, max-video-preview:-1\" \/>\n<link rel=\"canonical\" href=\"https:\/\/mensagensdobem.com.br\/es\/equilibrio-vida-pessoal-e-profissional\/\" \/>\n<meta property=\"og:locale\" content=\"es_MX\" \/>\n<meta property=\"og:type\" content=\"article\" \/>\n<meta property=\"og:title\" content=\"Equil\u00edbrio entre vida pessoal e profissional: desafios e solu\u00e7\u00f5es - MDB\" \/>\n<meta property=\"og:description\" content=\"Veja como alcan\u00e7ar o equil\u00edbrio entre vida pessoal e profissional com dicas pr\u00e1ticas para mais bem-estar e qualidade de vida!\" \/>\n<meta property=\"og:url\" content=\"https:\/\/mensagensdobem.com.br\/es\/equilibrio-vida-pessoal-e-profissional\/\" \/>\n<meta property=\"og:site_name\" content=\"MDB\" \/>\n<meta property=\"article:published_time\" content=\"2025-02-04T21:06:29+00:00\" \/>\n<meta property=\"article:modified_time\" content=\"2025-02-04T21:06:32+00:00\" \/>\n<meta property=\"og:image\" content=\"https:\/\/mensagensdobem.com.br\/wp-content\/uploads\/sites\/131\/2025\/02\/Design-sem-nome-94-1.png\" \/>\n\t<meta property=\"og:image:width\" content=\"500\" \/>\n\t<meta property=\"og:image:height\" content=\"300\" \/>\n\t<meta property=\"og:image:type\" content=\"image\/png\" \/>\n<meta name=\"author\" content=\"Nathalia Brum\" \/>\n<meta name=\"twitter:card\" content=\"summary_large_image\" \/>\n<meta name=\"twitter:label1\" content=\"Written by\" \/>\n\t<meta name=\"twitter:data1\" content=\"Nathalia Brum\" \/>\n\t<meta name=\"twitter:label2\" content=\"Est. reading time\" \/>\n\t<meta name=\"twitter:data2\" content=\"6 minutos\" \/>\n<script type=\"application\/ld+json\" class=\"yoast-schema-graph\">{\"@context\":\"https:\/\/schema.org\",\"@graph\":[{\"@type\":\"WebPage\",\"@id\":\"https:\/\/mensagensdobem.com.br\/equilibrio-vida-pessoal-e-profissional\/\",\"url\":\"https:\/\/mensagensdobem.com.br\/equilibrio-vida-pessoal-e-profissional\/\",\"name\":\"Equil\u00edbrio entre vida pessoal e profissional: desafios e solu\u00e7\u00f5es - MDB\",\"isPartOf\":{\"@id\":\"https:\/\/mensagensdobem.com.br\/#website\"},\"primaryImageOfPage\":{\"@id\":\"https:\/\/mensagensdobem.com.br\/equilibrio-vida-pessoal-e-profissional\/#primaryimage\"},\"image\":{\"@id\":\"https:\/\/mensagensdobem.com.br\/equilibrio-vida-pessoal-e-profissional\/#primaryimage\"},\"thumbnailUrl\":\"https:\/\/mensagensdobem.com.br\/wp-content\/uploads\/sites\/131\/2025\/02\/Design-sem-nome-94-1.png\",\"datePublished\":\"2025-02-04T21:06:29+00:00\",\"dateModified\":\"2025-02-04T21:06:32+00:00\",\"author\":{\"@id\":\"https:\/\/mensagensdobem.com.br\/#\/schema\/person\/e9d814ff077dba31977242c99bf28752\"},\"description\":\"Veja como alcan\u00e7ar o equil\u00edbrio entre vida pessoal e profissional com dicas pr\u00e1ticas para mais bem-estar e qualidade de vida!\",\"breadcrumb\":{\"@id\":\"https:\/\/mensagensdobem.com.br\/equilibrio-vida-pessoal-e-profissional\/#breadcrumb\"},\"inLanguage\":\"es-MX\",\"potentialAction\":[{\"@type\":\"ReadAction\",\"target\":[\"https:\/\/mensagensdobem.com.br\/equilibrio-vida-pessoal-e-profissional\/\"]}]},{\"@type\":\"ImageObject\",\"inLanguage\":\"es-MX\",\"@id\":\"https:\/\/mensagensdobem.com.br\/equilibrio-vida-pessoal-e-profissional\/#primaryimage\",\"url\":\"https:\/\/mensagensdobem.com.br\/wp-content\/uploads\/sites\/131\/2025\/02\/Design-sem-nome-94-1.png\",\"contentUrl\":\"https:\/\/mensagensdobem.com.br\/wp-content\/uploads\/sites\/131\/2025\/02\/Design-sem-nome-94-1.png\",\"width\":500,\"height\":300,\"caption\":\"Equil\u00edbrio entre vida pessoal e profissional\"},{\"@type\":\"BreadcrumbList\",\"@id\":\"https:\/\/mensagensdobem.com.br\/equilibrio-vida-pessoal-e-profissional\/#breadcrumb\",\"itemListElement\":[{\"@type\":\"ListItem\",\"position\":1,\"name\":\"Home\",\"item\":\"https:\/\/mensagensdobem.com.br\/\"},{\"@type\":\"ListItem\",\"position\":2,\"name\":\"Equil\u00edbrio entre vida pessoal e profissional: desafios e solu\u00e7\u00f5es\"}]},{\"@type\":\"WebSite\",\"@id\":\"https:\/\/mensagensdobem.com.br\/#website\",\"url\":\"https:\/\/mensagensdobem.com.br\/\",\"name\":\"MDB\",\"description\":\"\",\"potentialAction\":[{\"@type\":\"SearchAction\",\"target\":{\"@type\":\"EntryPoint\",\"urlTemplate\":\"https:\/\/mensagensdobem.com.br\/?s={search_term_string}\"},\"query-input\":\"required name=search_term_string\"}],\"inLanguage\":\"es-MX\"},{\"@type\":\"Person\",\"@id\":\"https:\/\/mensagensdobem.com.br\/#\/schema\/person\/e9d814ff077dba31977242c99bf28752\",\"name\":\"Nathalia Brum\",\"image\":{\"@type\":\"ImageObject\",\"inLanguage\":\"es-MX\",\"@id\":\"https:\/\/mensagensdobem.com.br\/#\/schema\/person\/image\/\",\"url\":\"https:\/\/secure.gravatar.com\/avatar\/511a6e9eb9d8ddd09aff83abe685f277?s=96&d=mm&r=g\",\"contentUrl\":\"https:\/\/secure.gravatar.com\/avatar\/511a6e9eb9d8ddd09aff83abe685f277?s=96&d=mm&r=g\",\"caption\":\"Nathalia Brum\"},\"url\":\"https:\/\/mensagensdobem.com.br\/es\/author\/dsbnathaliagmail-com\/\"}]}<\/script>\n<!-- \/ Yoast SEO plugin. -->","yoast_head_json":{"title":"Equil\u00edbrio entre vida pessoal e profissional: desafios e solu\u00e7\u00f5es - MDB","description":"Veja como alcan\u00e7ar o equil\u00edbrio entre vida pessoal e profissional com dicas pr\u00e1ticas para mais bem-estar e qualidade de vida!","robots":{"index":"index","follow":"follow","max-snippet":"max-snippet:-1","max-image-preview":"max-image-preview:large","max-video-preview":"max-video-preview:-1"},"canonical":"https:\/\/mensagensdobem.com.br\/es\/equilibrio-vida-pessoal-e-profissional\/","og_locale":"es_MX","og_type":"article","og_title":"Equil\u00edbrio entre vida pessoal e profissional: desafios e solu\u00e7\u00f5es - MDB","og_description":"Veja como alcan\u00e7ar o equil\u00edbrio entre vida pessoal e profissional com dicas pr\u00e1ticas para mais bem-estar e qualidade de vida!","og_url":"https:\/\/mensagensdobem.com.br\/es\/equilibrio-vida-pessoal-e-profissional\/","og_site_name":"MDB","article_published_time":"2025-02-04T21:06:29+00:00","article_modified_time":"2025-02-04T21:06:32+00:00","og_image":[{"width":500,"height":300,"url":"https:\/\/mensagensdobem.com.br\/wp-content\/uploads\/sites\/131\/2025\/02\/Design-sem-nome-94-1.png","type":"image\/png"}],"author":"Nathalia Brum","twitter_card":"summary_large_image","twitter_misc":{"Written by":"Nathalia Brum","Est. reading time":"6 minutos"},"schema":{"@context":"https:\/\/schema.org","@graph":[{"@type":"WebPage","@id":"https:\/\/mensagensdobem.com.br\/equilibrio-vida-pessoal-e-profissional\/","url":"https:\/\/mensagensdobem.com.br\/equilibrio-vida-pessoal-e-profissional\/","name":"Equil\u00edbrio entre vida pessoal e profissional: desafios e solu\u00e7\u00f5es - MDB","isPartOf":{"@id":"https:\/\/mensagensdobem.com.br\/#website"},"primaryImageOfPage":{"@id":"https:\/\/mensagensdobem.com.br\/equilibrio-vida-pessoal-e-profissional\/#primaryimage"},"image":{"@id":"https:\/\/mensagensdobem.com.br\/equilibrio-vida-pessoal-e-profissional\/#primaryimage"},"thumbnailUrl":"https:\/\/mensagensdobem.com.br\/wp-content\/uploads\/sites\/131\/2025\/02\/Design-sem-nome-94-1.png","datePublished":"2025-02-04T21:06:29+00:00","dateModified":"2025-02-04T21:06:32+00:00","author":{"@id":"https:\/\/mensagensdobem.com.br\/#\/schema\/person\/e9d814ff077dba31977242c99bf28752"},"description":"Veja como alcan\u00e7ar o equil\u00edbrio entre vida pessoal e profissional com dicas pr\u00e1ticas para mais bem-estar e qualidade de vida!","breadcrumb":{"@id":"https:\/\/mensagensdobem.com.br\/equilibrio-vida-pessoal-e-profissional\/#breadcrumb"},"inLanguage":"es-MX","potentialAction":[{"@type":"ReadAction","target":["https:\/\/mensagensdobem.com.br\/equilibrio-vida-pessoal-e-profissional\/"]}]},{"@type":"ImageObject","inLanguage":"es-MX","@id":"https:\/\/mensagensdobem.com.br\/equilibrio-vida-pessoal-e-profissional\/#primaryimage","url":"https:\/\/mensagensdobem.com.br\/wp-content\/uploads\/sites\/131\/2025\/02\/Design-sem-nome-94-1.png","contentUrl":"https:\/\/mensagensdobem.com.br\/wp-content\/uploads\/sites\/131\/2025\/02\/Design-sem-nome-94-1.png","width":500,"height":300,"caption":"Equil\u00edbrio entre vida pessoal e profissional"},{"@type":"BreadcrumbList","@id":"https:\/\/mensagensdobem.com.br\/equilibrio-vida-pessoal-e-profissional\/#breadcrumb","itemListElement":[{"@type":"ListItem","position":1,"name":"Home","item":"https:\/\/mensagensdobem.com.br\/"},{"@type":"ListItem","position":2,"name":"Equil\u00edbrio entre vida pessoal e profissional: desafios e solu\u00e7\u00f5es"}]},{"@type":"WebSite","@id":"https:\/\/mensagensdobem.com.br\/#website","url":"https:\/\/mensagensdobem.com.br\/","name":"MDB","description":"","potentialAction":[{"@type":"SearchAction","target":{"@type":"EntryPoint","urlTemplate":"https:\/\/mensagensdobem.com.br\/?s={search_term_string}"},"query-input":"required name=search_term_string"}],"inLanguage":"es-MX"},{"@type":"Person","@id":"https:\/\/mensagensdobem.com.br\/#\/schema\/person\/e9d814ff077dba31977242c99bf28752","name":"Nathalia Brum","image":{"@type":"ImageObject","inLanguage":"es-MX","@id":"https:\/\/mensagensdobem.com.br\/#\/schema\/person\/image\/","url":"https:\/\/secure.gravatar.com\/avatar\/511a6e9eb9d8ddd09aff83abe685f277?s=96&d=mm&r=g","contentUrl":"https:\/\/secure.gravatar.com\/avatar\/511a6e9eb9d8ddd09aff83abe685f277?s=96&d=mm&r=g","caption":"Nathalia Brum"},"url":"https:\/\/mensagensdobem.com.br\/es\/author\/dsbnathaliagmail-com\/"}]}},"_links":{"self":[{"href":"https:\/\/mensagensdobem.com.br\/es\/wp-json\/wp\/v2\/posts\/695"}],"collection":[{"href":"https:\/\/mensagensdobem.com.br\/es\/wp-json\/wp\/v2\/posts"}],"about":[{"href":"https:\/\/mensagensdobem.com.br\/es\/wp-json\/wp\/v2\/types\/post"}],"author":[{"embeddable":true,"href":"https:\/\/mensagensdobem.com.br\/es\/wp-json\/wp\/v2\/users\/18"}],"replies":[{"embeddable":true,"href":"https:\/\/mensagensdobem.com.br\/es\/wp-json\/wp\/v2\/comments?post=695"}],"version-history":[{"count":1,"href":"https:\/\/mensagensdobem.com.br\/es\/wp-json\/wp\/v2\/posts\/695\/revisions"}],"predecessor-version":[{"id":700,"href":"https:\/\/mensagensdobem.com.br\/es\/wp-json\/wp\/v2\/posts\/695\/revisions\/700"}],"wp:featuredmedia":[{"embeddable":true,"href":"https:\/\/mensagensdobem.com.br\/es\/wp-json\/wp\/v2\/media\/701"}],"wp:attachment":[{"href":"https:\/\/mensagensdobem.com.br\/es\/wp-json\/wp\/v2\/media?parent=695"}],"wp:term":[{"taxonomy":"category","embeddable":true,"href":"https:\/\/mensagensdobem.com.br\/es\/wp-json\/wp\/v2\/categories?post=695"},{"taxonomy":"post_tag","embeddable":true,"href":"https:\/\/mensagensdobem.com.br\/es\/wp-json\/wp\/v2\/tags?post=695"}],"curies":[{"name":"wp","href":"https:\/\/api.w.org\/{rel}","templated":true}]}}