{"id":25453,"date":"2026-03-25T23:50:00","date_gmt":"2026-03-25T23:50:00","guid":{"rendered":"https:\/\/mensagensdobem.com.br\/5fbc911b-29f5-4d0e-9ed4-e17fba90ca66\/"},"modified":"2026-03-25T23:50:35","modified_gmt":"2026-03-25T23:50:35","slug":"5fbc911b-29f5-4d0e-9ed4-e17fba90ca66","status":"publish","type":"post","link":"https:\/\/mensagensdobem.com.br\/fr\/5fbc911b-29f5-4d0e-9ed4-e17fba90ca66\/","title":{"rendered":"Vaga de Vendedor Balconista CLT \u2013 Benef\u00edcios e Oportunidades em Loja F\u00edsica"},"content":{"rendered":"<div class=\"mx-5 sm:mx-0 prose text-left mb-5\">\n<\/p>\n<div style=\"background: #ffffff; border-radius: 12px; box-shadow: 0 10px 30px rgba(0, 0, 0, 0.1); width: 100%; max-width: 340px; padding: 25px; transition: transform 0.3s ease-in-out; overflow: visible; display: flex; flex-direction: column; position: relative; border: 1px solid #28a745; margin-top: 70px; margin-bottom: 50px; margin-left: auto; margin-right: auto;\">\n<div style=\"position: absolute; top: -35px; right: 15px; color: #28a745; padding: 5px 10px; border-radius: 6px; font-size: 14px; font-weight: bold; display: flex; align-items: center; z-index: 10;\">Recommand\u00e9 pour vous<\/div>\n<div data-namespace-header=\"\" style=\"\">\n<h3 data-namespace-title=\"\" style=\"color: #333; font-size: 20px; font-weight: bold; text-align: left; margin-right: 50px; min-height: 50px; margin-top: 0px;\">Vendeur\/Commis de comptoir<\/h3>\n<\/p><\/div>\n<p data-namespace-prompt=\"\" style=\"font-size: 16px; color: #666; margin-bottom: 20px; line-height: 1.5; flex-grow: 1; text-align: left; margin-top: 0px;\">Atue no atendimento presencial, auxilie nas vendas e estoque. Benef\u00edcios incluem assist\u00eancia m\u00e9dica, vale transporte, alimenta\u00e7\u00e3o. CLT efetivo, segunda a sexta.<\/p>\n<p>    <a data-namespace-url=\"\" href=\"https:\/\/mensagensdobem.com.br\/fr\/redirect\/?https:\/\/www.catho.com.br\/vagas\/vendedor-balconista\/34975063\/?utm_campaign=google_jobs_apply&#038;utm_source=google_jobs_apply&#038;utm_medium=organic\" style=\"width: 100%; display: inline-block; color: white; text-decoration: none; border-radius: 6px; font-size: 16px; font-weight: bold; text-align: center; transition: transform 0.3s ease, background 0.3s ease; margin-top: auto;\" data-namespace-id=\"5c0d2565-3ba9-4280-a382-ad2a691e2285\"><br \/>\n        <button style=\"width: 100%; height: 55px; background: #e9e9ed; border: 1px solid black; color: black;\">Postulez \u00e0 l&#039;emploi<\/button><br \/>\n    <\/a><br \/>\n    <small style=\"margin-top: 10px; color: #777; font-size: 12px; text-align: center; display: block;\">Vous serez redirig\u00e9 vers un autre site Web<\/small>\n<\/div>\n<h2>O que esperar do dia a dia<\/h2>\n<p>Nesta vaga de Vendedor Balconista, o profissional realiza atendimento presencial aos clientes, focando tanto em orienta\u00e7\u00e3o quanto em convers\u00e3o em vendas.<\/p>\n<p>Entre as tarefas, est\u00e3o esclarecer d\u00favidas sobre produtos, formas de pagamento e personaliza\u00e7\u00f5es, al\u00e9m de operar equipamentos de grava\u00e7\u00e3o a laser.<\/p>\n<p>\u00c9 necess\u00e1rio apoiar na organiza\u00e7\u00e3o da loja, registrar entradas e sa\u00eddas de estoque e garantir a padroniza\u00e7\u00e3o visual conforme as diretrizes da marca.<\/p>\n<p>Al\u00e9m disso, voc\u00ea ser\u00e1 respons\u00e1vel pela abertura e fechamento do caixa, controle do estoque f\u00edsico e reposi\u00e7\u00e3o de produtos quando necess\u00e1rio.<\/p>\n<p>Comunica\u00e7\u00e3o constante com a equipe administrativa tamb\u00e9m faz parte da rotina, facilitando o alinhamento dos processos.<\/p>\n<h2>Principaux avantages<\/h2>\n<p>Os principais benef\u00edcios s\u00e3o assist\u00eancia m\u00e9dica, vale transporte, t\u00edquete alimenta\u00e7\u00e3o e refei\u00e7\u00e3o, que agregam valor \u00e0 remunera\u00e7\u00e3o mensal.<\/p>\n<p>O regime CLT garante estabilidade e direitos trabalhistas, al\u00e9m de um ambiente com rotina bem estruturada e jornadas de trabalho convencionais.<\/p>\n<h2>Points \u00e0 consid\u00e9rer<\/h2>\n<p>Apesar dos benef\u00edcios, a rotina pode ser exigente em hor\u00e1rios, principalmente com abertura e fechamento da loja, inclusive controle de estoque di\u00e1rio.<\/p>\n<p>Exige-se conhecimento m\u00ednimo em pacote Office e, preferencialmente, experi\u00eancia com personaliza\u00e7\u00e3o de produtos, o que pode limitar candidatos iniciantes.<\/p>\n<h2>Verdict final<\/h2>\n<p>Para quem busca oportunidade est\u00e1vel, em ambiente f\u00edsico e com bons benef\u00edcios, a vaga de Vendedor Balconista \u00e9 uma excelente escolha.<\/p>\n<p>Vale a pena se candidatar caso tenha perfil proativo, aten\u00e7\u00e3o a processos e gosto por atendimento ao p\u00fablico presencial.<\/p>\n<div style=\"background: #ffffff; border-radius: 12px; box-shadow: 0 10px 30px rgba(0, 0, 0, 0.1); width: 100%; max-width: 340px; padding: 25px; transition: transform 0.3s ease-in-out; overflow: visible; display: flex; flex-direction: column; position: relative; border: 1px solid #28a745; margin-top: 70px; margin-bottom: 50px; margin-left: auto; margin-right: auto;\">\n<div style=\"position: absolute; top: -35px; right: 15px; color: #28a745; padding: 5px 10px; border-radius: 6px; font-size: 14px; font-weight: bold; display: flex; align-items: center; z-index: 10;\">Recommand\u00e9 pour vous<\/div>\n<div data-namespace-header=\"\" style=\"\">\n<h3 data-namespace-title=\"\" style=\"color: #333; font-size: 20px; font-weight: bold; text-align: left; margin-right: 50px; min-height: 50px; margin-top: 0px;\">Vendeur\/Commis de comptoir<\/h3>\n<\/p><\/div>\n<p data-namespace-prompt=\"\" style=\"font-size: 16px; color: #666; margin-bottom: 20px; line-height: 1.5; flex-grow: 1; text-align: left; margin-top: 0px;\">Atue no atendimento presencial, auxilie nas vendas e estoque. Benef\u00edcios incluem assist\u00eancia m\u00e9dica, vale transporte, alimenta\u00e7\u00e3o. CLT efetivo, segunda a sexta.<\/p>\n<p>    <a data-namespace-url=\"\" href=\"https:\/\/mensagensdobem.com.br\/fr\/redirect\/?https:\/\/www.catho.com.br\/vagas\/vendedor-balconista\/34975063\/?utm_campaign=google_jobs_apply&#038;utm_source=google_jobs_apply&#038;utm_medium=organic\" style=\"width: 100%; display: inline-block; color: white; text-decoration: none; border-radius: 6px; font-size: 16px; font-weight: bold; text-align: center; transition: transform 0.3s ease, background 0.3s ease; margin-top: auto;\" data-namespace-id=\"5c0d2565-3ba9-4280-a382-ad2a691e2285\"><br \/>\n        <button style=\"width: 100%; height: 55px; background: #e9e9ed; border: 1px solid black; color: black;\">Postulez \u00e0 l&#039;emploi<\/button><br \/>\n    <\/a><br \/>\n    <small style=\"margin-top: 10px; color: #777; font-size: 12px; text-align: center; display: block;\">Vous serez redirig\u00e9 vers un autre site Web<\/small>\n<\/div>\n<\/div>","protected":false},"excerpt":{"rendered":"<p>Descubra se a vaga de vendedor balconista \u00e9 para voc\u00ea: benef\u00edcios CLT, assist\u00eancia m\u00e9dica, jornada bem estruturada e desafios do atendimento presencial em loja. Confira pr\u00f3s e contras!<\/p>","protected":false},"author":3,"featured_media":0,"comment_status":"open","ping_status":"open","sticky":false,"template":"","format":"standard","meta":{"footnotes":""},"categories":[8],"tags":[],"yoast_head":"<!-- This site is optimized with the Yoast SEO plugin v23.3 - https:\/\/yoast.com\/wordpress\/plugins\/seo\/ -->\n<title>Vaga de Vendedor Balconista CLT \u2013 Benef\u00edcios e Oportunidades em Loja F\u00edsica - MDB<\/title>\n<meta name=\"robots\" content=\"index, follow, max-snippet:-1, max-image-preview:large, max-video-preview:-1\" \/>\n<link rel=\"canonical\" href=\"https:\/\/mensagensdobem.com.br\/fr\/5fbc911b-29f5-4d0e-9ed4-e17fba90ca66\/\" \/>\n<meta property=\"og:locale\" content=\"fr_FR\" \/>\n<meta property=\"og:type\" content=\"article\" \/>\n<meta property=\"og:title\" content=\"Vaga de Vendedor Balconista CLT \u2013 Benef\u00edcios e Oportunidades em Loja F\u00edsica - MDB\" \/>\n<meta property=\"og:description\" content=\"Descubra se a vaga de vendedor balconista \u00e9 para voc\u00ea: benef\u00edcios CLT, assist\u00eancia m\u00e9dica, jornada bem estruturada e desafios do atendimento presencial em loja. Confira pr\u00f3s e contras!\" \/>\n<meta property=\"og:url\" content=\"https:\/\/mensagensdobem.com.br\/fr\/5fbc911b-29f5-4d0e-9ed4-e17fba90ca66\/\" \/>\n<meta property=\"og:site_name\" content=\"MDB\" \/>\n<meta property=\"article:published_time\" content=\"2026-03-25T23:50:00+00:00\" \/>\n<meta property=\"article:modified_time\" content=\"2026-03-25T23:50:35+00:00\" \/>\n<meta name=\"author\" content=\"Bruno Gianni\" \/>\n<meta name=\"twitter:card\" content=\"summary_large_image\" \/>\n<meta name=\"twitter:label1\" content=\"Written by\" \/>\n\t<meta name=\"twitter:data1\" content=\"Bruno Gianni\" \/>\n\t<meta name=\"twitter:label2\" content=\"Est. reading time\" \/>\n\t<meta name=\"twitter:data2\" content=\"2 minutes\" \/>\n<script type=\"application\/ld+json\" class=\"yoast-schema-graph\">{\"@context\":\"https:\/\/schema.org\",\"@graph\":[{\"@type\":\"WebPage\",\"@id\":\"https:\/\/mensagensdobem.com.br\/5fbc911b-29f5-4d0e-9ed4-e17fba90ca66\/\",\"url\":\"https:\/\/mensagensdobem.com.br\/5fbc911b-29f5-4d0e-9ed4-e17fba90ca66\/\",\"name\":\"Vaga de Vendedor Balconista CLT \u2013 Benef\u00edcios e Oportunidades em Loja F\u00edsica - MDB\",\"isPartOf\":{\"@id\":\"https:\/\/mensagensdobem.com.br\/#website\"},\"datePublished\":\"2026-03-25T23:50:00+00:00\",\"dateModified\":\"2026-03-25T23:50:35+00:00\",\"author\":{\"@id\":\"https:\/\/mensagensdobem.com.br\/#\/schema\/person\/d52888235fd6563bd07d97185d6a61e4\"},\"breadcrumb\":{\"@id\":\"https:\/\/mensagensdobem.com.br\/5fbc911b-29f5-4d0e-9ed4-e17fba90ca66\/#breadcrumb\"},\"inLanguage\":\"fr-FR\",\"potentialAction\":[{\"@type\":\"ReadAction\",\"target\":[\"https:\/\/mensagensdobem.com.br\/5fbc911b-29f5-4d0e-9ed4-e17fba90ca66\/\"]}]},{\"@type\":\"BreadcrumbList\",\"@id\":\"https:\/\/mensagensdobem.com.br\/5fbc911b-29f5-4d0e-9ed4-e17fba90ca66\/#breadcrumb\",\"itemListElement\":[{\"@type\":\"ListItem\",\"position\":1,\"name\":\"Home\",\"item\":\"https:\/\/mensagensdobem.com.br\/\"},{\"@type\":\"ListItem\",\"position\":2,\"name\":\"Vaga de Vendedor Balconista CLT \u2013 Benef\u00edcios e Oportunidades em Loja F\u00edsica\"}]},{\"@type\":\"WebSite\",\"@id\":\"https:\/\/mensagensdobem.com.br\/#website\",\"url\":\"https:\/\/mensagensdobem.com.br\/\",\"name\":\"MDB\",\"description\":\"\",\"potentialAction\":[{\"@type\":\"SearchAction\",\"target\":{\"@type\":\"EntryPoint\",\"urlTemplate\":\"https:\/\/mensagensdobem.com.br\/?s={search_term_string}\"},\"query-input\":\"required name=search_term_string\"}],\"inLanguage\":\"fr-FR\"},{\"@type\":\"Person\",\"@id\":\"https:\/\/mensagensdobem.com.br\/#\/schema\/person\/d52888235fd6563bd07d97185d6a61e4\",\"name\":\"Bruno Gianni\",\"image\":{\"@type\":\"ImageObject\",\"inLanguage\":\"fr-FR\",\"@id\":\"https:\/\/mensagensdobem.com.br\/#\/schema\/person\/image\/\",\"url\":\"https:\/\/secure.gravatar.com\/avatar\/0f5d42d7bf77874643c1478932860e3f?s=96&d=mm&r=g\",\"contentUrl\":\"https:\/\/secure.gravatar.com\/avatar\/0f5d42d7bf77874643c1478932860e3f?s=96&d=mm&r=g\",\"caption\":\"Bruno Gianni\"},\"description\":\"Bruno writes the way he lives, with curiosity, care, and respect for people. He likes to observe, listen, and try to understand what is happening on the other side before putting any words on the page.For him, writing is not about impressing, but about getting closer. It is about turning thoughts into something simple, clear, and real. Every text is an ongoing conversation, created with care and honesty, with the sincere intention of touching someone, somewhere along the way.\",\"url\":\"https:\/\/mensagensdobem.com.br\/fr\/author\/bcgianni\/\"}]}<\/script>\n<!-- \/ Yoast SEO plugin. -->","yoast_head_json":{"title":"Vaga de Vendedor Balconista CLT \u2013 Benef\u00edcios e Oportunidades em Loja F\u00edsica - MDB","robots":{"index":"index","follow":"follow","max-snippet":"max-snippet:-1","max-image-preview":"max-image-preview:large","max-video-preview":"max-video-preview:-1"},"canonical":"https:\/\/mensagensdobem.com.br\/fr\/5fbc911b-29f5-4d0e-9ed4-e17fba90ca66\/","og_locale":"fr_FR","og_type":"article","og_title":"Vaga de Vendedor Balconista CLT \u2013 Benef\u00edcios e Oportunidades em Loja F\u00edsica - MDB","og_description":"Descubra se a vaga de vendedor balconista \u00e9 para voc\u00ea: benef\u00edcios CLT, assist\u00eancia m\u00e9dica, jornada bem estruturada e desafios do atendimento presencial em loja. Confira pr\u00f3s e contras!","og_url":"https:\/\/mensagensdobem.com.br\/fr\/5fbc911b-29f5-4d0e-9ed4-e17fba90ca66\/","og_site_name":"MDB","article_published_time":"2026-03-25T23:50:00+00:00","article_modified_time":"2026-03-25T23:50:35+00:00","author":"Bruno Gianni","twitter_card":"summary_large_image","twitter_misc":{"Written by":"Bruno Gianni","Est. reading time":"2 minutes"},"schema":{"@context":"https:\/\/schema.org","@graph":[{"@type":"WebPage","@id":"https:\/\/mensagensdobem.com.br\/5fbc911b-29f5-4d0e-9ed4-e17fba90ca66\/","url":"https:\/\/mensagensdobem.com.br\/5fbc911b-29f5-4d0e-9ed4-e17fba90ca66\/","name":"Vaga de Vendedor Balconista CLT \u2013 Benef\u00edcios e Oportunidades em Loja F\u00edsica - MDB","isPartOf":{"@id":"https:\/\/mensagensdobem.com.br\/#website"},"datePublished":"2026-03-25T23:50:00+00:00","dateModified":"2026-03-25T23:50:35+00:00","author":{"@id":"https:\/\/mensagensdobem.com.br\/#\/schema\/person\/d52888235fd6563bd07d97185d6a61e4"},"breadcrumb":{"@id":"https:\/\/mensagensdobem.com.br\/5fbc911b-29f5-4d0e-9ed4-e17fba90ca66\/#breadcrumb"},"inLanguage":"fr-FR","potentialAction":[{"@type":"ReadAction","target":["https:\/\/mensagensdobem.com.br\/5fbc911b-29f5-4d0e-9ed4-e17fba90ca66\/"]}]},{"@type":"BreadcrumbList","@id":"https:\/\/mensagensdobem.com.br\/5fbc911b-29f5-4d0e-9ed4-e17fba90ca66\/#breadcrumb","itemListElement":[{"@type":"ListItem","position":1,"name":"Home","item":"https:\/\/mensagensdobem.com.br\/"},{"@type":"ListItem","position":2,"name":"Vaga de Vendedor Balconista CLT \u2013 Benef\u00edcios e Oportunidades em Loja F\u00edsica"}]},{"@type":"WebSite","@id":"https:\/\/mensagensdobem.com.br\/#website","url":"https:\/\/mensagensdobem.com.br\/","name":"MDB","description":"","potentialAction":[{"@type":"SearchAction","target":{"@type":"EntryPoint","urlTemplate":"https:\/\/mensagensdobem.com.br\/?s={search_term_string}"},"query-input":"required name=search_term_string"}],"inLanguage":"fr-FR"},{"@type":"Person","@id":"https:\/\/mensagensdobem.com.br\/#\/schema\/person\/d52888235fd6563bd07d97185d6a61e4","name":"Bruno Gianni","image":{"@type":"ImageObject","inLanguage":"fr-FR","@id":"https:\/\/mensagensdobem.com.br\/#\/schema\/person\/image\/","url":"https:\/\/secure.gravatar.com\/avatar\/0f5d42d7bf77874643c1478932860e3f?s=96&d=mm&r=g","contentUrl":"https:\/\/secure.gravatar.com\/avatar\/0f5d42d7bf77874643c1478932860e3f?s=96&d=mm&r=g","caption":"Bruno Gianni"},"description":"Bruno writes the way he lives, with curiosity, care, and respect for people. He likes to observe, listen, and try to understand what is happening on the other side before putting any words on the page.For him, writing is not about impressing, but about getting closer. It is about turning thoughts into something simple, clear, and real. Every text is an ongoing conversation, created with care and honesty, with the sincere intention of touching someone, somewhere along the way.","url":"https:\/\/mensagensdobem.com.br\/fr\/author\/bcgianni\/"}]}},"_links":{"self":[{"href":"https:\/\/mensagensdobem.com.br\/fr\/wp-json\/wp\/v2\/posts\/25453"}],"collection":[{"href":"https:\/\/mensagensdobem.com.br\/fr\/wp-json\/wp\/v2\/posts"}],"about":[{"href":"https:\/\/mensagensdobem.com.br\/fr\/wp-json\/wp\/v2\/types\/post"}],"author":[{"embeddable":true,"href":"https:\/\/mensagensdobem.com.br\/fr\/wp-json\/wp\/v2\/users\/3"}],"replies":[{"embeddable":true,"href":"https:\/\/mensagensdobem.com.br\/fr\/wp-json\/wp\/v2\/comments?post=25453"}],"version-history":[{"count":1,"href":"https:\/\/mensagensdobem.com.br\/fr\/wp-json\/wp\/v2\/posts\/25453\/revisions"}],"predecessor-version":[{"id":25461,"href":"https:\/\/mensagensdobem.com.br\/fr\/wp-json\/wp\/v2\/posts\/25453\/revisions\/25461"}],"wp:attachment":[{"href":"https:\/\/mensagensdobem.com.br\/fr\/wp-json\/wp\/v2\/media?parent=25453"}],"wp:term":[{"taxonomy":"category","embeddable":true,"href":"https:\/\/mensagensdobem.com.br\/fr\/wp-json\/wp\/v2\/categories?post=25453"},{"taxonomy":"post_tag","embeddable":true,"href":"https:\/\/mensagensdobem.com.br\/fr\/wp-json\/wp\/v2\/tags?post=25453"}],"curies":[{"name":"wp","href":"https:\/\/api.w.org\/{rel}","templated":true}]}}