{"id":2577,"date":"2025-10-17T14:04:00","date_gmt":"2025-10-17T14:04:00","guid":{"rendered":"https:\/\/mensagensdobem.com.br\/c8af5783-e6d3-477f-b019-55095cf6a2ce\/"},"modified":"2025-10-17T14:04:40","modified_gmt":"2025-10-17T14:04:40","slug":"c8af5783-e6d3-477f-b019-55095cf6a2ce","status":"publish","type":"post","link":"https:\/\/mensagensdobem.com.br\/fr\/c8af5783-e6d3-477f-b019-55095cf6a2ce\/","title":{"rendered":"Poste d&#039;assistant(e) de magasin pour personnes handicap\u00e9es\u00a0: salaire attractif et environnement inclusif."},"content":{"rendered":"<div class=\"mx-5 sm:mx-0 prose text-left mb-5\">\n<\/p>\n<div style=\"background: #ffffff; border-radius: 12px; box-shadow: 0 10px 30px rgba(0, 0, 0, 0.1); width: 100%; max-width: 340px; padding: 25px; transition: transform 0.3s ease-in-out; overflow: visible; display: flex; flex-direction: column; position: relative; border: 1px solid #28a745; margin-top: 70px; margin-bottom: 50px; margin-left: auto; margin-right: auto;\">\n<div style=\"position: absolute; top: -35px; right: 15px; color: #28a745; padding: 5px 10px; border-radius: 6px; font-size: 14px; font-weight: bold; display: flex; align-items: center; z-index: 10;\">Recommand\u00e9 pour vous<\/div>\n<div data-namespace-header=\"\" style=\"\">\n<h3 data-namespace-title=\"\" style=\"color: #333; font-size: 20px; font-weight: bold; text-align: left; margin-right: 50px; min-height: 50px; margin-top: 0px;\">Assistant de magasin (personne handicap\u00e9e)<\/h3>\n<\/p><\/div>\n<p data-namespace-prompt=\"\" style=\"font-size: 16px; color: #666; margin-bottom: 20px; line-height: 1.5; flex-grow: 1; text-align: left; margin-top: 0px;\">Opportunit\u00e9 exclusive pour les personnes en situation de handicap\u00a0: salaire comp\u00e9titif, environnement inclusif et accompagnement au quotidien en magasin. Formation et soutien continus. \u00c9voluez professionnellement\u00a0!<\/p>\n<p>    <a data-namespace-url=\"\" href=\"https:\/\/mensagensdobem.com.br\/fr\/redirect\/?https:\/\/br.bebee.com\/job\/0e2e71012946a4f8f9b2b957ee3845b1?utm_campaign=google_jobs_apply&#038;utm_source=google_jobs_apply&#038;utm_medium=organic\" style=\"width: 100%; display: inline-block; color: white; text-decoration: none; border-radius: 6px; font-size: 16px; font-weight: bold; text-align: center; transition: transform 0.3s ease, background 0.3s ease; margin-top: auto;\" data-namespace-id=\"5c0d2565-3ba9-4280-a382-ad2a691e2285\"><br \/>\n        <button style=\"width: 100%; height: 55px; background: #e9e9ed; border: 1px solid black; color: black;\">Inscrivez-vous maintenant<\/button><br \/>\n    <\/a><br \/>\n    <small style=\"margin-top: 10px; color: #777; font-size: 12px; text-align: center; display: block;\">Vous serez redirig\u00e9 vers un autre site Web<\/small>\n<\/div>\n<p><!-- Introdu\u00e7\u00e3o da vaga --><br \/>\nCe poste de vendeur\/vendeuse est exclusivement r\u00e9serv\u00e9 aux personnes en situation de handicap et \u00e0 celles prises en charge par l&#039;INSS (Institut national de s\u00e9curit\u00e9 sociale br\u00e9silien). La r\u00e9mun\u00e9ration annuelle, estim\u00e9e entre 12\u00a0000 et 24\u00a0000 R$, offre stabilit\u00e9 et perspectives d&#039;\u00e9volution professionnelle. L&#039;environnement de travail est inclusif, ax\u00e9 sur le d\u00e9veloppement de tous les employ\u00e9s et adapt\u00e9 pour garantir confort et accessibilit\u00e9. <\/p>\n<p>Ce poste englobe les op\u00e9rations quotidiennes essentielles du magasin, telles que la gestion des stocks, le soutien de l&#039;\u00e9quipe et la participation directe \u00e0 la mise en valeur des produits. Il s&#039;adresse aux personnes souhaitant int\u00e9grer une \u00e9quipe dynamique et d\u00e9sireuses d&#039;apprendre et d&#039;\u00e9voluer constamment. Le processus de recrutement respecte toutes les exigences l\u00e9gales et garantit un environnement de travail s\u00fbr et respectueux pour les professionnels en situation de handicap.<\/p>\n<h2>Principales responsabilit\u00e9s d&#039;un vendeur<\/h2>\n<p>Maintenir un espace de travail organis\u00e9 et tenir l&#039;inventaire \u00e0 jour est une des t\u00e2ches les plus importantes de ce poste. Le\/la professionnel(le) participe au r\u00e9approvisionnement, \u00e0 la mise en rayon et au contr\u00f4le des marchandises. Il\/elle collabore \u00e9galement avec l&#039;\u00e9quipe de merchandising visuel afin de garantir une pr\u00e9sentation optimale des produits et leur attrait pour les clients. Ses responsabilit\u00e9s incluent \u00e9galement le service client, l&#039;assistance aux t\u00e2ches administratives et le soutien aux ventes.<\/p>\n<p>L&#039;assistant(e) de magasin b\u00e9n\u00e9ficie d&#039;un encadrement rapproch\u00e9 de la direction et participe \u00e0 des formations, ce qui facilite son int\u00e9gration et son \u00e9volution de carri\u00e8re. La nature dynamique du poste exige une bonne communication, une volont\u00e9 d&#039;apprendre et une attention particuli\u00e8re \u00e0 l&#039;environnement. Le quotidien est ponctu\u00e9 de t\u00e2ches vari\u00e9es et de contacts fr\u00e9quents avec les clients et les autres membres de l&#039;\u00e9quipe.<\/p>\n<h2>Principaux avantages du poste<\/h2>\n<p>L&#039;un des principaux avantages de ce poste r\u00e9side dans la stabilit\u00e9 qu&#039;offre un contrat CLT (droit du travail br\u00e9silien), associ\u00e9e \u00e0 une r\u00e9mun\u00e9ration comp\u00e9titive dans le secteur. L&#039;environnement adapt\u00e9 aux personnes en situation de handicap garantit s\u00e9curit\u00e9, respect des limitations et v\u00e9ritable inclusion. Un accompagnement quotidien et une formation continue constituent de r\u00e9elles opportunit\u00e9s de d\u00e9veloppement professionnel. Des perspectives d&#039;\u00e9volution de carri\u00e8re sont possibles, l&#039;entreprise ayant une longue tradition de reconnaissance interne.<\/p>\n<p>L&#039;assistant(e) de vente b\u00e9n\u00e9ficie \u00e9galement d&#039;avantages tels que l&#039;int\u00e9gration au sein de l&#039;\u00e9quipe et un v\u00e9ritable respect de la diversit\u00e9. L&#039;entreprise investit constamment pour garantir une culture inclusive et participative.<\/p>\n<h2>Quelques inconv\u00e9nients \u00e0 prendre en compte.<\/h2>\n<p>Le travail quotidien peut exiger un effort physique mod\u00e9r\u00e9 et une certaine r\u00e9p\u00e9tition des t\u00e2ches, surtout aux heures de pointe. Il peut arriver qu&#039;il faille respecter des d\u00e9lais serr\u00e9s et g\u00e9rer des rayons pleins, ce qui requiert organisation et r\u00e9sistance au stress. Le rythme de travail \u00e9tant fortement d\u00e9pendant de l&#039;avancement des t\u00e2ches quotidiennes, les variations peuvent repr\u00e9senter un d\u00e9fi pour les nouveaux employ\u00e9s.<\/p>\n<p>De plus, le contact permanent avec le public peut s&#039;av\u00e9rer difficile pour ceux qui d\u00e9butent et qui n&#039;ont pas beaucoup d&#039;exp\u00e9rience pr\u00e9alable en mati\u00e8re de service \u00e0 la client\u00e8le.<\/p>\n<h2>Verdict final<\/h2>\n<p>Le poste de vendeur en magasin pour personnes en situation de handicap offre une r\u00e9mun\u00e9ration attractive, un environnement de travail adapt\u00e9 et de r\u00e9elles perspectives d&#039;\u00e9volution. Il est id\u00e9al pour celles et ceux qui recherchent l&#039;inclusion, la stabilit\u00e9 et le d\u00e9veloppement professionnel. Les t\u00e2ches sont vari\u00e9es, mais avec une volont\u00e9 d&#039;apprendre et de s&#039;adapter au rythme de travail, il repr\u00e9sente une excellente opportunit\u00e9 de croissance personnelle et professionnelle.<\/p>\n<div style=\"background: #ffffff; border-radius: 12px; box-shadow: 0 10px 30px rgba(0, 0, 0, 0.1); width: 100%; max-width: 340px; padding: 25px; transition: transform 0.3s ease-in-out; overflow: visible; display: flex; flex-direction: column; position: relative; border: 1px solid #28a745; margin-top: 70px; margin-bottom: 50px; margin-left: auto; margin-right: auto;\">\n<div style=\"position: absolute; top: -35px; right: 15px; color: #28a745; padding: 5px 10px; border-radius: 6px; font-size: 14px; font-weight: bold; display: flex; align-items: center; z-index: 10;\">Recommand\u00e9 pour vous<\/div>\n<div data-namespace-header=\"\" style=\"\">\n<h3 data-namespace-title=\"\" style=\"color: #333; font-size: 20px; font-weight: bold; text-align: left; margin-right: 50px; min-height: 50px; margin-top: 0px;\">Assistant de magasin (personne handicap\u00e9e)<\/h3>\n<\/p><\/div>\n<p data-namespace-prompt=\"\" style=\"font-size: 16px; color: #666; margin-bottom: 20px; line-height: 1.5; flex-grow: 1; text-align: left; margin-top: 0px;\">Opportunit\u00e9 exclusive pour les personnes en situation de handicap\u00a0: salaire comp\u00e9titif, environnement inclusif et accompagnement au quotidien en magasin. Formation et soutien continus. \u00c9voluez professionnellement\u00a0!<\/p>\n<p>    <a data-namespace-url=\"\" href=\"https:\/\/mensagensdobem.com.br\/fr\/redirect\/?https:\/\/br.bebee.com\/job\/0e2e71012946a4f8f9b2b957ee3845b1?utm_campaign=google_jobs_apply&#038;utm_source=google_jobs_apply&#038;utm_medium=organic\" style=\"width: 100%; display: inline-block; color: white; text-decoration: none; border-radius: 6px; font-size: 16px; font-weight: bold; text-align: center; transition: transform 0.3s ease, background 0.3s ease; margin-top: auto;\" data-namespace-id=\"5c0d2565-3ba9-4280-a382-ad2a691e2285\"><br \/>\n        <button style=\"width: 100%; height: 55px; background: #e9e9ed; border: 1px solid black; color: black;\">Inscrivez-vous maintenant<\/button><br \/>\n    <\/a><br \/>\n    <small style=\"margin-top: 10px; color: #777; font-size: 12px; text-align: center; display: block;\">Vous serez redirig\u00e9 vers un autre site Web<\/small>\n<\/div>\n<\/div>","protected":false},"excerpt":{"rendered":"<p>D\u00e9couvrez ce poste exclusif d&#039;assistant(e) de magasin pour les personnes en situation de handicap et celles r\u00e9ins\u00e9r\u00e9es par l&#039;INSS (Institut national de s\u00e9curit\u00e9 sociale br\u00e9silien)\u00a0! Salaire comp\u00e9titif, environnement de travail inclusif et r\u00e9elles perspectives d&#039;\u00e9volution. Renseignez-vous\u00a0!<\/p>","protected":false},"author":3,"featured_media":0,"comment_status":"open","ping_status":"open","sticky":false,"template":"","format":"standard","meta":{"footnotes":""},"categories":[8],"tags":[],"yoast_head":"<!-- This site is optimized with the Yoast SEO plugin v23.3 - https:\/\/yoast.com\/wordpress\/plugins\/seo\/ -->\n<title>Vaga de Assistente de Loja para Pessoas com Defici\u00eancia: Sal\u00e1rio Atraente e Ambiente Inclusivo - MDB<\/title>\n<meta name=\"robots\" content=\"index, follow, max-snippet:-1, max-image-preview:large, max-video-preview:-1\" \/>\n<link rel=\"canonical\" href=\"https:\/\/mensagensdobem.com.br\/fr\/c8af5783-e6d3-477f-b019-55095cf6a2ce\/\" \/>\n<meta property=\"og:locale\" content=\"fr_FR\" \/>\n<meta property=\"og:type\" content=\"article\" \/>\n<meta property=\"og:title\" content=\"Vaga de Assistente de Loja para Pessoas com Defici\u00eancia: Sal\u00e1rio Atraente e Ambiente Inclusivo - MDB\" \/>\n<meta property=\"og:description\" content=\"Conhe\u00e7a a vaga exclusiva de assistente de loja para pessoas com defici\u00eancia e reabilitados do INSS! Sal\u00e1rio competitivo, ambiente profissional inclusivo e reais oportunidades de crescimento. Saiba mais!\" \/>\n<meta property=\"og:url\" content=\"https:\/\/mensagensdobem.com.br\/fr\/c8af5783-e6d3-477f-b019-55095cf6a2ce\/\" \/>\n<meta property=\"og:site_name\" content=\"MDB\" \/>\n<meta property=\"article:published_time\" content=\"2025-10-17T14:04:00+00:00\" \/>\n<meta property=\"article:modified_time\" content=\"2025-10-17T14:04:40+00:00\" \/>\n<meta name=\"author\" content=\"Bruno Gianni\" \/>\n<meta name=\"twitter:card\" content=\"summary_large_image\" \/>\n<meta name=\"twitter:label1\" content=\"Written by\" \/>\n\t<meta name=\"twitter:data1\" content=\"Bruno Gianni\" \/>\n\t<meta name=\"twitter:label2\" content=\"Est. reading time\" \/>\n\t<meta name=\"twitter:data2\" content=\"3 minutes\" \/>\n<script type=\"application\/ld+json\" class=\"yoast-schema-graph\">{\"@context\":\"https:\/\/schema.org\",\"@graph\":[{\"@type\":\"WebPage\",\"@id\":\"https:\/\/mensagensdobem.com.br\/c8af5783-e6d3-477f-b019-55095cf6a2ce\/\",\"url\":\"https:\/\/mensagensdobem.com.br\/c8af5783-e6d3-477f-b019-55095cf6a2ce\/\",\"name\":\"Vaga de Assistente de Loja para Pessoas com Defici\u00eancia: Sal\u00e1rio Atraente e Ambiente Inclusivo - MDB\",\"isPartOf\":{\"@id\":\"https:\/\/mensagensdobem.com.br\/#website\"},\"datePublished\":\"2025-10-17T14:04:00+00:00\",\"dateModified\":\"2025-10-17T14:04:40+00:00\",\"author\":{\"@id\":\"https:\/\/mensagensdobem.com.br\/#\/schema\/person\/d52888235fd6563bd07d97185d6a61e4\"},\"breadcrumb\":{\"@id\":\"https:\/\/mensagensdobem.com.br\/c8af5783-e6d3-477f-b019-55095cf6a2ce\/#breadcrumb\"},\"inLanguage\":\"fr-FR\",\"potentialAction\":[{\"@type\":\"ReadAction\",\"target\":[\"https:\/\/mensagensdobem.com.br\/c8af5783-e6d3-477f-b019-55095cf6a2ce\/\"]}]},{\"@type\":\"BreadcrumbList\",\"@id\":\"https:\/\/mensagensdobem.com.br\/c8af5783-e6d3-477f-b019-55095cf6a2ce\/#breadcrumb\",\"itemListElement\":[{\"@type\":\"ListItem\",\"position\":1,\"name\":\"Home\",\"item\":\"https:\/\/mensagensdobem.com.br\/\"},{\"@type\":\"ListItem\",\"position\":2,\"name\":\"Vaga de Assistente de Loja para Pessoas com Defici\u00eancia: Sal\u00e1rio Atraente e Ambiente Inclusivo\"}]},{\"@type\":\"WebSite\",\"@id\":\"https:\/\/mensagensdobem.com.br\/#website\",\"url\":\"https:\/\/mensagensdobem.com.br\/\",\"name\":\"MDB\",\"description\":\"\",\"potentialAction\":[{\"@type\":\"SearchAction\",\"target\":{\"@type\":\"EntryPoint\",\"urlTemplate\":\"https:\/\/mensagensdobem.com.br\/?s={search_term_string}\"},\"query-input\":\"required name=search_term_string\"}],\"inLanguage\":\"fr-FR\"},{\"@type\":\"Person\",\"@id\":\"https:\/\/mensagensdobem.com.br\/#\/schema\/person\/d52888235fd6563bd07d97185d6a61e4\",\"name\":\"Bruno Gianni\",\"image\":{\"@type\":\"ImageObject\",\"inLanguage\":\"fr-FR\",\"@id\":\"https:\/\/mensagensdobem.com.br\/#\/schema\/person\/image\/\",\"url\":\"https:\/\/secure.gravatar.com\/avatar\/0f5d42d7bf77874643c1478932860e3f?s=96&d=mm&r=g\",\"contentUrl\":\"https:\/\/secure.gravatar.com\/avatar\/0f5d42d7bf77874643c1478932860e3f?s=96&d=mm&r=g\",\"caption\":\"Bruno Gianni\"},\"description\":\"Bruno writes the way he lives, with curiosity, care, and respect for people. He likes to observe, listen, and try to understand what is happening on the other side before putting any words on the page.For him, writing is not about impressing, but about getting closer. It is about turning thoughts into something simple, clear, and real. Every text is an ongoing conversation, created with care and honesty, with the sincere intention of touching someone, somewhere along the way.\",\"url\":\"https:\/\/mensagensdobem.com.br\/fr\/author\/bcgianni\/\"}]}<\/script>\n<!-- \/ Yoast SEO plugin. -->","yoast_head_json":{"title":"Vaga de Assistente de Loja para Pessoas com Defici\u00eancia: Sal\u00e1rio Atraente e Ambiente Inclusivo - MDB","robots":{"index":"index","follow":"follow","max-snippet":"max-snippet:-1","max-image-preview":"max-image-preview:large","max-video-preview":"max-video-preview:-1"},"canonical":"https:\/\/mensagensdobem.com.br\/fr\/c8af5783-e6d3-477f-b019-55095cf6a2ce\/","og_locale":"fr_FR","og_type":"article","og_title":"Vaga de Assistente de Loja para Pessoas com Defici\u00eancia: Sal\u00e1rio Atraente e Ambiente Inclusivo - MDB","og_description":"Conhe\u00e7a a vaga exclusiva de assistente de loja para pessoas com defici\u00eancia e reabilitados do INSS! Sal\u00e1rio competitivo, ambiente profissional inclusivo e reais oportunidades de crescimento. Saiba mais!","og_url":"https:\/\/mensagensdobem.com.br\/fr\/c8af5783-e6d3-477f-b019-55095cf6a2ce\/","og_site_name":"MDB","article_published_time":"2025-10-17T14:04:00+00:00","article_modified_time":"2025-10-17T14:04:40+00:00","author":"Bruno Gianni","twitter_card":"summary_large_image","twitter_misc":{"Written by":"Bruno Gianni","Est. reading time":"3 minutes"},"schema":{"@context":"https:\/\/schema.org","@graph":[{"@type":"WebPage","@id":"https:\/\/mensagensdobem.com.br\/c8af5783-e6d3-477f-b019-55095cf6a2ce\/","url":"https:\/\/mensagensdobem.com.br\/c8af5783-e6d3-477f-b019-55095cf6a2ce\/","name":"Vaga de Assistente de Loja para Pessoas com Defici\u00eancia: Sal\u00e1rio Atraente e Ambiente Inclusivo - MDB","isPartOf":{"@id":"https:\/\/mensagensdobem.com.br\/#website"},"datePublished":"2025-10-17T14:04:00+00:00","dateModified":"2025-10-17T14:04:40+00:00","author":{"@id":"https:\/\/mensagensdobem.com.br\/#\/schema\/person\/d52888235fd6563bd07d97185d6a61e4"},"breadcrumb":{"@id":"https:\/\/mensagensdobem.com.br\/c8af5783-e6d3-477f-b019-55095cf6a2ce\/#breadcrumb"},"inLanguage":"fr-FR","potentialAction":[{"@type":"ReadAction","target":["https:\/\/mensagensdobem.com.br\/c8af5783-e6d3-477f-b019-55095cf6a2ce\/"]}]},{"@type":"BreadcrumbList","@id":"https:\/\/mensagensdobem.com.br\/c8af5783-e6d3-477f-b019-55095cf6a2ce\/#breadcrumb","itemListElement":[{"@type":"ListItem","position":1,"name":"Home","item":"https:\/\/mensagensdobem.com.br\/"},{"@type":"ListItem","position":2,"name":"Vaga de Assistente de Loja para Pessoas com Defici\u00eancia: Sal\u00e1rio Atraente e Ambiente Inclusivo"}]},{"@type":"WebSite","@id":"https:\/\/mensagensdobem.com.br\/#website","url":"https:\/\/mensagensdobem.com.br\/","name":"MDB","description":"","potentialAction":[{"@type":"SearchAction","target":{"@type":"EntryPoint","urlTemplate":"https:\/\/mensagensdobem.com.br\/?s={search_term_string}"},"query-input":"required name=search_term_string"}],"inLanguage":"fr-FR"},{"@type":"Person","@id":"https:\/\/mensagensdobem.com.br\/#\/schema\/person\/d52888235fd6563bd07d97185d6a61e4","name":"Bruno Gianni","image":{"@type":"ImageObject","inLanguage":"fr-FR","@id":"https:\/\/mensagensdobem.com.br\/#\/schema\/person\/image\/","url":"https:\/\/secure.gravatar.com\/avatar\/0f5d42d7bf77874643c1478932860e3f?s=96&d=mm&r=g","contentUrl":"https:\/\/secure.gravatar.com\/avatar\/0f5d42d7bf77874643c1478932860e3f?s=96&d=mm&r=g","caption":"Bruno Gianni"},"description":"Bruno writes the way he lives, with curiosity, care, and respect for people. He likes to observe, listen, and try to understand what is happening on the other side before putting any words on the page.For him, writing is not about impressing, but about getting closer. It is about turning thoughts into something simple, clear, and real. Every text is an ongoing conversation, created with care and honesty, with the sincere intention of touching someone, somewhere along the way.","url":"https:\/\/mensagensdobem.com.br\/fr\/author\/bcgianni\/"}]}},"_links":{"self":[{"href":"https:\/\/mensagensdobem.com.br\/fr\/wp-json\/wp\/v2\/posts\/2577"}],"collection":[{"href":"https:\/\/mensagensdobem.com.br\/fr\/wp-json\/wp\/v2\/posts"}],"about":[{"href":"https:\/\/mensagensdobem.com.br\/fr\/wp-json\/wp\/v2\/types\/post"}],"author":[{"embeddable":true,"href":"https:\/\/mensagensdobem.com.br\/fr\/wp-json\/wp\/v2\/users\/3"}],"replies":[{"embeddable":true,"href":"https:\/\/mensagensdobem.com.br\/fr\/wp-json\/wp\/v2\/comments?post=2577"}],"version-history":[{"count":1,"href":"https:\/\/mensagensdobem.com.br\/fr\/wp-json\/wp\/v2\/posts\/2577\/revisions"}],"predecessor-version":[{"id":3022,"href":"https:\/\/mensagensdobem.com.br\/fr\/wp-json\/wp\/v2\/posts\/2577\/revisions\/3022"}],"wp:attachment":[{"href":"https:\/\/mensagensdobem.com.br\/fr\/wp-json\/wp\/v2\/media?parent=2577"}],"wp:term":[{"taxonomy":"category","embeddable":true,"href":"https:\/\/mensagensdobem.com.br\/fr\/wp-json\/wp\/v2\/categories?post=2577"},{"taxonomy":"post_tag","embeddable":true,"href":"https:\/\/mensagensdobem.com.br\/fr\/wp-json\/wp\/v2\/tags?post=2577"}],"curies":[{"name":"wp","href":"https:\/\/api.w.org\/{rel}","templated":true}]}}