{"id":26006,"date":"2026-03-31T15:38:00","date_gmt":"2026-03-31T15:38:00","guid":{"rendered":"https:\/\/mensagensdobem.com.br\/bc440af1-e7b0-4a84-950b-e125f49b366e\/"},"modified":"2026-03-31T15:38:06","modified_gmt":"2026-03-31T15:38:06","slug":"bc440af1-e7b0-4a84-950b-e125f49b366e","status":"publish","type":"post","link":"https:\/\/mensagensdobem.com.br\/fr\/bc440af1-e7b0-4a84-950b-e125f49b366e\/","title":{"rendered":"Vendedor Balconista: oportunidade com contrata\u00e7\u00e3o CLT sem exig\u00eancia de experi\u00eancia"},"content":{"rendered":"<div class=\"mx-5 sm:mx-0 prose text-left mb-5\">\n<\/p>\n<div style=\"background: #ffffff; border-radius: 12px; box-shadow: 0 10px 30px rgba(0, 0, 0, 0.1); width: 100%; max-width: 340px; padding: 25px; transition: transform 0.3s ease-in-out; overflow: visible; display: flex; flex-direction: column; position: relative; border: 1px solid #28a745; margin-top: 70px; margin-bottom: 50px; margin-left: auto; margin-right: auto;\">\n<div style=\"position: absolute; top: -35px; right: 15px; color: #28a745; padding: 5px 10px; border-radius: 6px; font-size: 14px; font-weight: bold; display: flex; align-items: center; z-index: 10;\">Recommand\u00e9 pour vous<\/div>\n<div data-namespace-header=\"\" style=\"\">\n<h3 data-namespace-title=\"\" style=\"color: #333; font-size: 20px; font-weight: bold; text-align: left; margin-right: 50px; min-height: 50px; margin-top: 0px;\">Vendeur\/Commis de comptoir<\/h3>\n<\/p><\/div>\n<p data-namespace-prompt=\"\" style=\"font-size: 16px; color: #666; margin-bottom: 20px; line-height: 1.5; flex-grow: 1; text-align: left; margin-top: 0px;\">Vaga para Vendedor Balconista, CLT, sal\u00e1rio a combinar. N\u00e3o exige experi\u00eancia pr\u00e9via, apenas esfor\u00e7o e comprometimento. Jornada integral presencial.<\/p>\n<p>    <a data-namespace-url=\"\" href=\"https:\/\/mensagensdobem.com.br\/fr\/redirect\/?https:\/\/www.infojobs.com.br\/vaga-de-vendedor-balconista-em-sao-paulo__11263537.aspx?utm_campaign=google_jobs_apply&#038;utm_source=google_jobs_apply&#038;utm_medium=organic\" style=\"width: 100%; display: inline-block; color: white; text-decoration: none; border-radius: 6px; font-size: 16px; font-weight: bold; text-align: center; transition: transform 0.3s ease, background 0.3s ease; margin-top: auto;\" data-namespace-id=\"5c0d2565-3ba9-4280-a382-ad2a691e2285\"><br \/>\n        <button style=\"width: 100%; height: 55px; background: #e9e9ed; border: 1px solid black; color: black;\">Postulez \u00e0 l&#039;emploi<\/button><br \/>\n    <\/a><br \/>\n    <small style=\"margin-top: 10px; color: #777; font-size: 12px; text-align: center; display: block;\">Vous serez redirig\u00e9 vers un autre site Web<\/small>\n<\/div>\n<p><!-- Introdu\u00e7\u00e3o --><br \/>\nA vaga de Vendedor Balconista oferece oportunidade para quem busca estabilidade com contrata\u00e7\u00e3o CLT e jornada integral. O sal\u00e1rio \u00e9 informado como a combinar.<\/p>\n<p>O destaque vai para o fato de n\u00e3o exigir experi\u00eancia anterior, uma excelente chance para quem est\u00e1 come\u00e7ando ou quer mudar de \u00e1rea profissional.<\/p>\n<p>Basta ter ensino fundamental completo e muita vontade de aprender, al\u00e9m de ser esfor\u00e7ado e comprometido, para ser considerado para essa vaga presencial.<\/p>\n<h2>\u00c0 quoi ressemble le quotidien d&#039;un vendeur ?<\/h2>\n<p>No cotidiano, o Vendedor Balconista atua na \u00e1rea de vendas diretamente no balc\u00e3o, auxiliando clientes e esclarecendo d\u00favidas.<\/p>\n<p>Al\u00e9m disso, \u00e9 respons\u00e1vel pelo atendimento telef\u00f4nico, fazendo agendamentos e prestando suporte em d\u00favidas b\u00e1sicas.<\/p>\n<p>Em algumas situa\u00e7\u00f5es, pode apoiar na rotina da oficina, colaborando com o fluxo e organiza\u00e7\u00e3o dos pedidos dos clientes.<\/p>\n<p>Trabalhar bem em equipe e manter o espa\u00e7o organizado faz parte da rotina, assim como seguir orienta\u00e7\u00f5es e ajustar-se \u00e0s demandas di\u00e1rias do setor.<\/p>\n<p>Por ser uma vaga presencial, o contato interpessoal e o atendimento humanizado s\u00e3o valorizados pelas empresas do setor.<\/p>\n<h2>Vantagens da vaga Vendedor Balconista<\/h2>\n<p>Um dos grandes atrativos \u00e9 a contrata\u00e7\u00e3o CLT, que proporciona estabilidade e benef\u00edcios ligados \u00e0 legisla\u00e7\u00e3o trabalhista.<\/p>\n<p>A flexibilidade de n\u00e3o exigir experi\u00eancia pr\u00e9via abre portas para iniciantes no mercado de trabalho.<\/p>\n<p>O desenvolvimento de habilidades de atendimento ao cliente pode impulsionar a carreira para outras posi\u00e7\u00f5es futuramente.<\/p>\n<p>O contato direto com outros profissionais e clientes auxilia no crescimento pessoal e profissional no setor de vendas.<\/p>\n<p>Existe a possibilidade de construir uma trajet\u00f3ria s\u00f3lida, come\u00e7ando por uma vaga de entrada com potencial de crescimento interno.<\/p>\n<h2>Inconv\u00e9nients et points \u00e0 prendre en compte<\/h2>\n<p>Por ser presencial, pode exigir deslocamentos di\u00e1rios, e o trabalho em balc\u00e3o pode ser cansativo em dias de movimento intenso.<\/p>\n<p>A faixa salarial pode variar e estar\u00e1 sujeita a negocia\u00e7\u00e3o direta, sem garantia de valor inicial atrativo.<\/p>\n<p>A exig\u00eancia de comprometimento e esfor\u00e7o \u00e9 alta, n\u00e3o sendo indicada para quem busca rotina f\u00e1cil ou pouca intera\u00e7\u00e3o humana.<\/p>\n<p>O trabalho pode envolver tarefas variadas, exigindo flexibilidade e boa gest\u00e3o do tempo para cumprir os compromissos di\u00e1rios.<\/p>\n<p>Profissionais com baixa empatia ou pouca disposi\u00e7\u00e3o para atender clientes podem sentir dificuldades nessa fun\u00e7\u00e3o.<\/p>\n<h2>Verdict final<\/h2>\n<p>Para quem procura iniciar ou retomar a carreira e est\u00e1 disposto a se dedicar, a vaga de Vendedor Balconista \u00e9 uma boa oportunidade.<\/p>\n<p>Os requisitos acess\u00edveis favorecem candidatos com menos experi\u00eancia, incentivando novos talentos a ingressarem no mercado.<\/p>\n<p>Apesar dos desafios, o ambiente \u00e9 prop\u00edcio ao desenvolvimento pessoal e profissional, tornando-se um excelente passo para o futuro.<\/p>\n<p>\u00c9 uma fun\u00e7\u00e3o indicada principalmente para quem gosta de lidar com pessoas e procura estabilidade por meio da CLT.<\/p>\n<p>Aproveite o momento e considere candidatar-se para dar um novo rumo \u00e0 sua carreira com essa vaga!<\/p>\n<div style=\"background: #ffffff; border-radius: 12px; box-shadow: 0 10px 30px rgba(0, 0, 0, 0.1); width: 100%; max-width: 340px; padding: 25px; transition: transform 0.3s ease-in-out; overflow: visible; display: flex; flex-direction: column; position: relative; border: 1px solid #28a745; margin-top: 70px; margin-bottom: 50px; margin-left: auto; margin-right: auto;\">\n<div style=\"position: absolute; top: -35px; right: 15px; color: #28a745; padding: 5px 10px; border-radius: 6px; font-size: 14px; font-weight: bold; display: flex; align-items: center; z-index: 10;\">Recommand\u00e9 pour vous<\/div>\n<div data-namespace-header=\"\" style=\"\">\n<h3 data-namespace-title=\"\" style=\"color: #333; font-size: 20px; font-weight: bold; text-align: left; margin-right: 50px; min-height: 50px; margin-top: 0px;\">Vendeur\/Commis de comptoir<\/h3>\n<\/p><\/div>\n<p data-namespace-prompt=\"\" style=\"font-size: 16px; color: #666; margin-bottom: 20px; line-height: 1.5; flex-grow: 1; text-align: left; margin-top: 0px;\">Vaga para Vendedor Balconista, CLT, sal\u00e1rio a combinar. N\u00e3o exige experi\u00eancia pr\u00e9via, apenas esfor\u00e7o e comprometimento. Jornada integral presencial.<\/p>\n<p>    <a data-namespace-url=\"\" href=\"https:\/\/mensagensdobem.com.br\/fr\/redirect\/?https:\/\/www.infojobs.com.br\/vaga-de-vendedor-balconista-em-sao-paulo__11263537.aspx?utm_campaign=google_jobs_apply&#038;utm_source=google_jobs_apply&#038;utm_medium=organic\" style=\"width: 100%; display: inline-block; color: white; text-decoration: none; border-radius: 6px; font-size: 16px; font-weight: bold; text-align: center; transition: transform 0.3s ease, background 0.3s ease; margin-top: auto;\" data-namespace-id=\"5c0d2565-3ba9-4280-a382-ad2a691e2285\"><br \/>\n        <button style=\"width: 100%; height: 55px; background: #e9e9ed; border: 1px solid black; color: black;\">Postulez \u00e0 l&#039;emploi<\/button><br \/>\n    <\/a><br \/>\n    <small style=\"margin-top: 10px; color: #777; font-size: 12px; text-align: center; display: block;\">Vous serez redirig\u00e9 vers un autre site Web<\/small>\n<\/div>\n<\/div>","protected":false},"excerpt":{"rendered":"<p>Confira os detalhes da vaga de Vendedor Balconista para quem busca emprego CLT, sem exig\u00eancia de experi\u00eancia, jornada presencial e oportunidade de crescimento profissional. Veja vantagens e requisitos.<\/p>","protected":false},"author":3,"featured_media":0,"comment_status":"open","ping_status":"open","sticky":false,"template":"","format":"standard","meta":{"footnotes":""},"categories":[8],"tags":[],"yoast_head":"<!-- This site is optimized with the Yoast SEO plugin v23.3 - https:\/\/yoast.com\/wordpress\/plugins\/seo\/ -->\n<title>Vendedor Balconista: oportunidade com contrata\u00e7\u00e3o CLT sem exig\u00eancia de experi\u00eancia - MDB<\/title>\n<meta name=\"robots\" content=\"index, follow, max-snippet:-1, max-image-preview:large, max-video-preview:-1\" \/>\n<link rel=\"canonical\" href=\"https:\/\/mensagensdobem.com.br\/fr\/bc440af1-e7b0-4a84-950b-e125f49b366e\/\" \/>\n<meta property=\"og:locale\" content=\"fr_FR\" \/>\n<meta property=\"og:type\" content=\"article\" \/>\n<meta property=\"og:title\" content=\"Vendedor Balconista: oportunidade com contrata\u00e7\u00e3o CLT sem exig\u00eancia de experi\u00eancia - MDB\" \/>\n<meta property=\"og:description\" content=\"Confira os detalhes da vaga de Vendedor Balconista para quem busca emprego CLT, sem exig\u00eancia de experi\u00eancia, jornada presencial e oportunidade de crescimento profissional. Veja vantagens e requisitos.\" \/>\n<meta property=\"og:url\" content=\"https:\/\/mensagensdobem.com.br\/fr\/bc440af1-e7b0-4a84-950b-e125f49b366e\/\" \/>\n<meta property=\"og:site_name\" content=\"MDB\" \/>\n<meta property=\"article:published_time\" content=\"2026-03-31T15:38:00+00:00\" \/>\n<meta property=\"article:modified_time\" content=\"2026-03-31T15:38:06+00:00\" \/>\n<meta name=\"author\" content=\"Bruno Gianni\" \/>\n<meta name=\"twitter:card\" content=\"summary_large_image\" \/>\n<meta name=\"twitter:label1\" content=\"Written by\" \/>\n\t<meta name=\"twitter:data1\" content=\"Bruno Gianni\" \/>\n\t<meta name=\"twitter:label2\" content=\"Est. reading time\" \/>\n\t<meta name=\"twitter:data2\" content=\"3 minutes\" \/>\n<script type=\"application\/ld+json\" class=\"yoast-schema-graph\">{\"@context\":\"https:\/\/schema.org\",\"@graph\":[{\"@type\":\"WebPage\",\"@id\":\"https:\/\/mensagensdobem.com.br\/bc440af1-e7b0-4a84-950b-e125f49b366e\/\",\"url\":\"https:\/\/mensagensdobem.com.br\/bc440af1-e7b0-4a84-950b-e125f49b366e\/\",\"name\":\"Vendedor Balconista: oportunidade com contrata\u00e7\u00e3o CLT sem exig\u00eancia de experi\u00eancia - MDB\",\"isPartOf\":{\"@id\":\"https:\/\/mensagensdobem.com.br\/#website\"},\"datePublished\":\"2026-03-31T15:38:00+00:00\",\"dateModified\":\"2026-03-31T15:38:06+00:00\",\"author\":{\"@id\":\"https:\/\/mensagensdobem.com.br\/#\/schema\/person\/d52888235fd6563bd07d97185d6a61e4\"},\"breadcrumb\":{\"@id\":\"https:\/\/mensagensdobem.com.br\/bc440af1-e7b0-4a84-950b-e125f49b366e\/#breadcrumb\"},\"inLanguage\":\"fr-FR\",\"potentialAction\":[{\"@type\":\"ReadAction\",\"target\":[\"https:\/\/mensagensdobem.com.br\/bc440af1-e7b0-4a84-950b-e125f49b366e\/\"]}]},{\"@type\":\"BreadcrumbList\",\"@id\":\"https:\/\/mensagensdobem.com.br\/bc440af1-e7b0-4a84-950b-e125f49b366e\/#breadcrumb\",\"itemListElement\":[{\"@type\":\"ListItem\",\"position\":1,\"name\":\"Home\",\"item\":\"https:\/\/mensagensdobem.com.br\/\"},{\"@type\":\"ListItem\",\"position\":2,\"name\":\"Vendedor Balconista: oportunidade com contrata\u00e7\u00e3o CLT sem exig\u00eancia de experi\u00eancia\"}]},{\"@type\":\"WebSite\",\"@id\":\"https:\/\/mensagensdobem.com.br\/#website\",\"url\":\"https:\/\/mensagensdobem.com.br\/\",\"name\":\"MDB\",\"description\":\"\",\"potentialAction\":[{\"@type\":\"SearchAction\",\"target\":{\"@type\":\"EntryPoint\",\"urlTemplate\":\"https:\/\/mensagensdobem.com.br\/?s={search_term_string}\"},\"query-input\":\"required name=search_term_string\"}],\"inLanguage\":\"fr-FR\"},{\"@type\":\"Person\",\"@id\":\"https:\/\/mensagensdobem.com.br\/#\/schema\/person\/d52888235fd6563bd07d97185d6a61e4\",\"name\":\"Bruno Gianni\",\"image\":{\"@type\":\"ImageObject\",\"inLanguage\":\"fr-FR\",\"@id\":\"https:\/\/mensagensdobem.com.br\/#\/schema\/person\/image\/\",\"url\":\"https:\/\/secure.gravatar.com\/avatar\/0f5d42d7bf77874643c1478932860e3f?s=96&d=mm&r=g\",\"contentUrl\":\"https:\/\/secure.gravatar.com\/avatar\/0f5d42d7bf77874643c1478932860e3f?s=96&d=mm&r=g\",\"caption\":\"Bruno Gianni\"},\"description\":\"Bruno writes the way he lives, with curiosity, care, and respect for people. He likes to observe, listen, and try to understand what is happening on the other side before putting any words on the page.For him, writing is not about impressing, but about getting closer. It is about turning thoughts into something simple, clear, and real. Every text is an ongoing conversation, created with care and honesty, with the sincere intention of touching someone, somewhere along the way.\",\"url\":\"https:\/\/mensagensdobem.com.br\/fr\/author\/bcgianni\/\"}]}<\/script>\n<!-- \/ Yoast SEO plugin. -->","yoast_head_json":{"title":"Vendedor Balconista: oportunidade com contrata\u00e7\u00e3o CLT sem exig\u00eancia de experi\u00eancia - MDB","robots":{"index":"index","follow":"follow","max-snippet":"max-snippet:-1","max-image-preview":"max-image-preview:large","max-video-preview":"max-video-preview:-1"},"canonical":"https:\/\/mensagensdobem.com.br\/fr\/bc440af1-e7b0-4a84-950b-e125f49b366e\/","og_locale":"fr_FR","og_type":"article","og_title":"Vendedor Balconista: oportunidade com contrata\u00e7\u00e3o CLT sem exig\u00eancia de experi\u00eancia - MDB","og_description":"Confira os detalhes da vaga de Vendedor Balconista para quem busca emprego CLT, sem exig\u00eancia de experi\u00eancia, jornada presencial e oportunidade de crescimento profissional. Veja vantagens e requisitos.","og_url":"https:\/\/mensagensdobem.com.br\/fr\/bc440af1-e7b0-4a84-950b-e125f49b366e\/","og_site_name":"MDB","article_published_time":"2026-03-31T15:38:00+00:00","article_modified_time":"2026-03-31T15:38:06+00:00","author":"Bruno Gianni","twitter_card":"summary_large_image","twitter_misc":{"Written by":"Bruno Gianni","Est. reading time":"3 minutes"},"schema":{"@context":"https:\/\/schema.org","@graph":[{"@type":"WebPage","@id":"https:\/\/mensagensdobem.com.br\/bc440af1-e7b0-4a84-950b-e125f49b366e\/","url":"https:\/\/mensagensdobem.com.br\/bc440af1-e7b0-4a84-950b-e125f49b366e\/","name":"Vendedor Balconista: oportunidade com contrata\u00e7\u00e3o CLT sem exig\u00eancia de experi\u00eancia - MDB","isPartOf":{"@id":"https:\/\/mensagensdobem.com.br\/#website"},"datePublished":"2026-03-31T15:38:00+00:00","dateModified":"2026-03-31T15:38:06+00:00","author":{"@id":"https:\/\/mensagensdobem.com.br\/#\/schema\/person\/d52888235fd6563bd07d97185d6a61e4"},"breadcrumb":{"@id":"https:\/\/mensagensdobem.com.br\/bc440af1-e7b0-4a84-950b-e125f49b366e\/#breadcrumb"},"inLanguage":"fr-FR","potentialAction":[{"@type":"ReadAction","target":["https:\/\/mensagensdobem.com.br\/bc440af1-e7b0-4a84-950b-e125f49b366e\/"]}]},{"@type":"BreadcrumbList","@id":"https:\/\/mensagensdobem.com.br\/bc440af1-e7b0-4a84-950b-e125f49b366e\/#breadcrumb","itemListElement":[{"@type":"ListItem","position":1,"name":"Home","item":"https:\/\/mensagensdobem.com.br\/"},{"@type":"ListItem","position":2,"name":"Vendedor Balconista: oportunidade com contrata\u00e7\u00e3o CLT sem exig\u00eancia de experi\u00eancia"}]},{"@type":"WebSite","@id":"https:\/\/mensagensdobem.com.br\/#website","url":"https:\/\/mensagensdobem.com.br\/","name":"MDB","description":"","potentialAction":[{"@type":"SearchAction","target":{"@type":"EntryPoint","urlTemplate":"https:\/\/mensagensdobem.com.br\/?s={search_term_string}"},"query-input":"required name=search_term_string"}],"inLanguage":"fr-FR"},{"@type":"Person","@id":"https:\/\/mensagensdobem.com.br\/#\/schema\/person\/d52888235fd6563bd07d97185d6a61e4","name":"Bruno Gianni","image":{"@type":"ImageObject","inLanguage":"fr-FR","@id":"https:\/\/mensagensdobem.com.br\/#\/schema\/person\/image\/","url":"https:\/\/secure.gravatar.com\/avatar\/0f5d42d7bf77874643c1478932860e3f?s=96&d=mm&r=g","contentUrl":"https:\/\/secure.gravatar.com\/avatar\/0f5d42d7bf77874643c1478932860e3f?s=96&d=mm&r=g","caption":"Bruno Gianni"},"description":"Bruno writes the way he lives, with curiosity, care, and respect for people. He likes to observe, listen, and try to understand what is happening on the other side before putting any words on the page.For him, writing is not about impressing, but about getting closer. It is about turning thoughts into something simple, clear, and real. Every text is an ongoing conversation, created with care and honesty, with the sincere intention of touching someone, somewhere along the way.","url":"https:\/\/mensagensdobem.com.br\/fr\/author\/bcgianni\/"}]}},"_links":{"self":[{"href":"https:\/\/mensagensdobem.com.br\/fr\/wp-json\/wp\/v2\/posts\/26006"}],"collection":[{"href":"https:\/\/mensagensdobem.com.br\/fr\/wp-json\/wp\/v2\/posts"}],"about":[{"href":"https:\/\/mensagensdobem.com.br\/fr\/wp-json\/wp\/v2\/types\/post"}],"author":[{"embeddable":true,"href":"https:\/\/mensagensdobem.com.br\/fr\/wp-json\/wp\/v2\/users\/3"}],"replies":[{"embeddable":true,"href":"https:\/\/mensagensdobem.com.br\/fr\/wp-json\/wp\/v2\/comments?post=26006"}],"version-history":[{"count":1,"href":"https:\/\/mensagensdobem.com.br\/fr\/wp-json\/wp\/v2\/posts\/26006\/revisions"}],"predecessor-version":[{"id":26014,"href":"https:\/\/mensagensdobem.com.br\/fr\/wp-json\/wp\/v2\/posts\/26006\/revisions\/26014"}],"wp:attachment":[{"href":"https:\/\/mensagensdobem.com.br\/fr\/wp-json\/wp\/v2\/media?parent=26006"}],"wp:term":[{"taxonomy":"category","embeddable":true,"href":"https:\/\/mensagensdobem.com.br\/fr\/wp-json\/wp\/v2\/categories?post=26006"},{"taxonomy":"post_tag","embeddable":true,"href":"https:\/\/mensagensdobem.com.br\/fr\/wp-json\/wp\/v2\/tags?post=26006"}],"curies":[{"name":"wp","href":"https:\/\/api.w.org\/{rel}","templated":true}]}}