{"id":2450,"date":"2025-10-16T23:04:00","date_gmt":"2025-10-16T23:04:00","guid":{"rendered":"https:\/\/mensagensdobem.com.br\/113595e4-9fcf-4820-8db1-a4bfc0a9606c\/"},"modified":"2025-10-16T23:04:15","modified_gmt":"2025-10-16T23:04:15","slug":"113595e4-9fcf-4820-8db1-a4bfc0a9606c","status":"publish","type":"post","link":"https:\/\/mensagensdobem.com.br\/ja\/113595e4-9fcf-4820-8db1-a4bfc0a9606c\/","title":{"rendered":"Vaga para Balconista \u2013 Atribui\u00e7\u00f5es, Benef\u00edcios e Pontos de Aten\u00e7\u00e3o"},"content":{"rendered":"<div class=\"mx-5 sm:mx-0 prose text-left mb-5\">\n<\/p>\n<div style=\"background: #ffffff; border-radius: 12px; box-shadow: 0 10px 30px rgba(0, 0, 0, 0.1); width: 100%; max-width: 340px; padding: 25px; transition: transform 0.3s ease-in-out; overflow: visible; display: flex; flex-direction: column; position: relative; border: 1px solid #28a745; margin-top: 70px; margin-bottom: 50px; margin-left: auto; margin-right: auto;\">\n<div style=\"position: absolute; top: -35px; right: 15px; color: #28a745; padding: 5px 10px; border-radius: 6px; font-size: 14px; font-weight: bold; display: flex; align-items: center; z-index: 10;\">\u3042\u306a\u305f\u306b\u304a\u3059\u3059\u3081<\/div>\n<div data-namespace-header=\"\" style=\"\">\n<h3 data-namespace-title=\"\" style=\"color: #333; font-size: 20px; font-weight: bold; text-align: left; margin-right: 50px; min-height: 50px; margin-top: 0px;\">\u5e97\u54e1<\/h3>\n<\/p><\/div>\n<p data-namespace-prompt=\"\" style=\"font-size: 16px; color: #666; margin-bottom: 20px; line-height: 1.5; flex-grow: 1; text-align: left; margin-top: 0px;\">Se voc\u00ea tem experi\u00eancia em vendas e relacionamento com clientes, esta oportunidade de balconista traz benef\u00edcios como vale-refei\u00e7\u00e3o e vale-transporte, com contrato efetivo presencial.<\/p>\n<p>    <a data-namespace-url=\"\" href=\"https:\/\/mensagensdobem.com.br\/ja\/redirect\/?https:\/\/www.bne.com.br\/vaga-de-emprego-na-area-comercio-em-simoes-filho-ba\/balconista\/4960259?utm_campaign=google_jobs_apply&#038;utm_source=google_jobs_apply&#038;utm_medium=organic\" style=\"width: 100%; display: inline-block; color: white; text-decoration: none; border-radius: 6px; font-size: 16px; font-weight: bold; text-align: center; transition: transform 0.3s ease, background 0.3s ease; margin-top: auto;\" data-namespace-id=\"5c0d2565-3ba9-4280-a382-ad2a691e2285\"><br \/>\n        <button style=\"width: 100%; height: 55px; background: #e9e9ed; border: 1px solid black; color: black;\">\u4eca\u3059\u3050\u7533\u3057\u8fbc\u3080<\/button><br \/>\n    <\/a><br \/>\n    <small style=\"margin-top: 10px; color: #777; font-size: 12px; text-align: center; display: block;\">\u5225\u306e\u30a6\u30a7\u30d6\u30b5\u30a4\u30c8\u306b\u30ea\u30c0\u30a4\u30ec\u30af\u30c8\u3055\u308c\u307e\u3059<\/small>\n<\/div>\n<h2>O que faz o balconista: tarefas do dia a dia<\/h2>\n<p>No cotidiano da vaga de balconista, \u00e9 fundamental atuar com foco em vendas presenciais, capta\u00e7\u00e3o de novos clientes e estreitamento de relacionamento.<\/p>\n<p>As responsabilidades incluem tamb\u00e9m liga\u00e7\u00f5es ativas, emiss\u00e3o de notas fiscais, acompanhamento de vendas e atendimento multicanal: presencial, WhatsApp e e-mail.<\/p>\n<p>Requer-se ensino m\u00e9dio completo, conhecimento em pacote Office, al\u00e9m de experi\u00eancia pr\u00e9via em vendas de material hospitalar, embora n\u00e3o seja obrigat\u00f3rio.<\/p>\n<p>O colaborador ter\u00e1 jornada de segunda a sexta das 8h30 \u00e0s 17h30, e aos s\u00e1bados das 9h \u00e0s 13h, o que contribui para uma melhor organiza\u00e7\u00e3o da rotina.<\/p>\n<p>O clima \u00e9 de dinamismo, essencial para quem busca desafios constantes e contato direto com o p\u00fablico consumidor.<\/p>\n<h2>\u6c42\u4eba\u306e\u30d7\u30e9\u30b9\u9762<\/h2>\n<p>Entre os principais benef\u00edcios oferecidos nesta oportunidade destacam-se vale-transporte e vale-refei\u00e7\u00e3o, importantes para o suporte ao colaborador no dia a dia.<\/p>\n<p>O trabalho efetivo garante maior estabilidade, al\u00e9m de promover possibilidades de crescimento profissional no setor comercial.<\/p>\n<p>Outro diferencial \u00e9 a oportunidade de desenvolver habilidades de negocia\u00e7\u00e3o e relacionamento interpessoal, qualificando ainda mais o curr\u00edculo do profissional.<\/p>\n<p>Para quem j\u00e1 possui experi\u00eancia em vendas de material hospitalar, aumenta as chances de destaque e valoriza\u00e7\u00e3o no processo seletivo.<\/p>\n<h2>\u8003\u616e\u3059\u3079\u304d\u30de\u30a4\u30ca\u30b9\u70b9<\/h2>\n<p>O principal ponto de aten\u00e7\u00e3o \u00e9 que o sal\u00e1rio ainda ser\u00e1 combinado, o que pode gerar inseguran\u00e7a inicial para alguns candidatos em busca de remunera\u00e7\u00e3o definida.<\/p>\n<p>Al\u00e9m disso, exige-se f\u00e1cil acesso ao local de trabalho, o que pode n\u00e3o beneficiar quem mora em regi\u00f5es distantes.<\/p>\n<p>Por tratar-se de um ambiente din\u00e2mico e com atendimento ao p\u00fablico, o perfil requisitado \u00e9 de proatividade e resist\u00eancia a situa\u00e7\u00f5es de press\u00e3o.<\/p>\n<p>O trabalho presencial pode n\u00e3o ser o ideal para quem deseja atua\u00e7\u00e3o em modelo remoto ou home office.<\/p>\n<h2>\u6700\u7d42\u5224\u6c7a<\/h2>\n<p>A posi\u00e7\u00e3o de balconista \u00e9 indicada para quem gosta de desafios, dinamismo e contato com clientes, e tamb\u00e9m visa estabilidade por meio de contrata\u00e7\u00e3o CLT.<\/p>\n<p>A oferta apresenta \u00f3timos benef\u00edcios e possibilidades de crescimento no setor de vendas, com a chance de agregar bagagem importante ao curr\u00edculo.<\/p>\n<\/p>\n<\/p>\n<div style=\"background: #ffffff; border-radius: 12px; box-shadow: 0 10px 30px rgba(0, 0, 0, 0.1); width: 100%; max-width: 340px; padding: 25px; transition: transform 0.3s ease-in-out; overflow: visible; display: flex; flex-direction: column; position: relative; border: 1px solid #28a745; margin-top: 70px; margin-bottom: 50px; margin-left: auto; margin-right: auto;\">\n<div style=\"position: absolute; top: -35px; right: 15px; color: #28a745; padding: 5px 10px; border-radius: 6px; font-size: 14px; font-weight: bold; display: flex; align-items: center; z-index: 10;\">\u3042\u306a\u305f\u306b\u304a\u3059\u3059\u3081<\/div>\n<div data-namespace-header=\"\" style=\"\">\n<h3 data-namespace-title=\"\" style=\"color: #333; font-size: 20px; font-weight: bold; text-align: left; margin-right: 50px; min-height: 50px; margin-top: 0px;\">\u5e97\u54e1<\/h3>\n<\/p><\/div>\n<p data-namespace-prompt=\"\" style=\"font-size: 16px; color: #666; margin-bottom: 20px; line-height: 1.5; flex-grow: 1; text-align: left; margin-top: 0px;\">Se voc\u00ea tem experi\u00eancia em vendas e relacionamento com clientes, esta oportunidade de balconista traz benef\u00edcios como vale-refei\u00e7\u00e3o e vale-transporte, com contrato efetivo presencial.<\/p>\n<p>    <a data-namespace-url=\"\" href=\"https:\/\/mensagensdobem.com.br\/ja\/redirect\/?https:\/\/www.bne.com.br\/vaga-de-emprego-na-area-comercio-em-simoes-filho-ba\/balconista\/4960259?utm_campaign=google_jobs_apply&#038;utm_source=google_jobs_apply&#038;utm_medium=organic\" style=\"width: 100%; display: inline-block; color: white; text-decoration: none; border-radius: 6px; font-size: 16px; font-weight: bold; text-align: center; transition: transform 0.3s ease, background 0.3s ease; margin-top: auto;\" data-namespace-id=\"5c0d2565-3ba9-4280-a382-ad2a691e2285\"><br \/>\n        <button style=\"width: 100%; height: 55px; background: #e9e9ed; border: 1px solid black; color: black;\">\u4eca\u3059\u3050\u7533\u3057\u8fbc\u3080<\/button><br \/>\n    <\/a><br \/>\n    <small style=\"margin-top: 10px; color: #777; font-size: 12px; text-align: center; display: block;\">\u5225\u306e\u30a6\u30a7\u30d6\u30b5\u30a4\u30c8\u306b\u30ea\u30c0\u30a4\u30ec\u30af\u30c8\u3055\u308c\u307e\u3059<\/small>\n<\/div>\n<\/div>","protected":false},"excerpt":{"rendered":"<p>Vaga de balconista com contrata\u00e7\u00e3o efetiva, benef\u00edcios como vale-refei\u00e7\u00e3o e vale-transporte, foco em vendas e atendimento ao cliente. Veja pr\u00f3s, contras e como se candidatar.<\/p>","protected":false},"author":3,"featured_media":0,"comment_status":"open","ping_status":"open","sticky":false,"template":"","format":"standard","meta":{"footnotes":""},"categories":[8],"tags":[],"yoast_head":"<!-- This site is optimized with the Yoast SEO plugin v23.3 - https:\/\/yoast.com\/wordpress\/plugins\/seo\/ -->\n<title>Vaga para Balconista \u2013 Atribui\u00e7\u00f5es, Benef\u00edcios e Pontos de Aten\u00e7\u00e3o - MDB<\/title>\n<meta name=\"robots\" content=\"index, follow, max-snippet:-1, max-image-preview:large, max-video-preview:-1\" \/>\n<link rel=\"canonical\" href=\"https:\/\/mensagensdobem.com.br\/ja\/113595e4-9fcf-4820-8db1-a4bfc0a9606c\/\" \/>\n<meta property=\"og:locale\" content=\"ja_JP\" \/>\n<meta property=\"og:type\" content=\"article\" \/>\n<meta property=\"og:title\" content=\"Vaga para Balconista \u2013 Atribui\u00e7\u00f5es, Benef\u00edcios e Pontos de Aten\u00e7\u00e3o - MDB\" \/>\n<meta property=\"og:description\" content=\"Vaga de balconista com contrata\u00e7\u00e3o efetiva, benef\u00edcios como vale-refei\u00e7\u00e3o e vale-transporte, foco em vendas e atendimento ao cliente. Veja pr\u00f3s, contras e como se candidatar.\" \/>\n<meta property=\"og:url\" content=\"https:\/\/mensagensdobem.com.br\/ja\/113595e4-9fcf-4820-8db1-a4bfc0a9606c\/\" \/>\n<meta property=\"og:site_name\" content=\"MDB\" \/>\n<meta property=\"article:published_time\" content=\"2025-10-16T23:04:00+00:00\" \/>\n<meta property=\"article:modified_time\" content=\"2025-10-16T23:04:15+00:00\" \/>\n<meta name=\"author\" content=\"Bruno Gianni\" \/>\n<meta name=\"twitter:card\" content=\"summary_large_image\" \/>\n<meta name=\"twitter:label1\" content=\"Written by\" \/>\n\t<meta name=\"twitter:data1\" content=\"Bruno Gianni\" \/>\n\t<meta name=\"twitter:label2\" content=\"Est. reading time\" \/>\n\t<meta name=\"twitter:data2\" content=\"2\u5206\" \/>\n<script type=\"application\/ld+json\" class=\"yoast-schema-graph\">{\"@context\":\"https:\/\/schema.org\",\"@graph\":[{\"@type\":\"WebPage\",\"@id\":\"https:\/\/mensagensdobem.com.br\/113595e4-9fcf-4820-8db1-a4bfc0a9606c\/\",\"url\":\"https:\/\/mensagensdobem.com.br\/113595e4-9fcf-4820-8db1-a4bfc0a9606c\/\",\"name\":\"Vaga para Balconista \u2013 Atribui\u00e7\u00f5es, Benef\u00edcios e Pontos de Aten\u00e7\u00e3o - MDB\",\"isPartOf\":{\"@id\":\"https:\/\/mensagensdobem.com.br\/#website\"},\"datePublished\":\"2025-10-16T23:04:00+00:00\",\"dateModified\":\"2025-10-16T23:04:15+00:00\",\"author\":{\"@id\":\"https:\/\/mensagensdobem.com.br\/#\/schema\/person\/d52888235fd6563bd07d97185d6a61e4\"},\"breadcrumb\":{\"@id\":\"https:\/\/mensagensdobem.com.br\/113595e4-9fcf-4820-8db1-a4bfc0a9606c\/#breadcrumb\"},\"inLanguage\":\"ja\",\"potentialAction\":[{\"@type\":\"ReadAction\",\"target\":[\"https:\/\/mensagensdobem.com.br\/113595e4-9fcf-4820-8db1-a4bfc0a9606c\/\"]}]},{\"@type\":\"BreadcrumbList\",\"@id\":\"https:\/\/mensagensdobem.com.br\/113595e4-9fcf-4820-8db1-a4bfc0a9606c\/#breadcrumb\",\"itemListElement\":[{\"@type\":\"ListItem\",\"position\":1,\"name\":\"Home\",\"item\":\"https:\/\/mensagensdobem.com.br\/\"},{\"@type\":\"ListItem\",\"position\":2,\"name\":\"Vaga para Balconista \u2013 Atribui\u00e7\u00f5es, Benef\u00edcios e Pontos de Aten\u00e7\u00e3o\"}]},{\"@type\":\"WebSite\",\"@id\":\"https:\/\/mensagensdobem.com.br\/#website\",\"url\":\"https:\/\/mensagensdobem.com.br\/\",\"name\":\"MDB\",\"description\":\"\",\"potentialAction\":[{\"@type\":\"SearchAction\",\"target\":{\"@type\":\"EntryPoint\",\"urlTemplate\":\"https:\/\/mensagensdobem.com.br\/?s={search_term_string}\"},\"query-input\":\"required name=search_term_string\"}],\"inLanguage\":\"ja\"},{\"@type\":\"Person\",\"@id\":\"https:\/\/mensagensdobem.com.br\/#\/schema\/person\/d52888235fd6563bd07d97185d6a61e4\",\"name\":\"Bruno Gianni\",\"image\":{\"@type\":\"ImageObject\",\"inLanguage\":\"ja\",\"@id\":\"https:\/\/mensagensdobem.com.br\/#\/schema\/person\/image\/\",\"url\":\"https:\/\/secure.gravatar.com\/avatar\/0f5d42d7bf77874643c1478932860e3f?s=96&d=mm&r=g\",\"contentUrl\":\"https:\/\/secure.gravatar.com\/avatar\/0f5d42d7bf77874643c1478932860e3f?s=96&d=mm&r=g\",\"caption\":\"Bruno Gianni\"},\"description\":\"Bruno writes the way he lives, with curiosity, care, and respect for people. He likes to observe, listen, and try to understand what is happening on the other side before putting any words on the page.For him, writing is not about impressing, but about getting closer. It is about turning thoughts into something simple, clear, and real. Every text is an ongoing conversation, created with care and honesty, with the sincere intention of touching someone, somewhere along the way.\",\"url\":\"https:\/\/mensagensdobem.com.br\/ja\/author\/bcgianni\/\"}]}<\/script>\n<!-- \/ Yoast SEO plugin. -->","yoast_head_json":{"title":"Vaga para Balconista \u2013 Atribui\u00e7\u00f5es, Benef\u00edcios e Pontos de Aten\u00e7\u00e3o - MDB","robots":{"index":"index","follow":"follow","max-snippet":"max-snippet:-1","max-image-preview":"max-image-preview:large","max-video-preview":"max-video-preview:-1"},"canonical":"https:\/\/mensagensdobem.com.br\/ja\/113595e4-9fcf-4820-8db1-a4bfc0a9606c\/","og_locale":"ja_JP","og_type":"article","og_title":"Vaga para Balconista \u2013 Atribui\u00e7\u00f5es, Benef\u00edcios e Pontos de Aten\u00e7\u00e3o - MDB","og_description":"Vaga de balconista com contrata\u00e7\u00e3o efetiva, benef\u00edcios como vale-refei\u00e7\u00e3o e vale-transporte, foco em vendas e atendimento ao cliente. Veja pr\u00f3s, contras e como se candidatar.","og_url":"https:\/\/mensagensdobem.com.br\/ja\/113595e4-9fcf-4820-8db1-a4bfc0a9606c\/","og_site_name":"MDB","article_published_time":"2025-10-16T23:04:00+00:00","article_modified_time":"2025-10-16T23:04:15+00:00","author":"Bruno Gianni","twitter_card":"summary_large_image","twitter_misc":{"Written by":"Bruno Gianni","Est. reading time":"2\u5206"},"schema":{"@context":"https:\/\/schema.org","@graph":[{"@type":"WebPage","@id":"https:\/\/mensagensdobem.com.br\/113595e4-9fcf-4820-8db1-a4bfc0a9606c\/","url":"https:\/\/mensagensdobem.com.br\/113595e4-9fcf-4820-8db1-a4bfc0a9606c\/","name":"Vaga para Balconista \u2013 Atribui\u00e7\u00f5es, Benef\u00edcios e Pontos de Aten\u00e7\u00e3o - MDB","isPartOf":{"@id":"https:\/\/mensagensdobem.com.br\/#website"},"datePublished":"2025-10-16T23:04:00+00:00","dateModified":"2025-10-16T23:04:15+00:00","author":{"@id":"https:\/\/mensagensdobem.com.br\/#\/schema\/person\/d52888235fd6563bd07d97185d6a61e4"},"breadcrumb":{"@id":"https:\/\/mensagensdobem.com.br\/113595e4-9fcf-4820-8db1-a4bfc0a9606c\/#breadcrumb"},"inLanguage":"ja","potentialAction":[{"@type":"ReadAction","target":["https:\/\/mensagensdobem.com.br\/113595e4-9fcf-4820-8db1-a4bfc0a9606c\/"]}]},{"@type":"BreadcrumbList","@id":"https:\/\/mensagensdobem.com.br\/113595e4-9fcf-4820-8db1-a4bfc0a9606c\/#breadcrumb","itemListElement":[{"@type":"ListItem","position":1,"name":"Home","item":"https:\/\/mensagensdobem.com.br\/"},{"@type":"ListItem","position":2,"name":"Vaga para Balconista \u2013 Atribui\u00e7\u00f5es, Benef\u00edcios e Pontos de Aten\u00e7\u00e3o"}]},{"@type":"WebSite","@id":"https:\/\/mensagensdobem.com.br\/#website","url":"https:\/\/mensagensdobem.com.br\/","name":"MDB","description":"","potentialAction":[{"@type":"SearchAction","target":{"@type":"EntryPoint","urlTemplate":"https:\/\/mensagensdobem.com.br\/?s={search_term_string}"},"query-input":"required name=search_term_string"}],"inLanguage":"ja"},{"@type":"Person","@id":"https:\/\/mensagensdobem.com.br\/#\/schema\/person\/d52888235fd6563bd07d97185d6a61e4","name":"Bruno Gianni","image":{"@type":"ImageObject","inLanguage":"ja","@id":"https:\/\/mensagensdobem.com.br\/#\/schema\/person\/image\/","url":"https:\/\/secure.gravatar.com\/avatar\/0f5d42d7bf77874643c1478932860e3f?s=96&d=mm&r=g","contentUrl":"https:\/\/secure.gravatar.com\/avatar\/0f5d42d7bf77874643c1478932860e3f?s=96&d=mm&r=g","caption":"Bruno Gianni"},"description":"Bruno writes the way he lives, with curiosity, care, and respect for people. He likes to observe, listen, and try to understand what is happening on the other side before putting any words on the page.For him, writing is not about impressing, but about getting closer. It is about turning thoughts into something simple, clear, and real. Every text is an ongoing conversation, created with care and honesty, with the sincere intention of touching someone, somewhere along the way.","url":"https:\/\/mensagensdobem.com.br\/ja\/author\/bcgianni\/"}]}},"_links":{"self":[{"href":"https:\/\/mensagensdobem.com.br\/ja\/wp-json\/wp\/v2\/posts\/2450"}],"collection":[{"href":"https:\/\/mensagensdobem.com.br\/ja\/wp-json\/wp\/v2\/posts"}],"about":[{"href":"https:\/\/mensagensdobem.com.br\/ja\/wp-json\/wp\/v2\/types\/post"}],"author":[{"embeddable":true,"href":"https:\/\/mensagensdobem.com.br\/ja\/wp-json\/wp\/v2\/users\/3"}],"replies":[{"embeddable":true,"href":"https:\/\/mensagensdobem.com.br\/ja\/wp-json\/wp\/v2\/comments?post=2450"}],"version-history":[{"count":1,"href":"https:\/\/mensagensdobem.com.br\/ja\/wp-json\/wp\/v2\/posts\/2450\/revisions"}],"predecessor-version":[{"id":2511,"href":"https:\/\/mensagensdobem.com.br\/ja\/wp-json\/wp\/v2\/posts\/2450\/revisions\/2511"}],"wp:attachment":[{"href":"https:\/\/mensagensdobem.com.br\/ja\/wp-json\/wp\/v2\/media?parent=2450"}],"wp:term":[{"taxonomy":"category","embeddable":true,"href":"https:\/\/mensagensdobem.com.br\/ja\/wp-json\/wp\/v2\/categories?post=2450"},{"taxonomy":"post_tag","embeddable":true,"href":"https:\/\/mensagensdobem.com.br\/ja\/wp-json\/wp\/v2\/tags?post=2450"}],"curies":[{"name":"wp","href":"https:\/\/api.w.org\/{rel}","templated":true}]}}