{"id":25269,"date":"2026-03-22T03:55:00","date_gmt":"2026-03-22T03:55:00","guid":{"rendered":"https:\/\/mensagensdobem.com.br\/18dc2ae4-bf87-4759-a4d4-bde5c551581e\/"},"modified":"2026-03-22T03:55:18","modified_gmt":"2026-03-22T03:55:18","slug":"18dc2ae4-bf87-4759-a4d4-bde5c551581e","status":"publish","type":"post","link":"https:\/\/mensagensdobem.com.br\/ja\/18dc2ae4-bf87-4759-a4d4-bde5c551581e\/","title":{"rendered":"Vendedor Balconista PcD: Sal\u00e1rio de R$1.539, CLT e Vaga Exclusiva!"},"content":{"rendered":"<div class=\"mx-5 sm:mx-0 prose text-left mb-5\">\n<\/p>\n<div style=\"background: #ffffff; border-radius: 12px; box-shadow: 0 10px 30px rgba(0, 0, 0, 0.1); width: 100%; max-width: 340px; padding: 25px; transition: transform 0.3s ease-in-out; overflow: visible; display: flex; flex-direction: column; position: relative; border: 1px solid #28a745; margin-top: 70px; margin-bottom: 50px; margin-left: auto; margin-right: auto;\">\n<div style=\"position: absolute; top: -35px; right: 15px; color: #28a745; padding: 5px 10px; border-radius: 6px; font-size: 14px; font-weight: bold; display: flex; align-items: center; z-index: 10;\">\u3042\u306a\u305f\u306b\u304a\u3059\u3059\u3081<\/div>\n<div data-namespace-header=\"\" style=\"\">\n<h3 data-namespace-title=\"\" style=\"color: #333; font-size: 20px; font-weight: bold; text-align: left; margin-right: 50px; min-height: 50px; margin-top: 0px;\">\u8ca9\u58f2\u54e1\uff08\u969c\u304c\u3044\u8005\uff09<\/h3>\n<\/p><\/div>\n<p data-namespace-prompt=\"\" style=\"font-size: 16px; color: #666; margin-bottom: 20px; line-height: 1.5; flex-grow: 1; text-align: left; margin-top: 0px;\">Oportunidade exclusiva para PcD. Atue em vendas, recep\u00e7\u00e3o de clientes, e prospec\u00e7\u00e3o com sal\u00e1rio fixo, registro CLT e jornada integral. Candidate-se j\u00e1!<\/p>\n<p>    <a data-namespace-url=\"\" href=\"https:\/\/mensagensdobem.com.br\/ja\/redirect\/?https:\/\/www.infojobs.com.br\/vaga-de-vendedor-balconista-pessoas-deficiencia-em-sao-paulo__11374829.aspx?utm_campaign=google_jobs_apply&#038;utm_source=google_jobs_apply&#038;utm_medium=organic\" style=\"width: 100%; display: inline-block; color: white; text-decoration: none; border-radius: 6px; font-size: 16px; font-weight: bold; text-align: center; transition: transform 0.3s ease, background 0.3s ease; margin-top: auto;\" data-namespace-id=\"5c0d2565-3ba9-4280-a382-ad2a691e2285\"><br \/>\n        <button style=\"width: 100%; height: 55px; background: #e9e9ed; border: 1px solid black; color: black;\">\u6c42\u4eba\u306b\u5fdc\u52df\u3059\u308b<\/button><br \/>\n    <\/a><br \/>\n    <small style=\"margin-top: 10px; color: #777; font-size: 12px; text-align: center; display: block;\">\u5225\u306e\u30a6\u30a7\u30d6\u30b5\u30a4\u30c8\u306b\u30ea\u30c0\u30a4\u30ec\u30af\u30c8\u3055\u308c\u307e\u3059<\/small>\n<\/div>\n<p>A vaga de Vendedor Balconista PcD oferece remunera\u00e7\u00e3o de R$1.539 mensais e contrata\u00e7\u00e3o CLT em per\u00edodo integral. \u00danica para pessoas com defici\u00eancia, valoriza diversidade e inclus\u00e3o no ambiente de trabalho.<\/p>\n<p>\u00c9 importante destacar que \u00e9 exigido ensino m\u00e9dio completo para aplicar \u00e0 vaga, al\u00e9m de experi\u00eancia pr\u00e9via com vendas, tanto presencial quanto por telefone, ampliando as chances de desempenho e integra\u00e7\u00e3o \u00e0 equipe.<\/p>\n<p>O foco principal \u00e9 promover atendimento de excel\u00eancia, gerenciando uma carteira de clientes e identificando as melhores solu\u00e7\u00f5es em produtos, como climatizadores e equipamentos de refrigera\u00e7\u00e3o.<\/p>\n<h2>\u65e5\u3005\u306e\u8cac\u4efb<\/h2>\n<p>O Vendedor Balconista PcD ser\u00e1 respons\u00e1vel pelo atendimento presencial, telef\u00f4nico e por e-mail, esclarecendo d\u00favidas e sugerindo as melhores alternativas aos clientes.<\/p>\n<p>Esse profissional tamb\u00e9m trabalhar\u00e1 com prospec\u00e7\u00e3o de novos clientes e manuten\u00e7\u00e3o do relacionamento com cada um deles.<\/p>\n<p>Administrar a carteira j\u00e1 existente faz parte da rotina, ampliando atendimentos e fortalecendo v\u00ednculos.<\/p>\n<p>Al\u00e9m disso, o dia a dia inclui vendas consultivas, apresentando as vantagens de cada produto dispon\u00edvel, o que exige comunica\u00e7\u00e3o clara e empatia.<\/p>\n<p>O hor\u00e1rio \u00e9 de segunda a sexta-feira, das 08h \u00e0s 18h, com intervalo de 1h12min, favorecendo o equil\u00edbrio entre vida pessoal e profissional.<\/p>\n<h2>\u3053\u306e\u30dd\u30b8\u30b7\u30e7\u30f3\u306e\u5229\u70b9<\/h2>\n<p>Entre os principais benef\u00edcios, destaca-se o sal\u00e1rio fixo e a estabilidade proporcionada pelo registro em carteira, garantindo acesso a direitos trabalhistas.<\/p>\n<p>O hor\u00e1rio regular e previs\u00edvel evita surpresas desagrad\u00e1veis, sendo ideal para quem busca previsibilidade na rotina.<\/p>\n<p>A vaga valoriza a inclus\u00e3o, sendo exclusiva para PcD, o que contribui para um ambiente com representatividade e respeito.<\/p>\n<p>Al\u00e9m disso, o contato direto com clientes propicia crescimento pessoal e desenvolvimento de habilidades comerciais.<\/p>\n<p>Trabalhar em vendas oferece oportunidade de b\u00f4nus e evolu\u00e7\u00e3o de carreira dentro da \u00e1rea comercial, ideal para profissionais que desejam crescer.<\/p>\n<h2>\u30c7\u30e1\u30ea\u30c3\u30c8\u3068\u8ab2\u984c<\/h2>\n<p>Entre os principais desafios da vaga est\u00e1 a necessidade de lidar com metas de vendas e prazos, o que pode demandar resili\u00eancia emocional.<\/p>\n<p>O trabalho \u00e9 totalmente presencial, limitando quem procura flexibilidade ou atividades em home office.<\/p>\n<p>Atender diferentes perfis de clientes exige paci\u00eancia, al\u00e9m de constante atualiza\u00e7\u00e3o sobre produtos e t\u00e9cnicas de venda.<\/p>\n<p>\u00c9 indispens\u00e1vel disposi\u00e7\u00e3o para o aprendizado cotidiano, pois o setor de climatiza\u00e7\u00e3o \u00e9 din\u00e2mico e de r\u00e1pida evolu\u00e7\u00e3o.<\/p>\n<p>A burocracia do registro CLT pode tornar processos internos lentos, exigindo organiza\u00e7\u00e3o e foco no cumprimento de normas.<\/p>\n<h2>\u6700\u7d42\u8a55\u6c7a<\/h2>\n<p>Para quem busca uma posi\u00e7\u00e3o est\u00e1vel em vendas, com sal\u00e1rio fixo e ambiente inclusivo, a vaga de Vendedor Balconista PcD \u00e9 uma excelente escolha.<\/p>\n<p>Ideal para profissionais que gostam de rotina, atendimento ao p\u00fablico e querem contribuir para um mundo corporativo mais diverso e acess\u00edvel.<\/p>\n<div style=\"background: #ffffff; border-radius: 12px; box-shadow: 0 10px 30px rgba(0, 0, 0, 0.1); width: 100%; max-width: 340px; padding: 25px; transition: transform 0.3s ease-in-out; overflow: visible; display: flex; flex-direction: column; position: relative; border: 1px solid #28a745; margin-top: 70px; margin-bottom: 50px; margin-left: auto; margin-right: auto;\">\n<div style=\"position: absolute; top: -35px; right: 15px; color: #28a745; padding: 5px 10px; border-radius: 6px; font-size: 14px; font-weight: bold; display: flex; align-items: center; z-index: 10;\">\u3042\u306a\u305f\u306b\u304a\u3059\u3059\u3081<\/div>\n<div data-namespace-header=\"\" style=\"\">\n<h3 data-namespace-title=\"\" style=\"color: #333; font-size: 20px; font-weight: bold; text-align: left; margin-right: 50px; min-height: 50px; margin-top: 0px;\">\u8ca9\u58f2\u54e1\uff08\u969c\u304c\u3044\u8005\uff09<\/h3>\n<\/p><\/div>\n<p data-namespace-prompt=\"\" style=\"font-size: 16px; color: #666; margin-bottom: 20px; line-height: 1.5; flex-grow: 1; text-align: left; margin-top: 0px;\">Oportunidade exclusiva para PcD. Atue em vendas, recep\u00e7\u00e3o de clientes, e prospec\u00e7\u00e3o com sal\u00e1rio fixo, registro CLT e jornada integral. Candidate-se j\u00e1!<\/p>\n<p>    <a data-namespace-url=\"\" href=\"https:\/\/mensagensdobem.com.br\/ja\/redirect\/?https:\/\/www.infojobs.com.br\/vaga-de-vendedor-balconista-pessoas-deficiencia-em-sao-paulo__11374829.aspx?utm_campaign=google_jobs_apply&#038;utm_source=google_jobs_apply&#038;utm_medium=organic\" style=\"width: 100%; display: inline-block; color: white; text-decoration: none; border-radius: 6px; font-size: 16px; font-weight: bold; text-align: center; transition: transform 0.3s ease, background 0.3s ease; margin-top: auto;\" data-namespace-id=\"5c0d2565-3ba9-4280-a382-ad2a691e2285\"><br \/>\n        <button style=\"width: 100%; height: 55px; background: #e9e9ed; border: 1px solid black; color: black;\">\u6c42\u4eba\u306b\u5fdc\u52df\u3059\u308b<\/button><br \/>\n    <\/a><br \/>\n    <small style=\"margin-top: 10px; color: #777; font-size: 12px; text-align: center; display: block;\">\u5225\u306e\u30a6\u30a7\u30d6\u30b5\u30a4\u30c8\u306b\u30ea\u30c0\u30a4\u30ec\u30af\u30c8\u3055\u308c\u307e\u3059<\/small>\n<\/div>\n<\/div>","protected":false},"excerpt":{"rendered":"<p>Saiba mais sobre a vaga de Vendedor Balconista exclusiva para PcD. Sal\u00e1rio de R$1.539, registro CLT e benef\u00edcios. Veja pr\u00f3s, contras e requisitos antes de se candidatar!<\/p>","protected":false},"author":3,"featured_media":0,"comment_status":"open","ping_status":"open","sticky":false,"template":"","format":"standard","meta":{"footnotes":""},"categories":[8],"tags":[],"yoast_head":"<!-- This site is optimized with the Yoast SEO plugin v23.3 - https:\/\/yoast.com\/wordpress\/plugins\/seo\/ -->\n<title>Vendedor Balconista PcD: Sal\u00e1rio de R$1.539, CLT e Vaga Exclusiva! - MDB<\/title>\n<meta name=\"robots\" content=\"index, follow, max-snippet:-1, max-image-preview:large, max-video-preview:-1\" \/>\n<link rel=\"canonical\" href=\"https:\/\/mensagensdobem.com.br\/ja\/18dc2ae4-bf87-4759-a4d4-bde5c551581e\/\" \/>\n<meta property=\"og:locale\" content=\"ja_JP\" \/>\n<meta property=\"og:type\" content=\"article\" \/>\n<meta property=\"og:title\" content=\"Vendedor Balconista PcD: Sal\u00e1rio de R$1.539, CLT e Vaga Exclusiva! - MDB\" \/>\n<meta property=\"og:description\" content=\"Saiba mais sobre a vaga de Vendedor Balconista exclusiva para PcD. Sal\u00e1rio de R$1.539, registro CLT e benef\u00edcios. Veja pr\u00f3s, contras e requisitos antes de se candidatar!\" \/>\n<meta property=\"og:url\" content=\"https:\/\/mensagensdobem.com.br\/ja\/18dc2ae4-bf87-4759-a4d4-bde5c551581e\/\" \/>\n<meta property=\"og:site_name\" content=\"MDB\" \/>\n<meta property=\"article:published_time\" content=\"2026-03-22T03:55:00+00:00\" \/>\n<meta property=\"article:modified_time\" content=\"2026-03-22T03:55:18+00:00\" \/>\n<meta name=\"author\" content=\"Bruno Gianni\" \/>\n<meta name=\"twitter:card\" content=\"summary_large_image\" \/>\n<meta name=\"twitter:label1\" content=\"Written by\" \/>\n\t<meta name=\"twitter:data1\" content=\"Bruno Gianni\" \/>\n\t<meta name=\"twitter:label2\" content=\"Est. reading time\" \/>\n\t<meta name=\"twitter:data2\" content=\"3\u5206\" \/>\n<script type=\"application\/ld+json\" class=\"yoast-schema-graph\">{\"@context\":\"https:\/\/schema.org\",\"@graph\":[{\"@type\":\"WebPage\",\"@id\":\"https:\/\/mensagensdobem.com.br\/18dc2ae4-bf87-4759-a4d4-bde5c551581e\/\",\"url\":\"https:\/\/mensagensdobem.com.br\/18dc2ae4-bf87-4759-a4d4-bde5c551581e\/\",\"name\":\"Vendedor Balconista PcD: Sal\u00e1rio de R$1.539, CLT e Vaga Exclusiva! - MDB\",\"isPartOf\":{\"@id\":\"https:\/\/mensagensdobem.com.br\/#website\"},\"datePublished\":\"2026-03-22T03:55:00+00:00\",\"dateModified\":\"2026-03-22T03:55:18+00:00\",\"author\":{\"@id\":\"https:\/\/mensagensdobem.com.br\/#\/schema\/person\/d52888235fd6563bd07d97185d6a61e4\"},\"breadcrumb\":{\"@id\":\"https:\/\/mensagensdobem.com.br\/18dc2ae4-bf87-4759-a4d4-bde5c551581e\/#breadcrumb\"},\"inLanguage\":\"ja\",\"potentialAction\":[{\"@type\":\"ReadAction\",\"target\":[\"https:\/\/mensagensdobem.com.br\/18dc2ae4-bf87-4759-a4d4-bde5c551581e\/\"]}]},{\"@type\":\"BreadcrumbList\",\"@id\":\"https:\/\/mensagensdobem.com.br\/18dc2ae4-bf87-4759-a4d4-bde5c551581e\/#breadcrumb\",\"itemListElement\":[{\"@type\":\"ListItem\",\"position\":1,\"name\":\"Home\",\"item\":\"https:\/\/mensagensdobem.com.br\/\"},{\"@type\":\"ListItem\",\"position\":2,\"name\":\"Vendedor Balconista PcD: Sal\u00e1rio de R$1.539, CLT e Vaga Exclusiva!\"}]},{\"@type\":\"WebSite\",\"@id\":\"https:\/\/mensagensdobem.com.br\/#website\",\"url\":\"https:\/\/mensagensdobem.com.br\/\",\"name\":\"MDB\",\"description\":\"\",\"potentialAction\":[{\"@type\":\"SearchAction\",\"target\":{\"@type\":\"EntryPoint\",\"urlTemplate\":\"https:\/\/mensagensdobem.com.br\/?s={search_term_string}\"},\"query-input\":\"required name=search_term_string\"}],\"inLanguage\":\"ja\"},{\"@type\":\"Person\",\"@id\":\"https:\/\/mensagensdobem.com.br\/#\/schema\/person\/d52888235fd6563bd07d97185d6a61e4\",\"name\":\"Bruno Gianni\",\"image\":{\"@type\":\"ImageObject\",\"inLanguage\":\"ja\",\"@id\":\"https:\/\/mensagensdobem.com.br\/#\/schema\/person\/image\/\",\"url\":\"https:\/\/secure.gravatar.com\/avatar\/0f5d42d7bf77874643c1478932860e3f?s=96&d=mm&r=g\",\"contentUrl\":\"https:\/\/secure.gravatar.com\/avatar\/0f5d42d7bf77874643c1478932860e3f?s=96&d=mm&r=g\",\"caption\":\"Bruno Gianni\"},\"description\":\"Bruno writes the way he lives, with curiosity, care, and respect for people. He likes to observe, listen, and try to understand what is happening on the other side before putting any words on the page.For him, writing is not about impressing, but about getting closer. It is about turning thoughts into something simple, clear, and real. Every text is an ongoing conversation, created with care and honesty, with the sincere intention of touching someone, somewhere along the way.\",\"url\":\"https:\/\/mensagensdobem.com.br\/ja\/author\/bcgianni\/\"}]}<\/script>\n<!-- \/ Yoast SEO plugin. -->","yoast_head_json":{"title":"Vendedor Balconista PcD: Sal\u00e1rio de R$1.539, CLT e Vaga Exclusiva! - MDB","robots":{"index":"index","follow":"follow","max-snippet":"max-snippet:-1","max-image-preview":"max-image-preview:large","max-video-preview":"max-video-preview:-1"},"canonical":"https:\/\/mensagensdobem.com.br\/ja\/18dc2ae4-bf87-4759-a4d4-bde5c551581e\/","og_locale":"ja_JP","og_type":"article","og_title":"Vendedor Balconista PcD: Sal\u00e1rio de R$1.539, CLT e Vaga Exclusiva! - MDB","og_description":"Saiba mais sobre a vaga de Vendedor Balconista exclusiva para PcD. Sal\u00e1rio de R$1.539, registro CLT e benef\u00edcios. Veja pr\u00f3s, contras e requisitos antes de se candidatar!","og_url":"https:\/\/mensagensdobem.com.br\/ja\/18dc2ae4-bf87-4759-a4d4-bde5c551581e\/","og_site_name":"MDB","article_published_time":"2026-03-22T03:55:00+00:00","article_modified_time":"2026-03-22T03:55:18+00:00","author":"Bruno Gianni","twitter_card":"summary_large_image","twitter_misc":{"Written by":"Bruno Gianni","Est. reading time":"3\u5206"},"schema":{"@context":"https:\/\/schema.org","@graph":[{"@type":"WebPage","@id":"https:\/\/mensagensdobem.com.br\/18dc2ae4-bf87-4759-a4d4-bde5c551581e\/","url":"https:\/\/mensagensdobem.com.br\/18dc2ae4-bf87-4759-a4d4-bde5c551581e\/","name":"Vendedor Balconista PcD: Sal\u00e1rio de R$1.539, CLT e Vaga Exclusiva! - MDB","isPartOf":{"@id":"https:\/\/mensagensdobem.com.br\/#website"},"datePublished":"2026-03-22T03:55:00+00:00","dateModified":"2026-03-22T03:55:18+00:00","author":{"@id":"https:\/\/mensagensdobem.com.br\/#\/schema\/person\/d52888235fd6563bd07d97185d6a61e4"},"breadcrumb":{"@id":"https:\/\/mensagensdobem.com.br\/18dc2ae4-bf87-4759-a4d4-bde5c551581e\/#breadcrumb"},"inLanguage":"ja","potentialAction":[{"@type":"ReadAction","target":["https:\/\/mensagensdobem.com.br\/18dc2ae4-bf87-4759-a4d4-bde5c551581e\/"]}]},{"@type":"BreadcrumbList","@id":"https:\/\/mensagensdobem.com.br\/18dc2ae4-bf87-4759-a4d4-bde5c551581e\/#breadcrumb","itemListElement":[{"@type":"ListItem","position":1,"name":"Home","item":"https:\/\/mensagensdobem.com.br\/"},{"@type":"ListItem","position":2,"name":"Vendedor Balconista PcD: Sal\u00e1rio de R$1.539, CLT e Vaga Exclusiva!"}]},{"@type":"WebSite","@id":"https:\/\/mensagensdobem.com.br\/#website","url":"https:\/\/mensagensdobem.com.br\/","name":"MDB","description":"","potentialAction":[{"@type":"SearchAction","target":{"@type":"EntryPoint","urlTemplate":"https:\/\/mensagensdobem.com.br\/?s={search_term_string}"},"query-input":"required name=search_term_string"}],"inLanguage":"ja"},{"@type":"Person","@id":"https:\/\/mensagensdobem.com.br\/#\/schema\/person\/d52888235fd6563bd07d97185d6a61e4","name":"Bruno Gianni","image":{"@type":"ImageObject","inLanguage":"ja","@id":"https:\/\/mensagensdobem.com.br\/#\/schema\/person\/image\/","url":"https:\/\/secure.gravatar.com\/avatar\/0f5d42d7bf77874643c1478932860e3f?s=96&d=mm&r=g","contentUrl":"https:\/\/secure.gravatar.com\/avatar\/0f5d42d7bf77874643c1478932860e3f?s=96&d=mm&r=g","caption":"Bruno Gianni"},"description":"Bruno writes the way he lives, with curiosity, care, and respect for people. He likes to observe, listen, and try to understand what is happening on the other side before putting any words on the page.For him, writing is not about impressing, but about getting closer. It is about turning thoughts into something simple, clear, and real. Every text is an ongoing conversation, created with care and honesty, with the sincere intention of touching someone, somewhere along the way.","url":"https:\/\/mensagensdobem.com.br\/ja\/author\/bcgianni\/"}]}},"_links":{"self":[{"href":"https:\/\/mensagensdobem.com.br\/ja\/wp-json\/wp\/v2\/posts\/25269"}],"collection":[{"href":"https:\/\/mensagensdobem.com.br\/ja\/wp-json\/wp\/v2\/posts"}],"about":[{"href":"https:\/\/mensagensdobem.com.br\/ja\/wp-json\/wp\/v2\/types\/post"}],"author":[{"embeddable":true,"href":"https:\/\/mensagensdobem.com.br\/ja\/wp-json\/wp\/v2\/users\/3"}],"replies":[{"embeddable":true,"href":"https:\/\/mensagensdobem.com.br\/ja\/wp-json\/wp\/v2\/comments?post=25269"}],"version-history":[{"count":1,"href":"https:\/\/mensagensdobem.com.br\/ja\/wp-json\/wp\/v2\/posts\/25269\/revisions"}],"predecessor-version":[{"id":25272,"href":"https:\/\/mensagensdobem.com.br\/ja\/wp-json\/wp\/v2\/posts\/25269\/revisions\/25272"}],"wp:attachment":[{"href":"https:\/\/mensagensdobem.com.br\/ja\/wp-json\/wp\/v2\/media?parent=25269"}],"wp:term":[{"taxonomy":"category","embeddable":true,"href":"https:\/\/mensagensdobem.com.br\/ja\/wp-json\/wp\/v2\/categories?post=25269"},{"taxonomy":"post_tag","embeddable":true,"href":"https:\/\/mensagensdobem.com.br\/ja\/wp-json\/wp\/v2\/tags?post=25269"}],"curies":[{"name":"wp","href":"https:\/\/api.w.org\/{rel}","templated":true}]}}