{"id":25277,"date":"2026-03-22T04:23:00","date_gmt":"2026-03-22T04:23:00","guid":{"rendered":"https:\/\/mensagensdobem.com.br\/abbb4e71-032e-420e-bb05-5b3d3bfba731\/"},"modified":"2026-03-22T04:23:43","modified_gmt":"2026-03-22T04:23:43","slug":"abbb4e71-032e-420e-bb05-5b3d3bfba731","status":"publish","type":"post","link":"https:\/\/mensagensdobem.com.br\/ja\/abbb4e71-032e-420e-bb05-5b3d3bfba731\/","title":{"rendered":"Vaga de Vendedora\/Balconista: Sal\u00e1rio Atraente, Benef\u00edcios e Contrata\u00e7\u00e3o CLT"},"content":{"rendered":"<div class=\"mx-5 sm:mx-0 prose text-left mb-5\">\n<\/p>\n<div style=\"background: #ffffff; border-radius: 12px; box-shadow: 0 10px 30px rgba(0, 0, 0, 0.1); width: 100%; max-width: 340px; padding: 25px; transition: transform 0.3s ease-in-out; overflow: visible; display: flex; flex-direction: column; position: relative; border: 1px solid #28a745; margin-top: 70px; margin-bottom: 50px; margin-left: auto; margin-right: auto;\">\n<div style=\"position: absolute; top: -35px; right: 15px; color: #28a745; padding: 5px 10px; border-radius: 6px; font-size: 14px; font-weight: bold; display: flex; align-items: center; z-index: 10;\">\u3042\u306a\u305f\u306b\u304a\u3059\u3059\u3081<\/div>\n<div data-namespace-header=\"\" style=\"\">\n<h3 data-namespace-title=\"\" style=\"color: #333; font-size: 20px; font-weight: bold; text-align: left; margin-right: 50px; min-height: 50px; margin-top: 0px;\">\u8ca9\u58f2\u54e1\/\u30ab\u30a6\u30f3\u30bf\u30fc\u4fc2<\/h3>\n<\/p><\/div>\n<p data-namespace-prompt=\"\" style=\"font-size: 16px; color: #666; margin-bottom: 20px; line-height: 1.5; flex-grow: 1; text-align: left; margin-top: 0px;\">Atenda clientes, fa\u00e7a vendas, organize o local e receba sal\u00e1rio fixo com comiss\u00e3o, VT e benef\u00edcios em regime CLT. Perfil comunicativo e pr\u00f3-ativo valorizado.<\/p>\n<p>    <a data-namespace-url=\"\" href=\"https:\/\/mensagensdobem.com.br\/ja\/redirect\/?https:\/\/www.catho.com.br\/vagas\/vendedora-balconista\/35218281\/?utm_campaign=google_jobs_apply&#038;utm_source=google_jobs_apply&#038;utm_medium=organic\" style=\"width: 100%; display: inline-block; color: white; text-decoration: none; border-radius: 6px; font-size: 16px; font-weight: bold; text-align: center; transition: transform 0.3s ease, background 0.3s ease; margin-top: auto;\" data-namespace-id=\"5c0d2565-3ba9-4280-a382-ad2a691e2285\"><br \/>\n        <button style=\"width: 100%; height: 55px; background: #e9e9ed; border: 1px solid black; color: black;\">\u6c42\u4eba\u306b\u5fdc\u52df\u3059\u308b<\/button><br \/>\n    <\/a><br \/>\n    <small style=\"margin-top: 10px; color: #777; font-size: 12px; text-align: center; display: block;\">Voc\u00ea ser\u00e1 redirecionada para outro site<\/small>\n<\/div>\n<p>Se voc\u00ea procura uma oportunidade de emprego administrativa com foco em vendas, h\u00e1 uma excelente vaga aberta para o cargo de Vendedora\/Balconista. Aqui, al\u00e9m do sal\u00e1rio fixo de R$ 2.500,00, a empresa oferece comiss\u00e3o sobre as vendas realizadas, o que pode alavancar a sua remunera\u00e7\u00e3o mensal. O regime de contrata\u00e7\u00e3o \u00e9 CLT, garantindo carteira assinada e todos os direitos trabalhistas.<\/p>\n<p>Al\u00e9m do valor competitivo, a vaga acompanha vale transporte, ampliando o pacote de benef\u00edcios. O ritmo de trabalho \u00e9 de segunda a sexta-feira, das 8h \u00e0s 17h, e aos s\u00e1bados, das 9h \u00e0s 13h. Isso favorece o equil\u00edbrio entre trabalho e vida pessoal, tornando a proposta ainda mais atraente para quem quer estabilidade e rotina bem definida.<\/p>\n<h2>\u4ed5\u4e8b\u306e\u30eb\u30fc\u30c1\u30f3\u3068\u8cac\u4efb<\/h2>\n<p>O foco da fun\u00e7\u00e3o \u00e9 proporcionar atendimento aos clientes no balc\u00e3o e conduzir vendas de produtos e servi\u00e7os da empresa. Tamb\u00e9m \u00e9 solicitado ao profissional a organiza\u00e7\u00e3o do ambiente de trabalho, mantendo-o sempre limpo e acolhedor, al\u00e9m de oferecer suporte b\u00e1sico ao cliente.<\/p>\n<p>Al\u00e9m dos pagamentos fixos, as comiss\u00f5es representam um incentivo interessante para quem possui perfil comercial. A experi\u00eancia anterior em vendas \u00e9 valorizada, mas n\u00e3o \u00e9 obrigat\u00f3ria, abrindo espa\u00e7o para diversos perfis profissionais.<\/p>\n<p>A comunica\u00e7\u00e3o e a proatividade s\u00e3o essenciais. Demonstrar organiza\u00e7\u00e3o nas atividades di\u00e1rias tamb\u00e9m \u00e9 fundamental para garantir sucesso e bom relacionamento com a equipe e os consumidores.<\/p>\n<p>O contato frequente com clientes possibilita que a vendedora desenvolva habilidades interpessoais importantes e aprenda diariamente sobre os produtos e servi\u00e7o oferecidos pela empresa.<\/p>\n<p>No dia a dia, espere um ambiente din\u00e2mico, com foco em resultados e valoriza\u00e7\u00e3o do esfor\u00e7o individual e coletivo.<\/p>\n<h2>\u4ed5\u4e8b\u306e\u826f\u3044\u70b9<\/h2>\n<p>O principal benef\u00edcio est\u00e1 no modelo de remunera\u00e7\u00e3o, combinando sal\u00e1rio competitivo com comiss\u00f5es. Isso permite ganhos mensais superiores conforme seu desempenho em vendas.<\/p>\n<p>O regime CLT garante estabilidade, com registro em carteira e todos os direitos trabalhistas, trazendo seguran\u00e7a para quem valoriza benef\u00edcios formais.<\/p>\n<p>O hor\u00e1rio de trabalho definido ajuda a planejar rotinas pessoais e evita plant\u00f5es ou longas jornadas. Para quem busca qualidade de vida, \u00e9 uma caracter\u00edstica importante.<\/p>\n<p>Estar em contato direto com o p\u00fablico tamb\u00e9m desenvolve compet\u00eancias que s\u00e3o valorizadas no mercado, como proatividade, empatia e capacidade de argumenta\u00e7\u00e3o.<\/p>\n<p>A empresa oferece um ambiente limpo, organizado e estruturado, permitindo que o colaborador foque nas vendas e crescimento profissional.<\/p>\n<h2>\u6a5f\u80fd\u306e\u6b20\u70b9<\/h2>\n<p>Como todo cargo no com\u00e9rcio varejista, o trabalho de atendimento pode envolver press\u00f5es por metas e lidar com clientes exigentes ou situa\u00e7\u00f5es desafiadoras.<\/p>\n<p>O trabalho aos s\u00e1bados pode dificultar a concilia\u00e7\u00e3o de compromissos pessoais em parte do fim de semana para algumas candidatas.<\/p>\n<p>O ambiente pode ser mais intenso em hor\u00e1rios de pico, exigindo rapidez sem perder a qualidade de atendimento.<\/p>\n<p>Caso destaque seja pouco reconhecido na equipe, o colaborador pode sentir falta de incentivo direto.<\/p>\n<p>Benef\u00edcios extras, como plano de sa\u00fade, n\u00e3o est\u00e3o especificados, podendo ser um fator decisivo para algumas pessoas.<\/p>\n<h2>\u6700\u7d42\u5224\u5b9a\uff1a\u5fdc\u52df\u3059\u308b\u4fa1\u5024\u306f\u3042\u308b\u304b\uff1f<\/h2>\n<p>A vaga de Vendedora\/Balconista chama aten\u00e7\u00e3o por unir sal\u00e1rios fixos, comiss\u00e3o e estabilidade no regime CLT. Para quem gosta de vendas e ambientes organizados, pode ser a oportunidade ideal.<\/p>\n<p>Trabalhar com atendimento ao p\u00fablico forma profissionais mais preparados e abertos a desafios, qualificando seu perfil para futuras promo\u00e7\u00f5es ou mudan\u00e7as de carreira.<\/p>\n<p>Se voc\u00ea busca crescimento, gosta de rotina bem estabelecida e quer receber de acordo com seu esfor\u00e7o, \u00e9 uma vaga que vale a candidatura!<\/p>\n<div style=\"background: #ffffff; border-radius: 12px; box-shadow: 0 10px 30px rgba(0, 0, 0, 0.1); width: 100%; max-width: 340px; padding: 25px; transition: transform 0.3s ease-in-out; overflow: visible; display: flex; flex-direction: column; position: relative; border: 1px solid #28a745; margin-top: 70px; margin-bottom: 50px; margin-left: auto; margin-right: auto;\">\n<div style=\"position: absolute; top: -35px; right: 15px; color: #28a745; padding: 5px 10px; border-radius: 6px; font-size: 14px; font-weight: bold; display: flex; align-items: center; z-index: 10;\">\u3042\u306a\u305f\u306b\u304a\u3059\u3059\u3081<\/div>\n<div data-namespace-header=\"\" style=\"\">\n<h3 data-namespace-title=\"\" style=\"color: #333; font-size: 20px; font-weight: bold; text-align: left; margin-right: 50px; min-height: 50px; margin-top: 0px;\">\u8ca9\u58f2\u54e1\/\u30ab\u30a6\u30f3\u30bf\u30fc\u4fc2<\/h3>\n<\/p><\/div>\n<p data-namespace-prompt=\"\" style=\"font-size: 16px; color: #666; margin-bottom: 20px; line-height: 1.5; flex-grow: 1; text-align: left; margin-top: 0px;\">Atenda clientes, fa\u00e7a vendas, organize o local e receba sal\u00e1rio fixo com comiss\u00e3o, VT e benef\u00edcios em regime CLT. Perfil comunicativo e pr\u00f3-ativo valorizado.<\/p>\n<p>    <a data-namespace-url=\"\" href=\"https:\/\/mensagensdobem.com.br\/ja\/redirect\/?https:\/\/www.catho.com.br\/vagas\/vendedora-balconista\/35218281\/?utm_campaign=google_jobs_apply&#038;utm_source=google_jobs_apply&#038;utm_medium=organic\" style=\"width: 100%; display: inline-block; color: white; text-decoration: none; border-radius: 6px; font-size: 16px; font-weight: bold; text-align: center; transition: transform 0.3s ease, background 0.3s ease; margin-top: auto;\" data-namespace-id=\"5c0d2565-3ba9-4280-a382-ad2a691e2285\"><br \/>\n        <button style=\"width: 100%; height: 55px; background: #e9e9ed; border: 1px solid black; color: black;\">\u6c42\u4eba\u306b\u5fdc\u52df\u3059\u308b<\/button><br \/>\n    <\/a><br \/>\n    <small style=\"margin-top: 10px; color: #777; font-size: 12px; text-align: center; display: block;\">Voc\u00ea ser\u00e1 redirecionada para outro site<\/small>\n<\/div>\n<\/div>","protected":false},"excerpt":{"rendered":"<p>Conhe\u00e7a detalhes da vaga de Vendedora\/Balconista com sal\u00e1rio fixo, comiss\u00e3o sobre vendas e contrata\u00e7\u00e3o CLT. Veja o que esperar e se vale a pena candidatar-se.<\/p>","protected":false},"author":3,"featured_media":0,"comment_status":"open","ping_status":"open","sticky":false,"template":"","format":"standard","meta":{"footnotes":""},"categories":[8],"tags":[],"yoast_head":"<!-- This site is optimized with the Yoast SEO plugin v23.3 - https:\/\/yoast.com\/wordpress\/plugins\/seo\/ -->\n<title>Vaga de Vendedora\/Balconista: Sal\u00e1rio Atraente, Benef\u00edcios e Contrata\u00e7\u00e3o CLT - MDB<\/title>\n<meta name=\"robots\" content=\"index, follow, max-snippet:-1, max-image-preview:large, max-video-preview:-1\" \/>\n<link rel=\"canonical\" href=\"https:\/\/mensagensdobem.com.br\/ja\/abbb4e71-032e-420e-bb05-5b3d3bfba731\/\" \/>\n<meta property=\"og:locale\" content=\"ja_JP\" \/>\n<meta property=\"og:type\" content=\"article\" \/>\n<meta property=\"og:title\" content=\"Vaga de Vendedora\/Balconista: Sal\u00e1rio Atraente, Benef\u00edcios e Contrata\u00e7\u00e3o CLT - MDB\" \/>\n<meta property=\"og:description\" content=\"Conhe\u00e7a detalhes da vaga de Vendedora\/Balconista com sal\u00e1rio fixo, comiss\u00e3o sobre vendas e contrata\u00e7\u00e3o CLT. Veja o que esperar e se vale a pena candidatar-se.\" \/>\n<meta property=\"og:url\" content=\"https:\/\/mensagensdobem.com.br\/ja\/abbb4e71-032e-420e-bb05-5b3d3bfba731\/\" \/>\n<meta property=\"og:site_name\" content=\"MDB\" \/>\n<meta property=\"article:published_time\" content=\"2026-03-22T04:23:00+00:00\" \/>\n<meta property=\"article:modified_time\" content=\"2026-03-22T04:23:43+00:00\" \/>\n<meta name=\"author\" content=\"Bruno Gianni\" \/>\n<meta name=\"twitter:card\" content=\"summary_large_image\" \/>\n<meta name=\"twitter:label1\" content=\"Written by\" \/>\n\t<meta name=\"twitter:data1\" content=\"Bruno Gianni\" \/>\n\t<meta name=\"twitter:label2\" content=\"Est. reading time\" \/>\n\t<meta name=\"twitter:data2\" content=\"4\u5206\" \/>\n<script type=\"application\/ld+json\" class=\"yoast-schema-graph\">{\"@context\":\"https:\/\/schema.org\",\"@graph\":[{\"@type\":\"WebPage\",\"@id\":\"https:\/\/mensagensdobem.com.br\/abbb4e71-032e-420e-bb05-5b3d3bfba731\/\",\"url\":\"https:\/\/mensagensdobem.com.br\/abbb4e71-032e-420e-bb05-5b3d3bfba731\/\",\"name\":\"Vaga de Vendedora\/Balconista: Sal\u00e1rio Atraente, Benef\u00edcios e Contrata\u00e7\u00e3o CLT - MDB\",\"isPartOf\":{\"@id\":\"https:\/\/mensagensdobem.com.br\/#website\"},\"datePublished\":\"2026-03-22T04:23:00+00:00\",\"dateModified\":\"2026-03-22T04:23:43+00:00\",\"author\":{\"@id\":\"https:\/\/mensagensdobem.com.br\/#\/schema\/person\/d52888235fd6563bd07d97185d6a61e4\"},\"breadcrumb\":{\"@id\":\"https:\/\/mensagensdobem.com.br\/abbb4e71-032e-420e-bb05-5b3d3bfba731\/#breadcrumb\"},\"inLanguage\":\"ja\",\"potentialAction\":[{\"@type\":\"ReadAction\",\"target\":[\"https:\/\/mensagensdobem.com.br\/abbb4e71-032e-420e-bb05-5b3d3bfba731\/\"]}]},{\"@type\":\"BreadcrumbList\",\"@id\":\"https:\/\/mensagensdobem.com.br\/abbb4e71-032e-420e-bb05-5b3d3bfba731\/#breadcrumb\",\"itemListElement\":[{\"@type\":\"ListItem\",\"position\":1,\"name\":\"Home\",\"item\":\"https:\/\/mensagensdobem.com.br\/\"},{\"@type\":\"ListItem\",\"position\":2,\"name\":\"Vaga de Vendedora\/Balconista: Sal\u00e1rio Atraente, Benef\u00edcios e Contrata\u00e7\u00e3o CLT\"}]},{\"@type\":\"WebSite\",\"@id\":\"https:\/\/mensagensdobem.com.br\/#website\",\"url\":\"https:\/\/mensagensdobem.com.br\/\",\"name\":\"MDB\",\"description\":\"\",\"potentialAction\":[{\"@type\":\"SearchAction\",\"target\":{\"@type\":\"EntryPoint\",\"urlTemplate\":\"https:\/\/mensagensdobem.com.br\/?s={search_term_string}\"},\"query-input\":\"required name=search_term_string\"}],\"inLanguage\":\"ja\"},{\"@type\":\"Person\",\"@id\":\"https:\/\/mensagensdobem.com.br\/#\/schema\/person\/d52888235fd6563bd07d97185d6a61e4\",\"name\":\"Bruno Gianni\",\"image\":{\"@type\":\"ImageObject\",\"inLanguage\":\"ja\",\"@id\":\"https:\/\/mensagensdobem.com.br\/#\/schema\/person\/image\/\",\"url\":\"https:\/\/secure.gravatar.com\/avatar\/0f5d42d7bf77874643c1478932860e3f?s=96&d=mm&r=g\",\"contentUrl\":\"https:\/\/secure.gravatar.com\/avatar\/0f5d42d7bf77874643c1478932860e3f?s=96&d=mm&r=g\",\"caption\":\"Bruno Gianni\"},\"description\":\"Bruno writes the way he lives, with curiosity, care, and respect for people. He likes to observe, listen, and try to understand what is happening on the other side before putting any words on the page.For him, writing is not about impressing, but about getting closer. It is about turning thoughts into something simple, clear, and real. Every text is an ongoing conversation, created with care and honesty, with the sincere intention of touching someone, somewhere along the way.\",\"url\":\"https:\/\/mensagensdobem.com.br\/ja\/author\/bcgianni\/\"}]}<\/script>\n<!-- \/ Yoast SEO plugin. -->","yoast_head_json":{"title":"Vaga de Vendedora\/Balconista: Sal\u00e1rio Atraente, Benef\u00edcios e Contrata\u00e7\u00e3o CLT - MDB","robots":{"index":"index","follow":"follow","max-snippet":"max-snippet:-1","max-image-preview":"max-image-preview:large","max-video-preview":"max-video-preview:-1"},"canonical":"https:\/\/mensagensdobem.com.br\/ja\/abbb4e71-032e-420e-bb05-5b3d3bfba731\/","og_locale":"ja_JP","og_type":"article","og_title":"Vaga de Vendedora\/Balconista: Sal\u00e1rio Atraente, Benef\u00edcios e Contrata\u00e7\u00e3o CLT - MDB","og_description":"Conhe\u00e7a detalhes da vaga de Vendedora\/Balconista com sal\u00e1rio fixo, comiss\u00e3o sobre vendas e contrata\u00e7\u00e3o CLT. Veja o que esperar e se vale a pena candidatar-se.","og_url":"https:\/\/mensagensdobem.com.br\/ja\/abbb4e71-032e-420e-bb05-5b3d3bfba731\/","og_site_name":"MDB","article_published_time":"2026-03-22T04:23:00+00:00","article_modified_time":"2026-03-22T04:23:43+00:00","author":"Bruno Gianni","twitter_card":"summary_large_image","twitter_misc":{"Written by":"Bruno Gianni","Est. reading time":"4\u5206"},"schema":{"@context":"https:\/\/schema.org","@graph":[{"@type":"WebPage","@id":"https:\/\/mensagensdobem.com.br\/abbb4e71-032e-420e-bb05-5b3d3bfba731\/","url":"https:\/\/mensagensdobem.com.br\/abbb4e71-032e-420e-bb05-5b3d3bfba731\/","name":"Vaga de Vendedora\/Balconista: Sal\u00e1rio Atraente, Benef\u00edcios e Contrata\u00e7\u00e3o CLT - MDB","isPartOf":{"@id":"https:\/\/mensagensdobem.com.br\/#website"},"datePublished":"2026-03-22T04:23:00+00:00","dateModified":"2026-03-22T04:23:43+00:00","author":{"@id":"https:\/\/mensagensdobem.com.br\/#\/schema\/person\/d52888235fd6563bd07d97185d6a61e4"},"breadcrumb":{"@id":"https:\/\/mensagensdobem.com.br\/abbb4e71-032e-420e-bb05-5b3d3bfba731\/#breadcrumb"},"inLanguage":"ja","potentialAction":[{"@type":"ReadAction","target":["https:\/\/mensagensdobem.com.br\/abbb4e71-032e-420e-bb05-5b3d3bfba731\/"]}]},{"@type":"BreadcrumbList","@id":"https:\/\/mensagensdobem.com.br\/abbb4e71-032e-420e-bb05-5b3d3bfba731\/#breadcrumb","itemListElement":[{"@type":"ListItem","position":1,"name":"Home","item":"https:\/\/mensagensdobem.com.br\/"},{"@type":"ListItem","position":2,"name":"Vaga de Vendedora\/Balconista: Sal\u00e1rio Atraente, Benef\u00edcios e Contrata\u00e7\u00e3o CLT"}]},{"@type":"WebSite","@id":"https:\/\/mensagensdobem.com.br\/#website","url":"https:\/\/mensagensdobem.com.br\/","name":"MDB","description":"","potentialAction":[{"@type":"SearchAction","target":{"@type":"EntryPoint","urlTemplate":"https:\/\/mensagensdobem.com.br\/?s={search_term_string}"},"query-input":"required name=search_term_string"}],"inLanguage":"ja"},{"@type":"Person","@id":"https:\/\/mensagensdobem.com.br\/#\/schema\/person\/d52888235fd6563bd07d97185d6a61e4","name":"Bruno Gianni","image":{"@type":"ImageObject","inLanguage":"ja","@id":"https:\/\/mensagensdobem.com.br\/#\/schema\/person\/image\/","url":"https:\/\/secure.gravatar.com\/avatar\/0f5d42d7bf77874643c1478932860e3f?s=96&d=mm&r=g","contentUrl":"https:\/\/secure.gravatar.com\/avatar\/0f5d42d7bf77874643c1478932860e3f?s=96&d=mm&r=g","caption":"Bruno Gianni"},"description":"Bruno writes the way he lives, with curiosity, care, and respect for people. He likes to observe, listen, and try to understand what is happening on the other side before putting any words on the page.For him, writing is not about impressing, but about getting closer. It is about turning thoughts into something simple, clear, and real. Every text is an ongoing conversation, created with care and honesty, with the sincere intention of touching someone, somewhere along the way.","url":"https:\/\/mensagensdobem.com.br\/ja\/author\/bcgianni\/"}]}},"_links":{"self":[{"href":"https:\/\/mensagensdobem.com.br\/ja\/wp-json\/wp\/v2\/posts\/25277"}],"collection":[{"href":"https:\/\/mensagensdobem.com.br\/ja\/wp-json\/wp\/v2\/posts"}],"about":[{"href":"https:\/\/mensagensdobem.com.br\/ja\/wp-json\/wp\/v2\/types\/post"}],"author":[{"embeddable":true,"href":"https:\/\/mensagensdobem.com.br\/ja\/wp-json\/wp\/v2\/users\/3"}],"replies":[{"embeddable":true,"href":"https:\/\/mensagensdobem.com.br\/ja\/wp-json\/wp\/v2\/comments?post=25277"}],"version-history":[{"count":1,"href":"https:\/\/mensagensdobem.com.br\/ja\/wp-json\/wp\/v2\/posts\/25277\/revisions"}],"predecessor-version":[{"id":25286,"href":"https:\/\/mensagensdobem.com.br\/ja\/wp-json\/wp\/v2\/posts\/25277\/revisions\/25286"}],"wp:attachment":[{"href":"https:\/\/mensagensdobem.com.br\/ja\/wp-json\/wp\/v2\/media?parent=25277"}],"wp:term":[{"taxonomy":"category","embeddable":true,"href":"https:\/\/mensagensdobem.com.br\/ja\/wp-json\/wp\/v2\/categories?post=25277"},{"taxonomy":"post_tag","embeddable":true,"href":"https:\/\/mensagensdobem.com.br\/ja\/wp-json\/wp\/v2\/tags?post=25277"}],"curies":[{"name":"wp","href":"https:\/\/api.w.org\/{rel}","templated":true}]}}