{"id":2550,"date":"2025-10-17T13:48:00","date_gmt":"2025-10-17T13:48:00","guid":{"rendered":"https:\/\/mensagensdobem.com.br\/29a8c0e8-6093-4864-ab34-5db9982eb712\/"},"modified":"2025-10-17T13:48:48","modified_gmt":"2025-10-17T13:48:48","slug":"29a8c0e8-6093-4864-ab34-5db9982eb712","status":"publish","type":"post","link":"https:\/\/mensagensdobem.com.br\/ja\/29a8c0e8-6093-4864-ab34-5db9982eb712\/","title":{"rendered":"Auxiliar de Movimenta\u00e7\u00e3o de Cargas na Andrade Gutierrez: destaque para inclus\u00e3o e desenvolvimento"},"content":{"rendered":"<div class=\"mx-5 sm:mx-0 prose text-left mb-5\">\n<\/p>\n<div style=\"background: #ffffff; border-radius: 12px; box-shadow: 0 10px 30px rgba(0, 0, 0, 0.1); width: 100%; max-width: 340px; padding: 25px; transition: transform 0.3s ease-in-out; overflow: visible; display: flex; flex-direction: column; position: relative; border: 1px solid #28a745; margin-top: 70px; margin-bottom: 50px; margin-left: auto; margin-right: auto;\">\n<div style=\"position: absolute; top: -35px; right: 15px; color: #28a745; padding: 5px 10px; border-radius: 6px; font-size: 14px; font-weight: bold; display: flex; align-items: center; z-index: 10;\">\u3042\u306a\u305f\u306b\u304a\u3059\u3059\u3081<\/div>\n<div data-namespace-header=\"\" style=\"\">\n<h3 data-namespace-title=\"\" style=\"color: #333; font-size: 20px; font-weight: bold; text-align: left; margin-right: 50px; min-height: 50px; margin-top: 0px;\">Auxiliar de Movimenta\u00e7\u00e3o de Cargas<\/h3>\n<\/p><\/div>\n<p data-namespace-prompt=\"\" style=\"font-size: 16px; color: #666; margin-bottom: 20px; line-height: 1.5; flex-grow: 1; text-align: left; margin-top: 0px;\">Oportunidade para quem busca estabilidade, desenvolvimento e inclus\u00e3o em uma das maiores empresas da engenharia nacional. Experi\u00eancia pr\u00e1tica valorizada. Ambiente diverso e inovador.<\/p>\n<p>    <a data-namespace-url=\"\" href=\"https:\/\/mensagensdobem.com.br\/ja\/redirect\/?https:\/\/www.glassdoor.com.br\/job-listing\/auxiliar-de-movimenta\u00e7\u00e3o-de-cargas-barcarena-pa-andrade-gutierrez-JV_IC2465521_KO0,47_KE48,65.htm?jl=1009909179746&#038;utm_campaign=google_jobs_apply&#038;utm_source=google_jobs_apply&#038;utm_medium=organic\" style=\"width: 100%; display: inline-block; color: white; text-decoration: none; border-radius: 6px; font-size: 16px; font-weight: bold; text-align: center; transition: transform 0.3s ease, background 0.3s ease; margin-top: auto;\" data-namespace-id=\"5c0d2565-3ba9-4280-a382-ad2a691e2285\"><br \/>\n        <button style=\"width: 100%; height: 55px; background: #e9e9ed; border: 1px solid black; color: black;\">\u4eca\u3059\u3050\u7533\u3057\u8fbc\u3080<\/button><br \/>\n    <\/a><br \/>\n    <small style=\"margin-top: 10px; color: #777; font-size: 12px; text-align: center; display: block;\">\u5225\u306e\u30a6\u30a7\u30d6\u30b5\u30a4\u30c8\u306b\u30ea\u30c0\u30a4\u30ec\u30af\u30c8\u3055\u308c\u307e\u3059<\/small>\n<\/div>\n<p>O cargo de Auxiliar de Movimenta\u00e7\u00e3o de Cargas na Andrade Gutierrez \u00e9 uma excelente porta de entrada para o setor de Engenharia. Essa vaga se destaca pelo ambiente diverso e pela valoriza\u00e7\u00e3o de profissionais com experi\u00eancia pr\u00e1tica, mesmo sem ensino fundamental completo. N\u00e3o h\u00e1 informa\u00e7\u00f5es p\u00fablicas de sal\u00e1rio, mas espera-se remunera\u00e7\u00e3o compat\u00edvel com o mercado e carteira assinada, t\u00edpicos da empresa.<\/p>\n<h3>\u65e5\u5e38\u751f\u6d3b\u3068\u8cac\u4efb<\/h3>\n<p>No cotidiano dessa fun\u00e7\u00e3o, o profissional auxilia nas atividades de movimenta\u00e7\u00e3o de cargas, incluindo limpeza, transporte, fixa\u00e7\u00e3o, armazenagem e organiza\u00e7\u00e3o de materiais e pe\u00e7as. Utiliza ferramentas apropriadas conforme as instru\u00e7\u00f5es e garante que os processos sigam padr\u00f5es de seguran\u00e7a e efici\u00eancia. O trabalho exige comprometimento, aten\u00e7\u00e3o e esfor\u00e7o f\u00edsico, sendo ideal para quem busca movimenta\u00e7\u00e3o e trabalho din\u00e2mico.<\/p>\n<h3>\u4ed5\u4e8b\u306e\u826f\u3044\u70b9<\/h3>\n<p>Entre os principais pontos positivos est\u00e3o a valoriza\u00e7\u00e3o de perfis diversos, a possibilidade de crescimento interno e a integra\u00e7\u00e3o em projetos de grande porte. O clima organizacional se destaca pela inclus\u00e3o, independentemente de g\u00eanero, ra\u00e7a ou defici\u00eancia, fortalecendo a cultura da Andrade Gutierrez. \u00c9 um ambiente f\u00e9rtil para aqueles que buscam aprendizado cont\u00ednuo e seguran\u00e7a.<\/p>\n<h3>\u8003\u616e\u3059\u3079\u304d\u70b9<\/h3>\n<p>Apesar das oportunidades, o cargo exige esfor\u00e7o f\u00edsico constante, o que pode ser um desafio para alguns. Al\u00e9m disso, a rotina pode demandar flexibilidade de hor\u00e1rios e altas demandas, inerente a grandes obras de engenharia. Embora n\u00e3o haja men\u00e7\u00e3o detalhada a benef\u00edcios, espera-se o b\u00e1sico de empresas de grande porte, como assist\u00eancia e transporte.<\/p>\n<h3>\u6700\u7d42\u5224\u6c7a<\/h3>\n<p>De modo geral, o cargo de Auxiliar de Movimenta\u00e7\u00e3o de Cargas nesta empresa oferece espa\u00e7o para desenvolvimento, senso de pertencimento e ambiente seguro. Recomendo especialmente para quem busca crescimento em grupos s\u00f3lidos e valoriza\u00e7\u00e3o da trajet\u00f3ria pessoal. Oportunidade confirmada para profissionais dispostos a crescer junto com a Andrade Gutierrez.<\/p>\n<div style=\"background: #ffffff; border-radius: 12px; box-shadow: 0 10px 30px rgba(0, 0, 0, 0.1); width: 100%; max-width: 340px; padding: 25px; transition: transform 0.3s ease-in-out; overflow: visible; display: flex; flex-direction: column; position: relative; border: 1px solid #28a745; margin-top: 70px; margin-bottom: 50px; margin-left: auto; margin-right: auto;\">\n<div style=\"position: absolute; top: -35px; right: 15px; color: #28a745; padding: 5px 10px; border-radius: 6px; font-size: 14px; font-weight: bold; display: flex; align-items: center; z-index: 10;\">\u3042\u306a\u305f\u306b\u304a\u3059\u3059\u3081<\/div>\n<div data-namespace-header=\"\" style=\"\">\n<h3 data-namespace-title=\"\" style=\"color: #333; font-size: 20px; font-weight: bold; text-align: left; margin-right: 50px; min-height: 50px; margin-top: 0px;\">Auxiliar de Movimenta\u00e7\u00e3o de Cargas<\/h3>\n<\/p><\/div>\n<p data-namespace-prompt=\"\" style=\"font-size: 16px; color: #666; margin-bottom: 20px; line-height: 1.5; flex-grow: 1; text-align: left; margin-top: 0px;\">Oportunidade para quem busca estabilidade, desenvolvimento e inclus\u00e3o em uma das maiores empresas da engenharia nacional. Experi\u00eancia pr\u00e1tica valorizada. Ambiente diverso e inovador.<\/p>\n<p>    <a data-namespace-url=\"\" href=\"https:\/\/mensagensdobem.com.br\/ja\/redirect\/?https:\/\/www.glassdoor.com.br\/job-listing\/auxiliar-de-movimenta\u00e7\u00e3o-de-cargas-barcarena-pa-andrade-gutierrez-JV_IC2465521_KO0,47_KE48,65.htm?jl=1009909179746&#038;utm_campaign=google_jobs_apply&#038;utm_source=google_jobs_apply&#038;utm_medium=organic\" style=\"width: 100%; display: inline-block; color: white; text-decoration: none; border-radius: 6px; font-size: 16px; font-weight: bold; text-align: center; transition: transform 0.3s ease, background 0.3s ease; margin-top: auto;\" data-namespace-id=\"5c0d2565-3ba9-4280-a382-ad2a691e2285\"><br \/>\n        <button style=\"width: 100%; height: 55px; background: #e9e9ed; border: 1px solid black; color: black;\">\u4eca\u3059\u3050\u7533\u3057\u8fbc\u3080<\/button><br \/>\n    <\/a><br \/>\n    <small style=\"margin-top: 10px; color: #777; font-size: 12px; text-align: center; display: block;\">\u5225\u306e\u30a6\u30a7\u30d6\u30b5\u30a4\u30c8\u306b\u30ea\u30c0\u30a4\u30ec\u30af\u30c8\u3055\u308c\u307e\u3059<\/small>\n<\/div>\n<\/div>","protected":false},"excerpt":{"rendered":"<p>Veja tudo sobre a vaga de Auxiliar de Movimenta\u00e7\u00e3o de Cargas na Andrade Gutierrez: diversidade, inclus\u00e3o, desenvolvimento e ambiente seguro para o seu crescimento profissional. Confira a an\u00e1lise independente.<\/p>","protected":false},"author":3,"featured_media":0,"comment_status":"open","ping_status":"open","sticky":false,"template":"","format":"standard","meta":{"footnotes":""},"categories":[8],"tags":[],"yoast_head":"<!-- This site is optimized with the Yoast SEO plugin v23.3 - https:\/\/yoast.com\/wordpress\/plugins\/seo\/ -->\n<title>Auxiliar de Movimenta\u00e7\u00e3o de Cargas na Andrade Gutierrez: destaque para inclus\u00e3o e desenvolvimento - MDB<\/title>\n<meta name=\"robots\" content=\"index, follow, max-snippet:-1, max-image-preview:large, max-video-preview:-1\" \/>\n<link rel=\"canonical\" href=\"https:\/\/mensagensdobem.com.br\/ja\/29a8c0e8-6093-4864-ab34-5db9982eb712\/\" \/>\n<meta property=\"og:locale\" content=\"ja_JP\" \/>\n<meta property=\"og:type\" content=\"article\" \/>\n<meta property=\"og:title\" content=\"Auxiliar de Movimenta\u00e7\u00e3o de Cargas na Andrade Gutierrez: destaque para inclus\u00e3o e desenvolvimento - MDB\" \/>\n<meta property=\"og:description\" content=\"Veja tudo sobre a vaga de Auxiliar de Movimenta\u00e7\u00e3o de Cargas na Andrade Gutierrez: diversidade, inclus\u00e3o, desenvolvimento e ambiente seguro para o seu crescimento profissional. Confira a an\u00e1lise independente.\" \/>\n<meta property=\"og:url\" content=\"https:\/\/mensagensdobem.com.br\/ja\/29a8c0e8-6093-4864-ab34-5db9982eb712\/\" \/>\n<meta property=\"og:site_name\" content=\"MDB\" \/>\n<meta property=\"article:published_time\" content=\"2025-10-17T13:48:00+00:00\" \/>\n<meta property=\"article:modified_time\" content=\"2025-10-17T13:48:48+00:00\" \/>\n<meta name=\"author\" content=\"Bruno Gianni\" \/>\n<meta name=\"twitter:card\" content=\"summary_large_image\" \/>\n<meta name=\"twitter:label1\" content=\"Written by\" \/>\n\t<meta name=\"twitter:data1\" content=\"Bruno Gianni\" \/>\n\t<meta name=\"twitter:label2\" content=\"Est. reading time\" \/>\n\t<meta name=\"twitter:data2\" content=\"2\u5206\" \/>\n<script type=\"application\/ld+json\" class=\"yoast-schema-graph\">{\"@context\":\"https:\/\/schema.org\",\"@graph\":[{\"@type\":\"WebPage\",\"@id\":\"https:\/\/mensagensdobem.com.br\/29a8c0e8-6093-4864-ab34-5db9982eb712\/\",\"url\":\"https:\/\/mensagensdobem.com.br\/29a8c0e8-6093-4864-ab34-5db9982eb712\/\",\"name\":\"Auxiliar de Movimenta\u00e7\u00e3o de Cargas na Andrade Gutierrez: destaque para inclus\u00e3o e desenvolvimento - MDB\",\"isPartOf\":{\"@id\":\"https:\/\/mensagensdobem.com.br\/#website\"},\"datePublished\":\"2025-10-17T13:48:00+00:00\",\"dateModified\":\"2025-10-17T13:48:48+00:00\",\"author\":{\"@id\":\"https:\/\/mensagensdobem.com.br\/#\/schema\/person\/d52888235fd6563bd07d97185d6a61e4\"},\"breadcrumb\":{\"@id\":\"https:\/\/mensagensdobem.com.br\/29a8c0e8-6093-4864-ab34-5db9982eb712\/#breadcrumb\"},\"inLanguage\":\"ja\",\"potentialAction\":[{\"@type\":\"ReadAction\",\"target\":[\"https:\/\/mensagensdobem.com.br\/29a8c0e8-6093-4864-ab34-5db9982eb712\/\"]}]},{\"@type\":\"BreadcrumbList\",\"@id\":\"https:\/\/mensagensdobem.com.br\/29a8c0e8-6093-4864-ab34-5db9982eb712\/#breadcrumb\",\"itemListElement\":[{\"@type\":\"ListItem\",\"position\":1,\"name\":\"Home\",\"item\":\"https:\/\/mensagensdobem.com.br\/\"},{\"@type\":\"ListItem\",\"position\":2,\"name\":\"Auxiliar de Movimenta\u00e7\u00e3o de Cargas na Andrade Gutierrez: destaque para inclus\u00e3o e desenvolvimento\"}]},{\"@type\":\"WebSite\",\"@id\":\"https:\/\/mensagensdobem.com.br\/#website\",\"url\":\"https:\/\/mensagensdobem.com.br\/\",\"name\":\"MDB\",\"description\":\"\",\"potentialAction\":[{\"@type\":\"SearchAction\",\"target\":{\"@type\":\"EntryPoint\",\"urlTemplate\":\"https:\/\/mensagensdobem.com.br\/?s={search_term_string}\"},\"query-input\":\"required name=search_term_string\"}],\"inLanguage\":\"ja\"},{\"@type\":\"Person\",\"@id\":\"https:\/\/mensagensdobem.com.br\/#\/schema\/person\/d52888235fd6563bd07d97185d6a61e4\",\"name\":\"Bruno Gianni\",\"image\":{\"@type\":\"ImageObject\",\"inLanguage\":\"ja\",\"@id\":\"https:\/\/mensagensdobem.com.br\/#\/schema\/person\/image\/\",\"url\":\"https:\/\/secure.gravatar.com\/avatar\/0f5d42d7bf77874643c1478932860e3f?s=96&d=mm&r=g\",\"contentUrl\":\"https:\/\/secure.gravatar.com\/avatar\/0f5d42d7bf77874643c1478932860e3f?s=96&d=mm&r=g\",\"caption\":\"Bruno Gianni\"},\"description\":\"Bruno writes the way he lives, with curiosity, care, and respect for people. He likes to observe, listen, and try to understand what is happening on the other side before putting any words on the page.For him, writing is not about impressing, but about getting closer. It is about turning thoughts into something simple, clear, and real. Every text is an ongoing conversation, created with care and honesty, with the sincere intention of touching someone, somewhere along the way.\",\"url\":\"https:\/\/mensagensdobem.com.br\/ja\/author\/bcgianni\/\"}]}<\/script>\n<!-- \/ Yoast SEO plugin. -->","yoast_head_json":{"title":"Auxiliar de Movimenta\u00e7\u00e3o de Cargas na Andrade Gutierrez: destaque para inclus\u00e3o e desenvolvimento - MDB","robots":{"index":"index","follow":"follow","max-snippet":"max-snippet:-1","max-image-preview":"max-image-preview:large","max-video-preview":"max-video-preview:-1"},"canonical":"https:\/\/mensagensdobem.com.br\/ja\/29a8c0e8-6093-4864-ab34-5db9982eb712\/","og_locale":"ja_JP","og_type":"article","og_title":"Auxiliar de Movimenta\u00e7\u00e3o de Cargas na Andrade Gutierrez: destaque para inclus\u00e3o e desenvolvimento - MDB","og_description":"Veja tudo sobre a vaga de Auxiliar de Movimenta\u00e7\u00e3o de Cargas na Andrade Gutierrez: diversidade, inclus\u00e3o, desenvolvimento e ambiente seguro para o seu crescimento profissional. Confira a an\u00e1lise independente.","og_url":"https:\/\/mensagensdobem.com.br\/ja\/29a8c0e8-6093-4864-ab34-5db9982eb712\/","og_site_name":"MDB","article_published_time":"2025-10-17T13:48:00+00:00","article_modified_time":"2025-10-17T13:48:48+00:00","author":"Bruno Gianni","twitter_card":"summary_large_image","twitter_misc":{"Written by":"Bruno Gianni","Est. reading time":"2\u5206"},"schema":{"@context":"https:\/\/schema.org","@graph":[{"@type":"WebPage","@id":"https:\/\/mensagensdobem.com.br\/29a8c0e8-6093-4864-ab34-5db9982eb712\/","url":"https:\/\/mensagensdobem.com.br\/29a8c0e8-6093-4864-ab34-5db9982eb712\/","name":"Auxiliar de Movimenta\u00e7\u00e3o de Cargas na Andrade Gutierrez: destaque para inclus\u00e3o e desenvolvimento - MDB","isPartOf":{"@id":"https:\/\/mensagensdobem.com.br\/#website"},"datePublished":"2025-10-17T13:48:00+00:00","dateModified":"2025-10-17T13:48:48+00:00","author":{"@id":"https:\/\/mensagensdobem.com.br\/#\/schema\/person\/d52888235fd6563bd07d97185d6a61e4"},"breadcrumb":{"@id":"https:\/\/mensagensdobem.com.br\/29a8c0e8-6093-4864-ab34-5db9982eb712\/#breadcrumb"},"inLanguage":"ja","potentialAction":[{"@type":"ReadAction","target":["https:\/\/mensagensdobem.com.br\/29a8c0e8-6093-4864-ab34-5db9982eb712\/"]}]},{"@type":"BreadcrumbList","@id":"https:\/\/mensagensdobem.com.br\/29a8c0e8-6093-4864-ab34-5db9982eb712\/#breadcrumb","itemListElement":[{"@type":"ListItem","position":1,"name":"Home","item":"https:\/\/mensagensdobem.com.br\/"},{"@type":"ListItem","position":2,"name":"Auxiliar de Movimenta\u00e7\u00e3o de Cargas na Andrade Gutierrez: destaque para inclus\u00e3o e desenvolvimento"}]},{"@type":"WebSite","@id":"https:\/\/mensagensdobem.com.br\/#website","url":"https:\/\/mensagensdobem.com.br\/","name":"MDB","description":"","potentialAction":[{"@type":"SearchAction","target":{"@type":"EntryPoint","urlTemplate":"https:\/\/mensagensdobem.com.br\/?s={search_term_string}"},"query-input":"required name=search_term_string"}],"inLanguage":"ja"},{"@type":"Person","@id":"https:\/\/mensagensdobem.com.br\/#\/schema\/person\/d52888235fd6563bd07d97185d6a61e4","name":"Bruno Gianni","image":{"@type":"ImageObject","inLanguage":"ja","@id":"https:\/\/mensagensdobem.com.br\/#\/schema\/person\/image\/","url":"https:\/\/secure.gravatar.com\/avatar\/0f5d42d7bf77874643c1478932860e3f?s=96&d=mm&r=g","contentUrl":"https:\/\/secure.gravatar.com\/avatar\/0f5d42d7bf77874643c1478932860e3f?s=96&d=mm&r=g","caption":"Bruno Gianni"},"description":"Bruno writes the way he lives, with curiosity, care, and respect for people. He likes to observe, listen, and try to understand what is happening on the other side before putting any words on the page.For him, writing is not about impressing, but about getting closer. It is about turning thoughts into something simple, clear, and real. Every text is an ongoing conversation, created with care and honesty, with the sincere intention of touching someone, somewhere along the way.","url":"https:\/\/mensagensdobem.com.br\/ja\/author\/bcgianni\/"}]}},"_links":{"self":[{"href":"https:\/\/mensagensdobem.com.br\/ja\/wp-json\/wp\/v2\/posts\/2550"}],"collection":[{"href":"https:\/\/mensagensdobem.com.br\/ja\/wp-json\/wp\/v2\/posts"}],"about":[{"href":"https:\/\/mensagensdobem.com.br\/ja\/wp-json\/wp\/v2\/types\/post"}],"author":[{"embeddable":true,"href":"https:\/\/mensagensdobem.com.br\/ja\/wp-json\/wp\/v2\/users\/3"}],"replies":[{"embeddable":true,"href":"https:\/\/mensagensdobem.com.br\/ja\/wp-json\/wp\/v2\/comments?post=2550"}],"version-history":[{"count":1,"href":"https:\/\/mensagensdobem.com.br\/ja\/wp-json\/wp\/v2\/posts\/2550\/revisions"}],"predecessor-version":[{"id":2986,"href":"https:\/\/mensagensdobem.com.br\/ja\/wp-json\/wp\/v2\/posts\/2550\/revisions\/2986"}],"wp:attachment":[{"href":"https:\/\/mensagensdobem.com.br\/ja\/wp-json\/wp\/v2\/media?parent=2550"}],"wp:term":[{"taxonomy":"category","embeddable":true,"href":"https:\/\/mensagensdobem.com.br\/ja\/wp-json\/wp\/v2\/categories?post=2550"},{"taxonomy":"post_tag","embeddable":true,"href":"https:\/\/mensagensdobem.com.br\/ja\/wp-json\/wp\/v2\/tags?post=2550"}],"curies":[{"name":"wp","href":"https:\/\/api.w.org\/{rel}","templated":true}]}}