{"id":25842,"date":"2026-03-31T08:21:00","date_gmt":"2026-03-31T08:21:00","guid":{"rendered":"https:\/\/mensagensdobem.com.br\/abbfd2ca-3f6c-41f7-877f-f50adba32b98\/"},"modified":"2026-03-31T08:21:19","modified_gmt":"2026-03-31T08:21:19","slug":"abbfd2ca-3f6c-41f7-877f-f50adba32b98","status":"publish","type":"post","link":"https:\/\/mensagensdobem.com.br\/ja\/abbfd2ca-3f6c-41f7-877f-f50adba32b98\/","title":{"rendered":"Vendedor Interno: Oportunidade para Quem Busca Crescimento Profissional e Possui Perfil Comercial"},"content":{"rendered":"<div class=\"mx-5 sm:mx-0 prose text-left mb-5\">\n<\/p>\n<div style=\"background: #ffffff; border-radius: 12px; box-shadow: 0 10px 30px rgba(0, 0, 0, 0.1); width: 100%; max-width: 340px; padding: 25px; transition: transform 0.3s ease-in-out; overflow: visible; display: flex; flex-direction: column; position: relative; border: 1px solid #28a745; margin-top: 70px; margin-bottom: 50px; margin-left: auto; margin-right: auto;\">\n<div style=\"position: absolute; top: -35px; right: 15px; color: #28a745; padding: 5px 10px; border-radius: 6px; font-size: 14px; font-weight: bold; display: flex; align-items: center; z-index: 10;\">\u3042\u306a\u305f\u306b\u304a\u3059\u3059\u3081<\/div>\n<div data-namespace-header=\"\" style=\"\">\n<h3 data-namespace-title=\"\" style=\"color: #333; font-size: 20px; font-weight: bold; text-align: left; margin-right: 50px; min-height: 50px; margin-top: 0px;\">\u793e\u5185\u55b6\u696d\u62c5\u5f53\u8005<\/h3>\n<\/p><\/div>\n<p data-namespace-prompt=\"\" style=\"font-size: 16px; color: #666; margin-bottom: 20px; line-height: 1.5; flex-grow: 1; text-align: left; margin-top: 0px;\">Buscamos perfil comercial, comunicativo e respons\u00e1vel; rotina presencial com prospec\u00e7\u00e3o, marketing digital e gest\u00e3o de clientes; ensino m\u00e9dio indispens\u00e1vel, facilidade de crescimento.<\/p>\n<p>    <a data-namespace-url=\"\" href=\"https:\/\/mensagensdobem.com.br\/ja\/redirect\/?https:\/\/www.catho.com.br\/vagas\/vendedor-interno-com-ou-sem-experiencia-zona-leste\/35938063\/?utm_campaign=google_jobs_apply&#038;utm_source=google_jobs_apply&#038;utm_medium=organic\" style=\"width: 100%; display: inline-block; color: white; text-decoration: none; border-radius: 6px; font-size: 16px; font-weight: bold; text-align: center; transition: transform 0.3s ease, background 0.3s ease; margin-top: auto;\" data-namespace-id=\"5c0d2565-3ba9-4280-a382-ad2a691e2285\"><br \/>\n        <button style=\"width: 100%; height: 55px; background: #e9e9ed; border: 1px solid black; color: black;\">\u6c42\u4eba\u306b\u5fdc\u52df\u3059\u308b<\/button><br \/>\n    <\/a><br \/>\n    <small style=\"margin-top: 10px; color: #777; font-size: 12px; text-align: center; display: block;\">\u5225\u306e\u30a6\u30a7\u30d6\u30b5\u30a4\u30c8\u306b\u30ea\u30c0\u30a4\u30ec\u30af\u30c8\u3055\u308c\u307e\u3059<\/small>\n<\/div>\n<p>Ao considerar uma vaga de Vendedor Interno, \u00e9 importante analisar n\u00e3o apenas os requisitos, mas o ambiente e as oportunidades do cargo. A oferta \u00e9 para a modalidade PJ, favorecendo flexibilidade e autonomia para o profissional.<\/p>\n<p>O papel \u00e9 voltado a pessoas comunicativas, com perfil empreendedor, respons\u00e1veis e com desejo de crescimento. O ensino m\u00e9dio completo \u00e9 exigido, mas curso superior \u00e9 um diferencial que pode abrir portas dentro da organiza\u00e7\u00e3o. A rotina envolve tanto o contato ativo com clientes quanto o uso de sistemas de gest\u00e3o modernos para prospec\u00e7\u00e3o e acompanhamento de leads.<\/p>\n<h2>\u8cac\u4efb\u3068\u65e5\u3005\u306e\u30eb\u30fc\u30c6\u30a3\u30f3<\/h2>\n<p>O trabalho presencial do Vendedor Interno conta com atividades variadas. Entre elas, destaque para o uso de sistemas digitais, intera\u00e7\u00e3o documental e participa\u00e7\u00e3o ativa nas redes sociais para divulga\u00e7\u00e3o e capta\u00e7\u00e3o de clientes.<\/p>\n<p>Tamb\u00e9m faz parte do dia a dia a prospec\u00e7\u00e3o de novos clientes, an\u00e1lise de leads e contato com potenciais compradores utilizando a ferramenta SALES FORCE ONLINE. O colaborador ter\u00e1 papel central em a\u00e7\u00f5es de marketing digital, promovendo a marca nas principais plataformas sociais.<\/p>\n<p>Atividades documentais s\u00e3o realizadas diretamente em sistemas pr\u00f3prios, o que facilita a organiza\u00e7\u00e3o e o acompanhamento do processo de vendas. Assim, espera-se autonomia e responsabilidade.<\/p>\n<p>O acompanhamento dos leads captados faz parte da rotina, integrando a\u00e7\u00f5es internas e externas para ampliar resultados. A empresa oferece toda a estrutura necess\u00e1ria de gest\u00e3o de clientes via sistema.<\/p>\n<h2>\u3053\u306e\u30dd\u30b8\u30b7\u30e7\u30f3\u306e\u5229\u70b9<\/h2>\n<p>Entre os pontos positivos, a oportunidade de desenvolvimento pessoal e profissional \u00e9 evidente, pois o ambiente prioriza o comprometimento e o perfil empreendedor.<\/p>\n<p>Outro destaque \u00e9 a possibilidade de crescimento para quem se dedica, j\u00e1 que a empresa valoriza esfor\u00e7o e responsabilidade. A atua\u00e7\u00e3o presencial proporciona um contato direto com as equipes e trocas para aprimorar habilidades.<\/p>\n<p>A estrutura digital contribui para a moderniza\u00e7\u00e3o do trabalho, aliando tecnologia e pr\u00e1tica comercial. Isso agrega agilidade e efici\u00eancia ao cotidiano dos vendedores internos.<\/p>\n<p>O regime PJ pode ser atrativo para quem busca autonomia e flexibilidade no seu dia a dia. Ainda assim, \u00e9 importante avaliar se esse modelo se encaixa em suas necessidades profissionais.<\/p>\n<h2>\u3044\u304f\u3064\u304b\u306e\u6b20\u70b9<\/h2>\n<p>Como ponto de aten\u00e7\u00e3o, o regime PJ n\u00e3o oferece benef\u00edcios trabalhistas tradicionais, como f\u00e9rias remuneradas ou 13\u00ba sal\u00e1rio. Isso pode ser um contraponto.<\/p>\n<p>Tamb\u00e9m \u00e9 necess\u00e1rio ter um perfil resiliente, pois o contato com clientes exige proatividade e comunica\u00e7\u00e3o constante, o que para algumas pessoas pode ser desafiador.<\/p>\n<p>A rotina exige boa organiza\u00e7\u00e3o e capacidade de adapta\u00e7\u00e3o a tecnologias e ferramentas de gest\u00e3o, algo fundamental para o sucesso nesta posi\u00e7\u00e3o.<\/p>\n<p>O ambiente altamente din\u00e2mico pode demandar energia e disponibilidade, principalmente em per\u00edodos de maior volume de trabalho.<\/p>\n<h2>\u8a55\u6c7a<\/h2>\n<p>Esta vaga se destaca para quem precisa de autonomia, deseja crescer e tem o perfil comercial em evid\u00eancia. Costuma ser ideal para aqueles que j\u00e1 possuem experi\u00eancia em vendas ou buscam o primeiro contato com essa \u00e1rea, tendo em vista a flexibilidade e possibilidade de evolu\u00e7\u00e3o dentro da empresa. A estrutura moderna e o ambiente focado em resultados valorizam o colaborador dedicado e proativo.<\/p>\n<div style=\"background: #ffffff; border-radius: 12px; box-shadow: 0 10px 30px rgba(0, 0, 0, 0.1); width: 100%; max-width: 340px; padding: 25px; transition: transform 0.3s ease-in-out; overflow: visible; display: flex; flex-direction: column; position: relative; border: 1px solid #28a745; margin-top: 70px; margin-bottom: 50px; margin-left: auto; margin-right: auto;\">\n<div style=\"position: absolute; top: -35px; right: 15px; color: #28a745; padding: 5px 10px; border-radius: 6px; font-size: 14px; font-weight: bold; display: flex; align-items: center; z-index: 10;\">\u3042\u306a\u305f\u306b\u304a\u3059\u3059\u3081<\/div>\n<div data-namespace-header=\"\" style=\"\">\n<h3 data-namespace-title=\"\" style=\"color: #333; font-size: 20px; font-weight: bold; text-align: left; margin-right: 50px; min-height: 50px; margin-top: 0px;\">\u793e\u5185\u55b6\u696d\u62c5\u5f53\u8005<\/h3>\n<\/p><\/div>\n<p data-namespace-prompt=\"\" style=\"font-size: 16px; color: #666; margin-bottom: 20px; line-height: 1.5; flex-grow: 1; text-align: left; margin-top: 0px;\">Buscamos perfil comercial, comunicativo e respons\u00e1vel; rotina presencial com prospec\u00e7\u00e3o, marketing digital e gest\u00e3o de clientes; ensino m\u00e9dio indispens\u00e1vel, facilidade de crescimento.<\/p>\n<p>    <a data-namespace-url=\"\" href=\"https:\/\/mensagensdobem.com.br\/ja\/redirect\/?https:\/\/www.catho.com.br\/vagas\/vendedor-interno-com-ou-sem-experiencia-zona-leste\/35938063\/?utm_campaign=google_jobs_apply&#038;utm_source=google_jobs_apply&#038;utm_medium=organic\" style=\"width: 100%; display: inline-block; color: white; text-decoration: none; border-radius: 6px; font-size: 16px; font-weight: bold; text-align: center; transition: transform 0.3s ease, background 0.3s ease; margin-top: auto;\" data-namespace-id=\"5c0d2565-3ba9-4280-a382-ad2a691e2285\"><br \/>\n        <button style=\"width: 100%; height: 55px; background: #e9e9ed; border: 1px solid black; color: black;\">\u6c42\u4eba\u306b\u5fdc\u52df\u3059\u308b<\/button><br \/>\n    <\/a><br \/>\n    <small style=\"margin-top: 10px; color: #777; font-size: 12px; text-align: center; display: block;\">\u5225\u306e\u30a6\u30a7\u30d6\u30b5\u30a4\u30c8\u306b\u30ea\u30c0\u30a4\u30ec\u30af\u30c8\u3055\u308c\u307e\u3059<\/small>\n<\/div>\n<\/div>","protected":false},"excerpt":{"rendered":"<p>Veja nossa an\u00e1lise independente sobre a vaga de Vendedor Interno: perfil comercial, rotina presencial, crescimento e regime PJ. Pr\u00f3s, contras e veredito para ajudar voc\u00ea na decis\u00e3o!<\/p>","protected":false},"author":3,"featured_media":0,"comment_status":"open","ping_status":"open","sticky":false,"template":"","format":"standard","meta":{"footnotes":""},"categories":[8],"tags":[],"yoast_head":"<!-- This site is optimized with the Yoast SEO plugin v23.3 - https:\/\/yoast.com\/wordpress\/plugins\/seo\/ -->\n<title>Vendedor Interno: Oportunidade para Quem Busca Crescimento Profissional e Possui Perfil Comercial - MDB<\/title>\n<meta name=\"robots\" content=\"index, follow, max-snippet:-1, max-image-preview:large, max-video-preview:-1\" \/>\n<link rel=\"canonical\" href=\"https:\/\/mensagensdobem.com.br\/ja\/abbfd2ca-3f6c-41f7-877f-f50adba32b98\/\" \/>\n<meta property=\"og:locale\" content=\"ja_JP\" \/>\n<meta property=\"og:type\" content=\"article\" \/>\n<meta property=\"og:title\" content=\"Vendedor Interno: Oportunidade para Quem Busca Crescimento Profissional e Possui Perfil Comercial - MDB\" \/>\n<meta property=\"og:description\" content=\"Veja nossa an\u00e1lise independente sobre a vaga de Vendedor Interno: perfil comercial, rotina presencial, crescimento e regime PJ. Pr\u00f3s, contras e veredito para ajudar voc\u00ea na decis\u00e3o!\" \/>\n<meta property=\"og:url\" content=\"https:\/\/mensagensdobem.com.br\/ja\/abbfd2ca-3f6c-41f7-877f-f50adba32b98\/\" \/>\n<meta property=\"og:site_name\" content=\"MDB\" \/>\n<meta property=\"article:published_time\" content=\"2026-03-31T08:21:00+00:00\" \/>\n<meta property=\"article:modified_time\" content=\"2026-03-31T08:21:19+00:00\" \/>\n<meta name=\"author\" content=\"Bruno Gianni\" \/>\n<meta name=\"twitter:card\" content=\"summary_large_image\" \/>\n<meta name=\"twitter:label1\" content=\"Written by\" \/>\n\t<meta name=\"twitter:data1\" content=\"Bruno Gianni\" \/>\n\t<meta name=\"twitter:label2\" content=\"Est. reading time\" \/>\n\t<meta name=\"twitter:data2\" content=\"3\u5206\" \/>\n<script type=\"application\/ld+json\" class=\"yoast-schema-graph\">{\"@context\":\"https:\/\/schema.org\",\"@graph\":[{\"@type\":\"WebPage\",\"@id\":\"https:\/\/mensagensdobem.com.br\/abbfd2ca-3f6c-41f7-877f-f50adba32b98\/\",\"url\":\"https:\/\/mensagensdobem.com.br\/abbfd2ca-3f6c-41f7-877f-f50adba32b98\/\",\"name\":\"Vendedor Interno: Oportunidade para Quem Busca Crescimento Profissional e Possui Perfil Comercial - MDB\",\"isPartOf\":{\"@id\":\"https:\/\/mensagensdobem.com.br\/#website\"},\"datePublished\":\"2026-03-31T08:21:00+00:00\",\"dateModified\":\"2026-03-31T08:21:19+00:00\",\"author\":{\"@id\":\"https:\/\/mensagensdobem.com.br\/#\/schema\/person\/d52888235fd6563bd07d97185d6a61e4\"},\"breadcrumb\":{\"@id\":\"https:\/\/mensagensdobem.com.br\/abbfd2ca-3f6c-41f7-877f-f50adba32b98\/#breadcrumb\"},\"inLanguage\":\"ja\",\"potentialAction\":[{\"@type\":\"ReadAction\",\"target\":[\"https:\/\/mensagensdobem.com.br\/abbfd2ca-3f6c-41f7-877f-f50adba32b98\/\"]}]},{\"@type\":\"BreadcrumbList\",\"@id\":\"https:\/\/mensagensdobem.com.br\/abbfd2ca-3f6c-41f7-877f-f50adba32b98\/#breadcrumb\",\"itemListElement\":[{\"@type\":\"ListItem\",\"position\":1,\"name\":\"Home\",\"item\":\"https:\/\/mensagensdobem.com.br\/\"},{\"@type\":\"ListItem\",\"position\":2,\"name\":\"Vendedor Interno: Oportunidade para Quem Busca Crescimento Profissional e Possui Perfil Comercial\"}]},{\"@type\":\"WebSite\",\"@id\":\"https:\/\/mensagensdobem.com.br\/#website\",\"url\":\"https:\/\/mensagensdobem.com.br\/\",\"name\":\"MDB\",\"description\":\"\",\"potentialAction\":[{\"@type\":\"SearchAction\",\"target\":{\"@type\":\"EntryPoint\",\"urlTemplate\":\"https:\/\/mensagensdobem.com.br\/?s={search_term_string}\"},\"query-input\":\"required name=search_term_string\"}],\"inLanguage\":\"ja\"},{\"@type\":\"Person\",\"@id\":\"https:\/\/mensagensdobem.com.br\/#\/schema\/person\/d52888235fd6563bd07d97185d6a61e4\",\"name\":\"Bruno Gianni\",\"image\":{\"@type\":\"ImageObject\",\"inLanguage\":\"ja\",\"@id\":\"https:\/\/mensagensdobem.com.br\/#\/schema\/person\/image\/\",\"url\":\"https:\/\/secure.gravatar.com\/avatar\/0f5d42d7bf77874643c1478932860e3f?s=96&d=mm&r=g\",\"contentUrl\":\"https:\/\/secure.gravatar.com\/avatar\/0f5d42d7bf77874643c1478932860e3f?s=96&d=mm&r=g\",\"caption\":\"Bruno Gianni\"},\"description\":\"Bruno writes the way he lives, with curiosity, care, and respect for people. He likes to observe, listen, and try to understand what is happening on the other side before putting any words on the page.For him, writing is not about impressing, but about getting closer. It is about turning thoughts into something simple, clear, and real. Every text is an ongoing conversation, created with care and honesty, with the sincere intention of touching someone, somewhere along the way.\",\"url\":\"https:\/\/mensagensdobem.com.br\/ja\/author\/bcgianni\/\"}]}<\/script>\n<!-- \/ Yoast SEO plugin. -->","yoast_head_json":{"title":"Vendedor Interno: Oportunidade para Quem Busca Crescimento Profissional e Possui Perfil Comercial - MDB","robots":{"index":"index","follow":"follow","max-snippet":"max-snippet:-1","max-image-preview":"max-image-preview:large","max-video-preview":"max-video-preview:-1"},"canonical":"https:\/\/mensagensdobem.com.br\/ja\/abbfd2ca-3f6c-41f7-877f-f50adba32b98\/","og_locale":"ja_JP","og_type":"article","og_title":"Vendedor Interno: Oportunidade para Quem Busca Crescimento Profissional e Possui Perfil Comercial - MDB","og_description":"Veja nossa an\u00e1lise independente sobre a vaga de Vendedor Interno: perfil comercial, rotina presencial, crescimento e regime PJ. Pr\u00f3s, contras e veredito para ajudar voc\u00ea na decis\u00e3o!","og_url":"https:\/\/mensagensdobem.com.br\/ja\/abbfd2ca-3f6c-41f7-877f-f50adba32b98\/","og_site_name":"MDB","article_published_time":"2026-03-31T08:21:00+00:00","article_modified_time":"2026-03-31T08:21:19+00:00","author":"Bruno Gianni","twitter_card":"summary_large_image","twitter_misc":{"Written by":"Bruno Gianni","Est. reading time":"3\u5206"},"schema":{"@context":"https:\/\/schema.org","@graph":[{"@type":"WebPage","@id":"https:\/\/mensagensdobem.com.br\/abbfd2ca-3f6c-41f7-877f-f50adba32b98\/","url":"https:\/\/mensagensdobem.com.br\/abbfd2ca-3f6c-41f7-877f-f50adba32b98\/","name":"Vendedor Interno: Oportunidade para Quem Busca Crescimento Profissional e Possui Perfil Comercial - MDB","isPartOf":{"@id":"https:\/\/mensagensdobem.com.br\/#website"},"datePublished":"2026-03-31T08:21:00+00:00","dateModified":"2026-03-31T08:21:19+00:00","author":{"@id":"https:\/\/mensagensdobem.com.br\/#\/schema\/person\/d52888235fd6563bd07d97185d6a61e4"},"breadcrumb":{"@id":"https:\/\/mensagensdobem.com.br\/abbfd2ca-3f6c-41f7-877f-f50adba32b98\/#breadcrumb"},"inLanguage":"ja","potentialAction":[{"@type":"ReadAction","target":["https:\/\/mensagensdobem.com.br\/abbfd2ca-3f6c-41f7-877f-f50adba32b98\/"]}]},{"@type":"BreadcrumbList","@id":"https:\/\/mensagensdobem.com.br\/abbfd2ca-3f6c-41f7-877f-f50adba32b98\/#breadcrumb","itemListElement":[{"@type":"ListItem","position":1,"name":"Home","item":"https:\/\/mensagensdobem.com.br\/"},{"@type":"ListItem","position":2,"name":"Vendedor Interno: Oportunidade para Quem Busca Crescimento Profissional e Possui Perfil Comercial"}]},{"@type":"WebSite","@id":"https:\/\/mensagensdobem.com.br\/#website","url":"https:\/\/mensagensdobem.com.br\/","name":"MDB","description":"","potentialAction":[{"@type":"SearchAction","target":{"@type":"EntryPoint","urlTemplate":"https:\/\/mensagensdobem.com.br\/?s={search_term_string}"},"query-input":"required name=search_term_string"}],"inLanguage":"ja"},{"@type":"Person","@id":"https:\/\/mensagensdobem.com.br\/#\/schema\/person\/d52888235fd6563bd07d97185d6a61e4","name":"Bruno Gianni","image":{"@type":"ImageObject","inLanguage":"ja","@id":"https:\/\/mensagensdobem.com.br\/#\/schema\/person\/image\/","url":"https:\/\/secure.gravatar.com\/avatar\/0f5d42d7bf77874643c1478932860e3f?s=96&d=mm&r=g","contentUrl":"https:\/\/secure.gravatar.com\/avatar\/0f5d42d7bf77874643c1478932860e3f?s=96&d=mm&r=g","caption":"Bruno Gianni"},"description":"Bruno writes the way he lives, with curiosity, care, and respect for people. He likes to observe, listen, and try to understand what is happening on the other side before putting any words on the page.For him, writing is not about impressing, but about getting closer. It is about turning thoughts into something simple, clear, and real. Every text is an ongoing conversation, created with care and honesty, with the sincere intention of touching someone, somewhere along the way.","url":"https:\/\/mensagensdobem.com.br\/ja\/author\/bcgianni\/"}]}},"_links":{"self":[{"href":"https:\/\/mensagensdobem.com.br\/ja\/wp-json\/wp\/v2\/posts\/25842"}],"collection":[{"href":"https:\/\/mensagensdobem.com.br\/ja\/wp-json\/wp\/v2\/posts"}],"about":[{"href":"https:\/\/mensagensdobem.com.br\/ja\/wp-json\/wp\/v2\/types\/post"}],"author":[{"embeddable":true,"href":"https:\/\/mensagensdobem.com.br\/ja\/wp-json\/wp\/v2\/users\/3"}],"replies":[{"embeddable":true,"href":"https:\/\/mensagensdobem.com.br\/ja\/wp-json\/wp\/v2\/comments?post=25842"}],"version-history":[{"count":1,"href":"https:\/\/mensagensdobem.com.br\/ja\/wp-json\/wp\/v2\/posts\/25842\/revisions"}],"predecessor-version":[{"id":25851,"href":"https:\/\/mensagensdobem.com.br\/ja\/wp-json\/wp\/v2\/posts\/25842\/revisions\/25851"}],"wp:attachment":[{"href":"https:\/\/mensagensdobem.com.br\/ja\/wp-json\/wp\/v2\/media?parent=25842"}],"wp:term":[{"taxonomy":"category","embeddable":true,"href":"https:\/\/mensagensdobem.com.br\/ja\/wp-json\/wp\/v2\/categories?post=25842"},{"taxonomy":"post_tag","embeddable":true,"href":"https:\/\/mensagensdobem.com.br\/ja\/wp-json\/wp\/v2\/tags?post=25842"}],"curies":[{"name":"wp","href":"https:\/\/api.w.org\/{rel}","templated":true}]}}