{"id":26486,"date":"2026-04-07T04:55:00","date_gmt":"2026-04-07T04:55:00","guid":{"rendered":"https:\/\/mensagensdobem.com.br\/610bfafa-a623-4364-8fb7-b28945bb87aa\/"},"modified":"2026-04-07T04:55:18","modified_gmt":"2026-04-07T04:55:18","slug":"610bfafa-a623-4364-8fb7-b28945bb87aa","status":"publish","type":"post","link":"https:\/\/mensagensdobem.com.br\/ja\/610bfafa-a623-4364-8fb7-b28945bb87aa\/","title":{"rendered":"Vendedor Interno I Food Service: Sal\u00e1rio Competitivo, CLT e Comiss\u00e3o Alta"},"content":{"rendered":"<div class=\"mx-5 sm:mx-0 prose text-left mb-5\">\n<\/p>\n<div style=\"background: #ffffff; border-radius: 12px; box-shadow: 0 10px 30px rgba(0, 0, 0, 0.1); width: 100%; max-width: 340px; padding: 25px; transition: transform 0.3s ease-in-out; overflow: visible; display: flex; flex-direction: column; position: relative; border: 1px solid #28a745; margin-top: 70px; margin-bottom: 50px; margin-left: auto; margin-right: auto;\">\n<div style=\"position: absolute; top: -35px; right: 15px; color: #28a745; padding: 5px 10px; border-radius: 6px; font-size: 14px; font-weight: bold; display: flex; align-items: center; z-index: 10;\">\u3042\u306a\u305f\u306b\u304a\u3059\u3059\u3081<\/div>\n<div data-namespace-header=\"\" style=\"\">\n<h3 data-namespace-title=\"\" style=\"color: #333; font-size: 20px; font-weight: bold; text-align: left; margin-right: 50px; min-height: 50px; margin-top: 0px;\">Vendedor Interno I Food Service<\/h3>\n<\/p><\/div>\n<p data-namespace-prompt=\"\" style=\"font-size: 16px; color: #666; margin-bottom: 20px; line-height: 1.5; flex-grow: 1; text-align: left; margin-top: 0px;\">Sal\u00e1rio competitivo de at\u00e9 R$\u00a04.000,00 CLT, comiss\u00f5es atraentes, contato direto com clientes do ramo aliment\u00edcio, plano de sa\u00fade e refeit\u00f3rio na empresa.<\/p>\n<p>    <a data-namespace-url=\"\" href=\"https:\/\/mensagensdobem.com.br\/ja\/redirect\/?https:\/\/jobs.quickin.io\/rhgrandestalentos\/jobs\/69a5f202df927f00138e789e?utm_campaign=google_jobs_apply&#038;utm_source=google_jobs_apply&#038;utm_medium=organic\" style=\"width: 100%; display: inline-block; color: white; text-decoration: none; border-radius: 6px; font-size: 16px; font-weight: bold; text-align: center; transition: transform 0.3s ease, background 0.3s ease; margin-top: auto;\" data-namespace-id=\"5c0d2565-3ba9-4280-a382-ad2a691e2285\"><br \/>\n        <button style=\"width: 100%; height: 55px; background: #e9e9ed; border: 1px solid black; color: black;\">\u6c42\u4eba\u306b\u5fdc\u52df\u3059\u308b<\/button><br \/>\n    <\/a><br \/>\n    <small style=\"margin-top: 10px; color: #777; font-size: 12px; text-align: center; display: block;\">\u5225\u306e\u30a6\u30a7\u30d6\u30b5\u30a4\u30c8\u306b\u30ea\u30c0\u30a4\u30ec\u30af\u30c8\u3055\u308c\u307e\u3059\u3002<\/small>\n<\/div>\n<p><!-- Introdu\u00e7\u00e3o --><br \/>\nO cargo de Vendedor Interno I Food Service oferece uma excelente oportunidade para profissionais do setor de vendas que buscam desenvolvimento de carreira com alta remunera\u00e7\u00e3o fixa e vari\u00e1vel. O regime CLT proporciona estabilidade e garantia de benef\u00edcios, enquanto as comiss\u00f5es podem alcan\u00e7ar altos valores, tornando-se um grande atrativo para quem quer crescer financeiramente.<\/p>\n<p>A estrutura da empresa \u00e9 tradicional no segmento de farinhas e est\u00e1 em expans\u00e3o para novos mercados como massas frescas e polenta. Os candidatos t\u00eam a chance de participar diretamente dessa fase de crescimento e contribuir com a constru\u00e7\u00e3o de uma nova \u00e1rea dentro de um grupo s\u00f3lido e experiente.<\/p>\n<p>Al\u00e9m do sal\u00e1rio fixo competitivo, o profissional contar\u00e1 com comiss\u00e3o agressiva, refeit\u00f3rio na empresa para maior comodidade durante a rotina de trabalho e planos de sa\u00fade inclusos, aumentando ainda mais o valor do pacote de benef\u00edcios desta vaga.<\/p>\n<h2>\u8077\u52d9\u4e0a\u306e\u8cac\u4efb\u3068\u30eb\u30fc\u30c1\u30f3<\/h2>\n<p>O dia a dia do Vendedor Interno I Food Service envolve prospec\u00e7\u00e3o ativa de novos clientes B2B, desenvolvimento de uma carteira pr\u00f3pria e apoio ao time de vendas externas. A rotina inclui tamb\u00e9m o acompanhamento e follow-up de propostas comerciais para garantir o fechamento de neg\u00f3cio.<\/p>\n<p>O relacionamento com clientes do canal food service \u00e9 outro ponto fundamental. A experi\u00eancia costumaz em lidar com restaurantes, distribuidores ou cozinhas industriais faz parte do escopo ideal do candidato. J\u00e1 a organiza\u00e7\u00e3o e disciplina s\u00e3o diferenciais para o atingimento das metas e cumprimento dos processos internos estabelecidos.<\/p>\n<p>O contato constante com clientes proporciona aprendizado sobre o mercado e a constru\u00e7\u00e3o de networking importante para a carreira.<\/p>\n<h2>\u4e3b\u306a\u826f\u3044\u70b9<\/h2>\n<p>Entre os benef\u00edcios, o sal\u00e1rio fixo at\u00e9 R$ 4.000,00 e a comiss\u00e3o destacam-se. Com experi\u00eancia e dedica\u00e7\u00e3o, \u00e9 poss\u00edvel dobrar ou at\u00e9 triplicar os ganhos mensais somando comiss\u00e3o, tornando o desafio ainda mais atrativo para vendedores experientes.<\/p>\n<p>O plano de sa\u00fade e o refeit\u00f3rio no local aumentam o conforto e a tranquilidade do dia a dia, mostrando a preocupa\u00e7\u00e3o da empresa com o bem-estar dos colaboradores.<\/p>\n<p>Num ambiente estruturado, a oportunidade serve como plataforma para crescimento profissional e reconhecimento pelo desempenho.<\/p>\n<h2>Poss\u00edveis Desafios e Pontos de Aten\u00e7\u00e3o<\/h2>\n<p>O cargo demanda perfil comunicativo, disciplina e bastante organiza\u00e7\u00e3o. O ritmo de prospec\u00e7\u00e3o ativa pode ser desgastante para quem n\u00e3o tem experi\u00eancia pr\u00e9via ou perfil autogerenci\u00e1vel.<\/p>\n<p>O foco em resultados e atingimento de metas \u00e9 imprescind\u00edvel, o que pode gerar press\u00e3o no cotidiano, especialmente para quem busca estabilidade acima de tudo.<\/p>\n<h2>\u6700\u7d42\u8a55\u6c7a<\/h2>\n<p>Para quem busca remunera\u00e7\u00e3o acima da m\u00e9dia, bons benef\u00edcios e participa\u00e7\u00e3o em projeto em expans\u00e3o, a vaga de Vendedor Interno I Food Service aparece como uma excelente oportunidade. Profissionais com traquejo em vendas no setor aliment\u00edcio e capacidade de autogest\u00e3o ir\u00e3o encontrar neste cargo um \u00f3timo pr\u00f3ximo passo. Avalie se o perfil exigido se encaixa ao seu e esteja pronto para um ciclo de crescimento acelerado.<\/p>\n<\/p>\n<div style=\"background: #ffffff; border-radius: 12px; box-shadow: 0 10px 30px rgba(0, 0, 0, 0.1); width: 100%; max-width: 340px; padding: 25px; transition: transform 0.3s ease-in-out; overflow: visible; display: flex; flex-direction: column; position: relative; border: 1px solid #28a745; margin-top: 70px; margin-bottom: 50px; margin-left: auto; margin-right: auto;\">\n<div style=\"position: absolute; top: -35px; right: 15px; color: #28a745; padding: 5px 10px; border-radius: 6px; font-size: 14px; font-weight: bold; display: flex; align-items: center; z-index: 10;\">\u3042\u306a\u305f\u306b\u304a\u3059\u3059\u3081<\/div>\n<div data-namespace-header=\"\" style=\"\">\n<h3 data-namespace-title=\"\" style=\"color: #333; font-size: 20px; font-weight: bold; text-align: left; margin-right: 50px; min-height: 50px; margin-top: 0px;\">Vendedor Interno I Food Service<\/h3>\n<\/p><\/div>\n<p data-namespace-prompt=\"\" style=\"font-size: 16px; color: #666; margin-bottom: 20px; line-height: 1.5; flex-grow: 1; text-align: left; margin-top: 0px;\">Sal\u00e1rio competitivo de at\u00e9 R$\u00a04.000,00 CLT, comiss\u00f5es atraentes, contato direto com clientes do ramo aliment\u00edcio, plano de sa\u00fade e refeit\u00f3rio na empresa.<\/p>\n<p>    <a data-namespace-url=\"\" href=\"https:\/\/mensagensdobem.com.br\/ja\/redirect\/?https:\/\/jobs.quickin.io\/rhgrandestalentos\/jobs\/69a5f202df927f00138e789e?utm_campaign=google_jobs_apply&#038;utm_source=google_jobs_apply&#038;utm_medium=organic\" style=\"width: 100%; display: inline-block; color: white; text-decoration: none; border-radius: 6px; font-size: 16px; font-weight: bold; text-align: center; transition: transform 0.3s ease, background 0.3s ease; margin-top: auto;\" data-namespace-id=\"5c0d2565-3ba9-4280-a382-ad2a691e2285\"><br \/>\n        <button style=\"width: 100%; height: 55px; background: #e9e9ed; border: 1px solid black; color: black;\">\u6c42\u4eba\u306b\u5fdc\u52df\u3059\u308b<\/button><br \/>\n    <\/a><br \/>\n    <small style=\"margin-top: 10px; color: #777; font-size: 12px; text-align: center; display: block;\">\u5225\u306e\u30a6\u30a7\u30d6\u30b5\u30a4\u30c8\u306b\u30ea\u30c0\u30a4\u30ec\u30af\u30c8\u3055\u308c\u307e\u3059\u3002<\/small>\n<\/div>\n<\/div>","protected":false},"excerpt":{"rendered":"<p>Descubra a vaga de Vendedor Interno I Food Service com sal\u00e1rio fixo e comiss\u00e3o de at\u00e9 R$ 10.000, benef\u00edcios CLT, plano de sa\u00fade, refeit\u00f3rio e oportunidades de crescimento em uma empresa s\u00f3lida.<\/p>","protected":false},"author":3,"featured_media":0,"comment_status":"open","ping_status":"open","sticky":false,"template":"","format":"standard","meta":{"footnotes":""},"categories":[8],"tags":[],"yoast_head":"<!-- This site is optimized with the Yoast SEO plugin v23.3 - https:\/\/yoast.com\/wordpress\/plugins\/seo\/ -->\n<title>Vendedor Interno I Food Service: Sal\u00e1rio Competitivo, CLT e Comiss\u00e3o Alta - MDB<\/title>\n<meta name=\"robots\" content=\"index, follow, max-snippet:-1, max-image-preview:large, max-video-preview:-1\" \/>\n<link rel=\"canonical\" href=\"https:\/\/mensagensdobem.com.br\/ja\/610bfafa-a623-4364-8fb7-b28945bb87aa\/\" \/>\n<meta property=\"og:locale\" content=\"ja_JP\" \/>\n<meta property=\"og:type\" content=\"article\" \/>\n<meta property=\"og:title\" content=\"Vendedor Interno I Food Service: Sal\u00e1rio Competitivo, CLT e Comiss\u00e3o Alta - MDB\" \/>\n<meta property=\"og:description\" content=\"Descubra a vaga de Vendedor Interno I Food Service com sal\u00e1rio fixo e comiss\u00e3o de at\u00e9 R$ 10.000, benef\u00edcios CLT, plano de sa\u00fade, refeit\u00f3rio e oportunidades de crescimento em uma empresa s\u00f3lida.\" \/>\n<meta property=\"og:url\" content=\"https:\/\/mensagensdobem.com.br\/ja\/610bfafa-a623-4364-8fb7-b28945bb87aa\/\" \/>\n<meta property=\"og:site_name\" content=\"MDB\" \/>\n<meta property=\"article:published_time\" content=\"2026-04-07T04:55:00+00:00\" \/>\n<meta property=\"article:modified_time\" content=\"2026-04-07T04:55:18+00:00\" \/>\n<meta name=\"author\" content=\"Bruno Gianni\" \/>\n<meta name=\"twitter:card\" content=\"summary_large_image\" \/>\n<meta name=\"twitter:label1\" content=\"Written by\" \/>\n\t<meta name=\"twitter:data1\" content=\"Bruno Gianni\" \/>\n\t<meta name=\"twitter:label2\" content=\"Est. reading time\" \/>\n\t<meta name=\"twitter:data2\" content=\"3\u5206\" \/>\n<script type=\"application\/ld+json\" class=\"yoast-schema-graph\">{\"@context\":\"https:\/\/schema.org\",\"@graph\":[{\"@type\":\"WebPage\",\"@id\":\"https:\/\/mensagensdobem.com.br\/610bfafa-a623-4364-8fb7-b28945bb87aa\/\",\"url\":\"https:\/\/mensagensdobem.com.br\/610bfafa-a623-4364-8fb7-b28945bb87aa\/\",\"name\":\"Vendedor Interno I Food Service: Sal\u00e1rio Competitivo, CLT e Comiss\u00e3o Alta - MDB\",\"isPartOf\":{\"@id\":\"https:\/\/mensagensdobem.com.br\/#website\"},\"datePublished\":\"2026-04-07T04:55:00+00:00\",\"dateModified\":\"2026-04-07T04:55:18+00:00\",\"author\":{\"@id\":\"https:\/\/mensagensdobem.com.br\/#\/schema\/person\/d52888235fd6563bd07d97185d6a61e4\"},\"breadcrumb\":{\"@id\":\"https:\/\/mensagensdobem.com.br\/610bfafa-a623-4364-8fb7-b28945bb87aa\/#breadcrumb\"},\"inLanguage\":\"ja\",\"potentialAction\":[{\"@type\":\"ReadAction\",\"target\":[\"https:\/\/mensagensdobem.com.br\/610bfafa-a623-4364-8fb7-b28945bb87aa\/\"]}]},{\"@type\":\"BreadcrumbList\",\"@id\":\"https:\/\/mensagensdobem.com.br\/610bfafa-a623-4364-8fb7-b28945bb87aa\/#breadcrumb\",\"itemListElement\":[{\"@type\":\"ListItem\",\"position\":1,\"name\":\"Home\",\"item\":\"https:\/\/mensagensdobem.com.br\/\"},{\"@type\":\"ListItem\",\"position\":2,\"name\":\"Vendedor Interno I Food Service: Sal\u00e1rio Competitivo, CLT e Comiss\u00e3o Alta\"}]},{\"@type\":\"WebSite\",\"@id\":\"https:\/\/mensagensdobem.com.br\/#website\",\"url\":\"https:\/\/mensagensdobem.com.br\/\",\"name\":\"MDB\",\"description\":\"\",\"potentialAction\":[{\"@type\":\"SearchAction\",\"target\":{\"@type\":\"EntryPoint\",\"urlTemplate\":\"https:\/\/mensagensdobem.com.br\/?s={search_term_string}\"},\"query-input\":\"required name=search_term_string\"}],\"inLanguage\":\"ja\"},{\"@type\":\"Person\",\"@id\":\"https:\/\/mensagensdobem.com.br\/#\/schema\/person\/d52888235fd6563bd07d97185d6a61e4\",\"name\":\"Bruno Gianni\",\"image\":{\"@type\":\"ImageObject\",\"inLanguage\":\"ja\",\"@id\":\"https:\/\/mensagensdobem.com.br\/#\/schema\/person\/image\/\",\"url\":\"https:\/\/secure.gravatar.com\/avatar\/0f5d42d7bf77874643c1478932860e3f?s=96&d=mm&r=g\",\"contentUrl\":\"https:\/\/secure.gravatar.com\/avatar\/0f5d42d7bf77874643c1478932860e3f?s=96&d=mm&r=g\",\"caption\":\"Bruno Gianni\"},\"description\":\"Bruno writes the way he lives, with curiosity, care, and respect for people. He likes to observe, listen, and try to understand what is happening on the other side before putting any words on the page.For him, writing is not about impressing, but about getting closer. It is about turning thoughts into something simple, clear, and real. Every text is an ongoing conversation, created with care and honesty, with the sincere intention of touching someone, somewhere along the way.\",\"url\":\"https:\/\/mensagensdobem.com.br\/ja\/author\/bcgianni\/\"}]}<\/script>\n<!-- \/ Yoast SEO plugin. -->","yoast_head_json":{"title":"Vendedor Interno I Food Service: Sal\u00e1rio Competitivo, CLT e Comiss\u00e3o Alta - MDB","robots":{"index":"index","follow":"follow","max-snippet":"max-snippet:-1","max-image-preview":"max-image-preview:large","max-video-preview":"max-video-preview:-1"},"canonical":"https:\/\/mensagensdobem.com.br\/ja\/610bfafa-a623-4364-8fb7-b28945bb87aa\/","og_locale":"ja_JP","og_type":"article","og_title":"Vendedor Interno I Food Service: Sal\u00e1rio Competitivo, CLT e Comiss\u00e3o Alta - MDB","og_description":"Descubra a vaga de Vendedor Interno I Food Service com sal\u00e1rio fixo e comiss\u00e3o de at\u00e9 R$ 10.000, benef\u00edcios CLT, plano de sa\u00fade, refeit\u00f3rio e oportunidades de crescimento em uma empresa s\u00f3lida.","og_url":"https:\/\/mensagensdobem.com.br\/ja\/610bfafa-a623-4364-8fb7-b28945bb87aa\/","og_site_name":"MDB","article_published_time":"2026-04-07T04:55:00+00:00","article_modified_time":"2026-04-07T04:55:18+00:00","author":"Bruno Gianni","twitter_card":"summary_large_image","twitter_misc":{"Written by":"Bruno Gianni","Est. reading time":"3\u5206"},"schema":{"@context":"https:\/\/schema.org","@graph":[{"@type":"WebPage","@id":"https:\/\/mensagensdobem.com.br\/610bfafa-a623-4364-8fb7-b28945bb87aa\/","url":"https:\/\/mensagensdobem.com.br\/610bfafa-a623-4364-8fb7-b28945bb87aa\/","name":"Vendedor Interno I Food Service: Sal\u00e1rio Competitivo, CLT e Comiss\u00e3o Alta - MDB","isPartOf":{"@id":"https:\/\/mensagensdobem.com.br\/#website"},"datePublished":"2026-04-07T04:55:00+00:00","dateModified":"2026-04-07T04:55:18+00:00","author":{"@id":"https:\/\/mensagensdobem.com.br\/#\/schema\/person\/d52888235fd6563bd07d97185d6a61e4"},"breadcrumb":{"@id":"https:\/\/mensagensdobem.com.br\/610bfafa-a623-4364-8fb7-b28945bb87aa\/#breadcrumb"},"inLanguage":"ja","potentialAction":[{"@type":"ReadAction","target":["https:\/\/mensagensdobem.com.br\/610bfafa-a623-4364-8fb7-b28945bb87aa\/"]}]},{"@type":"BreadcrumbList","@id":"https:\/\/mensagensdobem.com.br\/610bfafa-a623-4364-8fb7-b28945bb87aa\/#breadcrumb","itemListElement":[{"@type":"ListItem","position":1,"name":"Home","item":"https:\/\/mensagensdobem.com.br\/"},{"@type":"ListItem","position":2,"name":"Vendedor Interno I Food Service: Sal\u00e1rio Competitivo, CLT e Comiss\u00e3o Alta"}]},{"@type":"WebSite","@id":"https:\/\/mensagensdobem.com.br\/#website","url":"https:\/\/mensagensdobem.com.br\/","name":"MDB","description":"","potentialAction":[{"@type":"SearchAction","target":{"@type":"EntryPoint","urlTemplate":"https:\/\/mensagensdobem.com.br\/?s={search_term_string}"},"query-input":"required name=search_term_string"}],"inLanguage":"ja"},{"@type":"Person","@id":"https:\/\/mensagensdobem.com.br\/#\/schema\/person\/d52888235fd6563bd07d97185d6a61e4","name":"Bruno Gianni","image":{"@type":"ImageObject","inLanguage":"ja","@id":"https:\/\/mensagensdobem.com.br\/#\/schema\/person\/image\/","url":"https:\/\/secure.gravatar.com\/avatar\/0f5d42d7bf77874643c1478932860e3f?s=96&d=mm&r=g","contentUrl":"https:\/\/secure.gravatar.com\/avatar\/0f5d42d7bf77874643c1478932860e3f?s=96&d=mm&r=g","caption":"Bruno Gianni"},"description":"Bruno writes the way he lives, with curiosity, care, and respect for people. He likes to observe, listen, and try to understand what is happening on the other side before putting any words on the page.For him, writing is not about impressing, but about getting closer. It is about turning thoughts into something simple, clear, and real. Every text is an ongoing conversation, created with care and honesty, with the sincere intention of touching someone, somewhere along the way.","url":"https:\/\/mensagensdobem.com.br\/ja\/author\/bcgianni\/"}]}},"_links":{"self":[{"href":"https:\/\/mensagensdobem.com.br\/ja\/wp-json\/wp\/v2\/posts\/26486"}],"collection":[{"href":"https:\/\/mensagensdobem.com.br\/ja\/wp-json\/wp\/v2\/posts"}],"about":[{"href":"https:\/\/mensagensdobem.com.br\/ja\/wp-json\/wp\/v2\/types\/post"}],"author":[{"embeddable":true,"href":"https:\/\/mensagensdobem.com.br\/ja\/wp-json\/wp\/v2\/users\/3"}],"replies":[{"embeddable":true,"href":"https:\/\/mensagensdobem.com.br\/ja\/wp-json\/wp\/v2\/comments?post=26486"}],"version-history":[{"count":1,"href":"https:\/\/mensagensdobem.com.br\/ja\/wp-json\/wp\/v2\/posts\/26486\/revisions"}],"predecessor-version":[{"id":26491,"href":"https:\/\/mensagensdobem.com.br\/ja\/wp-json\/wp\/v2\/posts\/26486\/revisions\/26491"}],"wp:attachment":[{"href":"https:\/\/mensagensdobem.com.br\/ja\/wp-json\/wp\/v2\/media?parent=26486"}],"wp:term":[{"taxonomy":"category","embeddable":true,"href":"https:\/\/mensagensdobem.com.br\/ja\/wp-json\/wp\/v2\/categories?post=26486"},{"taxonomy":"post_tag","embeddable":true,"href":"https:\/\/mensagensdobem.com.br\/ja\/wp-json\/wp\/v2\/tags?post=26486"}],"curies":[{"name":"wp","href":"https:\/\/api.w.org\/{rel}","templated":true}]}}