{"id":2078,"date":"2025-10-16T17:08:00","date_gmt":"2025-10-16T17:08:00","guid":{"rendered":"https:\/\/mensagensdobem.com.br\/1b5416e0-ec1b-4582-858e-0f11a8a2f3a3\/"},"modified":"2025-10-16T17:08:38","modified_gmt":"2025-10-16T17:08:38","slug":"1b5416e0-ec1b-4582-858e-0f11a8a2f3a3","status":"publish","type":"post","link":"https:\/\/mensagensdobem.com.br\/tr\/1b5416e0-ec1b-4582-858e-0f11a8a2f3a3\/","title":{"rendered":"Vaga de Balconista: Sal\u00e1rio a combinar, efetivo e oportunidades para iniciantes"},"content":{"rendered":"<div class=\"mx-5 sm:mx-0 prose text-left mb-5\">\n<\/p>\n<div style=\"background: #ffffff; border-radius: 12px; box-shadow: 0 10px 30px rgba(0, 0, 0, 0.1); width: 100%; max-width: 340px; padding: 25px; transition: transform 0.3s ease-in-out; overflow: visible; display: flex; flex-direction: column; position: relative; border: 1px solid #28a745; margin-top: 70px; margin-bottom: 50px; margin-left: auto; margin-right: auto;\">\n<div style=\"position: absolute; top: -35px; right: 15px; color: #28a745; padding: 5px 10px; border-radius: 6px; font-size: 14px; font-weight: bold; display: flex; align-items: center; z-index: 10;\">Sizin i\u00e7in \u00f6nerilenler<\/div>\n<div data-namespace-header=\"\" style=\"\">\n<h3 data-namespace-title=\"\" style=\"color: #333; font-size: 20px; font-weight: bold; text-align: left; margin-right: 50px; min-height: 50px; margin-top: 0px;\">Memur<\/h3>\n<\/p><\/div>\n<p data-namespace-prompt=\"\" style=\"font-size: 16px; color: #666; margin-bottom: 20px; line-height: 1.5; flex-grow: 1; text-align: left; margin-top: 0px;\">Oportunidade para Balconista, contrato efetivo com sal\u00e1rio a combinar e aceita\u00e7\u00e3o de iniciantes. Ambiente que valoriza crescimento profissional e aprendizado cont\u00ednuo.<\/p>\n<p>    <a data-namespace-url=\"\" href=\"https:\/\/mensagensdobem.com.br\/tr\/redirect\/?https:\/\/www.bne.com.br\/vaga-de-emprego-na-area-comercio-em-camaragibe-pe\/balconista\/4797608?utm_campaign=google_jobs_apply&#038;utm_source=google_jobs_apply&#038;utm_medium=organic\" style=\"width: 100%; display: inline-block; color: white; text-decoration: none; border-radius: 6px; font-size: 16px; font-weight: bold; text-align: center; transition: transform 0.3s ease, background 0.3s ease; margin-top: auto;\" data-namespace-id=\"5c0d2565-3ba9-4280-a382-ad2a691e2285\"><br \/>\n        <button style=\"width: 100%; height: 55px; background: #e9e9ed; border: 1px solid black; color: black;\">\u015eimdi ba\u015fvurun<\/button><br \/>\n    <\/a><br \/>\n    <small style=\"margin-top: 10px; color: #777; font-size: 12px; text-align: center; display: block;\">Ba\u015fka bir web sitesine y\u00f6nlendirileceksiniz<\/small>\n<\/div>\n<h2>Atividades do Cargo<\/h2>\n<p>O balconista se envolve no atendimento ao cliente, organiza\u00e7\u00e3o dos produtos, reposi\u00e7\u00e3o de estoque e aux\u00edlio nas vendas do estabelecimento comercial.<\/p>\n<p>O colaborador realiza a confer\u00eancia dos itens expostos e garante que as informa\u00e7\u00f5es estejam atualizadas para os consumidores.<\/p>\n<p>\u00c9 fundamental detectar d\u00favidas dos clientes, prestar suporte durante a compra e operar o caixa, quando necess\u00e1rio.<\/p>\n<p>O ambiente valoriza colaboradores proativos que gostam de trabalhar com pessoas e desejam crescer profissionalmente.<\/p>\n<p>Candidatos sem experi\u00eancia tamb\u00e9m t\u00eam espa\u00e7o, desde que estejam abertos a aprender e se desenvolver na \u00e1rea comercial.<\/p>\n<h2>Pontos Positivos desta Vaga<\/h2>\n<p>Um dos principais pontos positivos \u00e9 a abertura para iniciantes que buscam seu primeiro emprego ou mudan\u00e7a de carreira.<\/p>\n<p>O regime efetivo proporciona estabilidade, tornando-se um atrativo para quem deseja construir uma trajet\u00f3ria s\u00f3lida.<\/p>\n<p>O balc\u00e3o fomenta o contato interpessoal, aprimorando habilidades de comunica\u00e7\u00e3o e atendimento ao cliente.<\/p>\n<p>Ambiente prop\u00edcio ao aprendizado di\u00e1rio, sendo ideal para quem deseja adquirir experi\u00eancia real no com\u00e9rcio.<\/p>\n<h2>Dikkat Edilmesi Gereken Noktalar<\/h2>\n<p>A rotina exige dinamismo e capacidade de lidar com press\u00f5es, especialmente em hor\u00e1rios de maior movimento.<\/p>\n<p>O sal\u00e1rio \u00e9 definido na negocia\u00e7\u00e3o, podendo n\u00e3o atender expectativas de profissionais experientes que buscam remunera\u00e7\u00f5es mais altas.<\/p>\n<p>\u00c9 necess\u00e1rio residir pr\u00f3ximo ao local da vaga, o que limita candidatos de regi\u00f5es distantes ou outras cidades.<\/p>\n<h2>Son Karar<\/h2>\n<p>Esta vaga de balconista \u00e9 excelente para quem procura estabilidade, crescimento e se identifica com o atendimento ao p\u00fablico, mesmo iniciando a carreira.<\/p>\n<p>Recomendo fortemente para quem est\u00e1 come\u00e7ando e valoriza um ambiente inclusivo e aberto ao aprendizado. Uma excelente porta de entrada no mercado de trabalho.<\/p>\n<div style=\"background: #ffffff; border-radius: 12px; box-shadow: 0 10px 30px rgba(0, 0, 0, 0.1); width: 100%; max-width: 340px; padding: 25px; transition: transform 0.3s ease-in-out; overflow: visible; display: flex; flex-direction: column; position: relative; border: 1px solid #28a745; margin-top: 70px; margin-bottom: 50px; margin-left: auto; margin-right: auto;\">\n<div style=\"position: absolute; top: -35px; right: 15px; color: #28a745; padding: 5px 10px; border-radius: 6px; font-size: 14px; font-weight: bold; display: flex; align-items: center; z-index: 10;\">Sizin i\u00e7in \u00f6nerilenler<\/div>\n<div data-namespace-header=\"\" style=\"\">\n<h3 data-namespace-title=\"\" style=\"color: #333; font-size: 20px; font-weight: bold; text-align: left; margin-right: 50px; min-height: 50px; margin-top: 0px;\">Memur<\/h3>\n<\/p><\/div>\n<p data-namespace-prompt=\"\" style=\"font-size: 16px; color: #666; margin-bottom: 20px; line-height: 1.5; flex-grow: 1; text-align: left; margin-top: 0px;\">Oportunidade para Balconista, contrato efetivo com sal\u00e1rio a combinar e aceita\u00e7\u00e3o de iniciantes. Ambiente que valoriza crescimento profissional e aprendizado cont\u00ednuo.<\/p>\n<p>    <a data-namespace-url=\"\" href=\"https:\/\/mensagensdobem.com.br\/tr\/redirect\/?https:\/\/www.bne.com.br\/vaga-de-emprego-na-area-comercio-em-camaragibe-pe\/balconista\/4797608?utm_campaign=google_jobs_apply&#038;utm_source=google_jobs_apply&#038;utm_medium=organic\" style=\"width: 100%; display: inline-block; color: white; text-decoration: none; border-radius: 6px; font-size: 16px; font-weight: bold; text-align: center; transition: transform 0.3s ease, background 0.3s ease; margin-top: auto;\" data-namespace-id=\"5c0d2565-3ba9-4280-a382-ad2a691e2285\"><br \/>\n        <button style=\"width: 100%; height: 55px; background: #e9e9ed; border: 1px solid black; color: black;\">\u015eimdi ba\u015fvurun<\/button><br \/>\n    <\/a><br \/>\n    <small style=\"margin-top: 10px; color: #777; font-size: 12px; text-align: center; display: block;\">Ba\u015fka bir web sitesine y\u00f6nlendirileceksiniz<\/small>\n<\/div>\n<\/div>","protected":false},"excerpt":{"rendered":"<p>An\u00e1lise imparcial da vaga de Balconista: sal\u00e1rio a combinar, efetivo e oportunidade para quem busca o primeiro emprego. Leia pr\u00f3s, contras e veredito final agora mesmo!<\/p>","protected":false},"author":3,"featured_media":0,"comment_status":"open","ping_status":"open","sticky":false,"template":"","format":"standard","meta":{"footnotes":""},"categories":[8],"tags":[],"yoast_head":"<!-- This site is optimized with the Yoast SEO plugin v23.3 - https:\/\/yoast.com\/wordpress\/plugins\/seo\/ -->\n<title>Vaga de Balconista: Sal\u00e1rio a combinar, efetivo e oportunidades para iniciantes - MDB<\/title>\n<meta name=\"robots\" content=\"index, follow, max-snippet:-1, max-image-preview:large, max-video-preview:-1\" \/>\n<link rel=\"canonical\" href=\"https:\/\/mensagensdobem.com.br\/tr\/1b5416e0-ec1b-4582-858e-0f11a8a2f3a3\/\" \/>\n<meta property=\"og:locale\" content=\"tr_TR\" \/>\n<meta property=\"og:type\" content=\"article\" \/>\n<meta property=\"og:title\" content=\"Vaga de Balconista: Sal\u00e1rio a combinar, efetivo e oportunidades para iniciantes - MDB\" \/>\n<meta property=\"og:description\" content=\"An\u00e1lise imparcial da vaga de Balconista: sal\u00e1rio a combinar, efetivo e oportunidade para quem busca o primeiro emprego. Leia pr\u00f3s, contras e veredito final agora mesmo!\" \/>\n<meta property=\"og:url\" content=\"https:\/\/mensagensdobem.com.br\/tr\/1b5416e0-ec1b-4582-858e-0f11a8a2f3a3\/\" \/>\n<meta property=\"og:site_name\" content=\"MDB\" \/>\n<meta property=\"article:published_time\" content=\"2025-10-16T17:08:00+00:00\" \/>\n<meta property=\"article:modified_time\" content=\"2025-10-16T17:08:38+00:00\" \/>\n<meta name=\"author\" content=\"Bruno Gianni\" \/>\n<meta name=\"twitter:card\" content=\"summary_large_image\" \/>\n<meta name=\"twitter:label1\" content=\"Written by\" \/>\n\t<meta name=\"twitter:data1\" content=\"Bruno Gianni\" \/>\n\t<meta name=\"twitter:label2\" content=\"Est. reading time\" \/>\n\t<meta name=\"twitter:data2\" content=\"2 dakika\" \/>\n<script type=\"application\/ld+json\" class=\"yoast-schema-graph\">{\"@context\":\"https:\/\/schema.org\",\"@graph\":[{\"@type\":\"WebPage\",\"@id\":\"https:\/\/mensagensdobem.com.br\/1b5416e0-ec1b-4582-858e-0f11a8a2f3a3\/\",\"url\":\"https:\/\/mensagensdobem.com.br\/1b5416e0-ec1b-4582-858e-0f11a8a2f3a3\/\",\"name\":\"Vaga de Balconista: Sal\u00e1rio a combinar, efetivo e oportunidades para iniciantes - MDB\",\"isPartOf\":{\"@id\":\"https:\/\/mensagensdobem.com.br\/#website\"},\"datePublished\":\"2025-10-16T17:08:00+00:00\",\"dateModified\":\"2025-10-16T17:08:38+00:00\",\"author\":{\"@id\":\"https:\/\/mensagensdobem.com.br\/#\/schema\/person\/d52888235fd6563bd07d97185d6a61e4\"},\"breadcrumb\":{\"@id\":\"https:\/\/mensagensdobem.com.br\/1b5416e0-ec1b-4582-858e-0f11a8a2f3a3\/#breadcrumb\"},\"inLanguage\":\"tr\",\"potentialAction\":[{\"@type\":\"ReadAction\",\"target\":[\"https:\/\/mensagensdobem.com.br\/1b5416e0-ec1b-4582-858e-0f11a8a2f3a3\/\"]}]},{\"@type\":\"BreadcrumbList\",\"@id\":\"https:\/\/mensagensdobem.com.br\/1b5416e0-ec1b-4582-858e-0f11a8a2f3a3\/#breadcrumb\",\"itemListElement\":[{\"@type\":\"ListItem\",\"position\":1,\"name\":\"Home\",\"item\":\"https:\/\/mensagensdobem.com.br\/\"},{\"@type\":\"ListItem\",\"position\":2,\"name\":\"Vaga de Balconista: Sal\u00e1rio a combinar, efetivo e oportunidades para iniciantes\"}]},{\"@type\":\"WebSite\",\"@id\":\"https:\/\/mensagensdobem.com.br\/#website\",\"url\":\"https:\/\/mensagensdobem.com.br\/\",\"name\":\"MDB\",\"description\":\"\",\"potentialAction\":[{\"@type\":\"SearchAction\",\"target\":{\"@type\":\"EntryPoint\",\"urlTemplate\":\"https:\/\/mensagensdobem.com.br\/?s={search_term_string}\"},\"query-input\":\"required name=search_term_string\"}],\"inLanguage\":\"tr\"},{\"@type\":\"Person\",\"@id\":\"https:\/\/mensagensdobem.com.br\/#\/schema\/person\/d52888235fd6563bd07d97185d6a61e4\",\"name\":\"Bruno Gianni\",\"image\":{\"@type\":\"ImageObject\",\"inLanguage\":\"tr\",\"@id\":\"https:\/\/mensagensdobem.com.br\/#\/schema\/person\/image\/\",\"url\":\"https:\/\/secure.gravatar.com\/avatar\/0f5d42d7bf77874643c1478932860e3f?s=96&d=mm&r=g\",\"contentUrl\":\"https:\/\/secure.gravatar.com\/avatar\/0f5d42d7bf77874643c1478932860e3f?s=96&d=mm&r=g\",\"caption\":\"Bruno Gianni\"},\"description\":\"Bruno writes the way he lives, with curiosity, care, and respect for people. He likes to observe, listen, and try to understand what is happening on the other side before putting any words on the page.For him, writing is not about impressing, but about getting closer. It is about turning thoughts into something simple, clear, and real. Every text is an ongoing conversation, created with care and honesty, with the sincere intention of touching someone, somewhere along the way.\",\"url\":\"https:\/\/mensagensdobem.com.br\/tr\/author\/bcgianni\/\"}]}<\/script>\n<!-- \/ Yoast SEO plugin. -->","yoast_head_json":{"title":"Vaga de Balconista: Sal\u00e1rio a combinar, efetivo e oportunidades para iniciantes - MDB","robots":{"index":"index","follow":"follow","max-snippet":"max-snippet:-1","max-image-preview":"max-image-preview:large","max-video-preview":"max-video-preview:-1"},"canonical":"https:\/\/mensagensdobem.com.br\/tr\/1b5416e0-ec1b-4582-858e-0f11a8a2f3a3\/","og_locale":"tr_TR","og_type":"article","og_title":"Vaga de Balconista: Sal\u00e1rio a combinar, efetivo e oportunidades para iniciantes - MDB","og_description":"An\u00e1lise imparcial da vaga de Balconista: sal\u00e1rio a combinar, efetivo e oportunidade para quem busca o primeiro emprego. Leia pr\u00f3s, contras e veredito final agora mesmo!","og_url":"https:\/\/mensagensdobem.com.br\/tr\/1b5416e0-ec1b-4582-858e-0f11a8a2f3a3\/","og_site_name":"MDB","article_published_time":"2025-10-16T17:08:00+00:00","article_modified_time":"2025-10-16T17:08:38+00:00","author":"Bruno Gianni","twitter_card":"summary_large_image","twitter_misc":{"Written by":"Bruno Gianni","Est. reading time":"2 dakika"},"schema":{"@context":"https:\/\/schema.org","@graph":[{"@type":"WebPage","@id":"https:\/\/mensagensdobem.com.br\/1b5416e0-ec1b-4582-858e-0f11a8a2f3a3\/","url":"https:\/\/mensagensdobem.com.br\/1b5416e0-ec1b-4582-858e-0f11a8a2f3a3\/","name":"Vaga de Balconista: Sal\u00e1rio a combinar, efetivo e oportunidades para iniciantes - MDB","isPartOf":{"@id":"https:\/\/mensagensdobem.com.br\/#website"},"datePublished":"2025-10-16T17:08:00+00:00","dateModified":"2025-10-16T17:08:38+00:00","author":{"@id":"https:\/\/mensagensdobem.com.br\/#\/schema\/person\/d52888235fd6563bd07d97185d6a61e4"},"breadcrumb":{"@id":"https:\/\/mensagensdobem.com.br\/1b5416e0-ec1b-4582-858e-0f11a8a2f3a3\/#breadcrumb"},"inLanguage":"tr","potentialAction":[{"@type":"ReadAction","target":["https:\/\/mensagensdobem.com.br\/1b5416e0-ec1b-4582-858e-0f11a8a2f3a3\/"]}]},{"@type":"BreadcrumbList","@id":"https:\/\/mensagensdobem.com.br\/1b5416e0-ec1b-4582-858e-0f11a8a2f3a3\/#breadcrumb","itemListElement":[{"@type":"ListItem","position":1,"name":"Home","item":"https:\/\/mensagensdobem.com.br\/"},{"@type":"ListItem","position":2,"name":"Vaga de Balconista: Sal\u00e1rio a combinar, efetivo e oportunidades para iniciantes"}]},{"@type":"WebSite","@id":"https:\/\/mensagensdobem.com.br\/#website","url":"https:\/\/mensagensdobem.com.br\/","name":"MDB","description":"","potentialAction":[{"@type":"SearchAction","target":{"@type":"EntryPoint","urlTemplate":"https:\/\/mensagensdobem.com.br\/?s={search_term_string}"},"query-input":"required name=search_term_string"}],"inLanguage":"tr"},{"@type":"Person","@id":"https:\/\/mensagensdobem.com.br\/#\/schema\/person\/d52888235fd6563bd07d97185d6a61e4","name":"Bruno Gianni","image":{"@type":"ImageObject","inLanguage":"tr","@id":"https:\/\/mensagensdobem.com.br\/#\/schema\/person\/image\/","url":"https:\/\/secure.gravatar.com\/avatar\/0f5d42d7bf77874643c1478932860e3f?s=96&d=mm&r=g","contentUrl":"https:\/\/secure.gravatar.com\/avatar\/0f5d42d7bf77874643c1478932860e3f?s=96&d=mm&r=g","caption":"Bruno Gianni"},"description":"Bruno writes the way he lives, with curiosity, care, and respect for people. He likes to observe, listen, and try to understand what is happening on the other side before putting any words on the page.For him, writing is not about impressing, but about getting closer. It is about turning thoughts into something simple, clear, and real. Every text is an ongoing conversation, created with care and honesty, with the sincere intention of touching someone, somewhere along the way.","url":"https:\/\/mensagensdobem.com.br\/tr\/author\/bcgianni\/"}]}},"_links":{"self":[{"href":"https:\/\/mensagensdobem.com.br\/tr\/wp-json\/wp\/v2\/posts\/2078"}],"collection":[{"href":"https:\/\/mensagensdobem.com.br\/tr\/wp-json\/wp\/v2\/posts"}],"about":[{"href":"https:\/\/mensagensdobem.com.br\/tr\/wp-json\/wp\/v2\/types\/post"}],"author":[{"embeddable":true,"href":"https:\/\/mensagensdobem.com.br\/tr\/wp-json\/wp\/v2\/users\/3"}],"replies":[{"embeddable":true,"href":"https:\/\/mensagensdobem.com.br\/tr\/wp-json\/wp\/v2\/comments?post=2078"}],"version-history":[{"count":1,"href":"https:\/\/mensagensdobem.com.br\/tr\/wp-json\/wp\/v2\/posts\/2078\/revisions"}],"predecessor-version":[{"id":2222,"href":"https:\/\/mensagensdobem.com.br\/tr\/wp-json\/wp\/v2\/posts\/2078\/revisions\/2222"}],"wp:attachment":[{"href":"https:\/\/mensagensdobem.com.br\/tr\/wp-json\/wp\/v2\/media?parent=2078"}],"wp:term":[{"taxonomy":"category","embeddable":true,"href":"https:\/\/mensagensdobem.com.br\/tr\/wp-json\/wp\/v2\/categories?post=2078"},{"taxonomy":"post_tag","embeddable":true,"href":"https:\/\/mensagensdobem.com.br\/tr\/wp-json\/wp\/v2\/tags?post=2078"}],"curies":[{"name":"wp","href":"https:\/\/api.w.org\/{rel}","templated":true}]}}