{"id":2329,"date":"2025-10-16T18:29:00","date_gmt":"2025-10-16T18:29:00","guid":{"rendered":"https:\/\/mensagensdobem.com.br\/4d0ad957-3c11-4708-b36a-10cf6503a09b\/"},"modified":"2025-10-16T18:29:26","modified_gmt":"2025-10-16T18:29:26","slug":"4d0ad957-3c11-4708-b36a-10cf6503a09b","status":"publish","type":"post","link":"https:\/\/mensagensdobem.com.br\/tr\/4d0ad957-3c11-4708-b36a-10cf6503a09b\/","title":{"rendered":"Atendente de Vendas: Vaga Para Fechamento, Sal\u00e1rio a Combinar, Contrato CLT"},"content":{"rendered":"<div class=\"mx-5 sm:mx-0 prose text-left mb-5\">\n<\/p>\n<div style=\"background: #ffffff; border-radius: 12px; box-shadow: 0 10px 30px rgba(0, 0, 0, 0.1); width: 100%; max-width: 340px; padding: 25px; transition: transform 0.3s ease-in-out; overflow: visible; display: flex; flex-direction: column; position: relative; border: 1px solid #28a745; margin-top: 70px; margin-bottom: 50px; margin-left: auto; margin-right: auto;\">\n<div style=\"position: absolute; top: -35px; right: 15px; color: #28a745; padding: 5px 10px; border-radius: 6px; font-size: 14px; font-weight: bold; display: flex; align-items: center; z-index: 10;\">Sizin i\u00e7in \u00f6nerilenler<\/div>\n<div data-namespace-header=\"\" style=\"\">\n<h3 data-namespace-title=\"\" style=\"color: #333; font-size: 20px; font-weight: bold; text-align: left; margin-right: 50px; min-height: 50px; margin-top: 0px;\">Sat\u0131\u015f Asistan\u0131<\/h3>\n<\/p><\/div>\n<p data-namespace-prompt=\"\" style=\"font-size: 16px; color: #666; margin-bottom: 20px; line-height: 1.5; flex-grow: 1; text-align: left; margin-top: 0px;\">Execute vendas presenciais, atendimento ao cliente e rotina de fechamento em ambiente de loja. Necess\u00e1rio ensino m\u00e9dio completo e disponibilidade parcial para tardes e fechamento.<\/p>\n<p>    <a data-namespace-url=\"\" href=\"https:\/\/mensagensdobem.com.br\/tr\/redirect\/?https:\/\/www.infojobs.com.br\/vaga-de-atendente-vendas-vaga-fechamento,-1340-as-22-hrs-,-em-bahia__10928519.aspx?utm_campaign=google_jobs_apply&#038;utm_source=google_jobs_apply&#038;utm_medium=organic\" style=\"width: 100%; display: inline-block; color: white; text-decoration: none; border-radius: 6px; font-size: 16px; font-weight: bold; text-align: center; transition: transform 0.3s ease, background 0.3s ease; margin-top: auto;\" data-namespace-id=\"5c0d2565-3ba9-4280-a382-ad2a691e2285\"><br \/>\n        <button style=\"width: 100%; height: 55px; background: #e9e9ed; border: 1px solid black; color: black;\">\u015eimdi ba\u015fvurun<\/button><br \/>\n    <\/a><br \/>\n    <small style=\"margin-top: 10px; color: #777; font-size: 12px; text-align: center; display: block;\">Ba\u015fka bir web sitesine y\u00f6nlendirileceksiniz<\/small>\n<\/div>\n<h2>O que esperar do dia a dia<\/h2>\n<p>A rotina envolve atendimento ao cliente, organiza\u00e7\u00e3o dos produtos e finaliza\u00e7\u00e3o das vendas presencialmente em um ambiente de loja.<\/p>\n<p>O hor\u00e1rio principal \u00e9 das 13:40h \u00e0s 22h, sendo necess\u00e1rio disponibilidade para fechar a loja e, ocasionalmente, cobrir aberturas conforme escala.<\/p>\n<p>Voc\u00ea ir\u00e1 lidar com o p\u00fablico em geral, sanar d\u00favidas sobre os artigos dispon\u00edveis e garantir a melhor experi\u00eancia de compra dos clientes.<\/p>\n<p>O trabalho exige comunica\u00e7\u00e3o clara, bom relacionamento interpessoal e habilidade para resolver situa\u00e7\u00f5es do varejo com agilidade.<\/p>\n<p>O contrato \u00e9 CLT, tipo efetivo, e a remunera\u00e7\u00e3o \u00e9 negociada com a empresa.<\/p>\n<h2>Vantagens de ser atendente de vendas<\/h2>\n<p>Uma das principais vantagens \u00e9 a experi\u00eancia de atendimento ao p\u00fablico em um ambiente que estimula o desenvolvimento pessoal e profissional.<\/p>\n<p>Al\u00e9m disso, a escala de trabalho e o hor\u00e1rio fixo no fechamento podem ser um atrativo para quem busca estabilidade na rotina.<\/p>\n<h2>Dezavantajlar ve zorluklar<\/h2>\n<p>O principal desafio \u00e9 o hor\u00e1rio, j\u00e1 que o per\u00edodo de fechamento pode impactar compromissos pessoais \u00e0 noite.<\/p>\n<p>A rotina exige paci\u00eancia com situa\u00e7\u00f5es de alta demanda e clientes exigentes, o que requer resili\u00eancia emocional e flexibilidade.<\/p>\n<h2>Karar<\/h2>\n<p>Para quem deseja entrar no com\u00e9rcio e busca estabilidade CLT, esta vaga oferece boas condi\u00e7\u00f5es e uma excelente porta de entrada.<\/p>\n<p>Se voc\u00ea tem perfil comunicativo e gosta de ambientes din\u00e2micos, essa oportunidade pode ser ideal para crescer profissionalmente.<\/p>\n<div style=\"background: #ffffff; border-radius: 12px; box-shadow: 0 10px 30px rgba(0, 0, 0, 0.1); width: 100%; max-width: 340px; padding: 25px; transition: transform 0.3s ease-in-out; overflow: visible; display: flex; flex-direction: column; position: relative; border: 1px solid #28a745; margin-top: 70px; margin-bottom: 50px; margin-left: auto; margin-right: auto;\">\n<div style=\"position: absolute; top: -35px; right: 15px; color: #28a745; padding: 5px 10px; border-radius: 6px; font-size: 14px; font-weight: bold; display: flex; align-items: center; z-index: 10;\">Sizin i\u00e7in \u00f6nerilenler<\/div>\n<div data-namespace-header=\"\" style=\"\">\n<h3 data-namespace-title=\"\" style=\"color: #333; font-size: 20px; font-weight: bold; text-align: left; margin-right: 50px; min-height: 50px; margin-top: 0px;\">Sat\u0131\u015f Asistan\u0131<\/h3>\n<\/p><\/div>\n<p data-namespace-prompt=\"\" style=\"font-size: 16px; color: #666; margin-bottom: 20px; line-height: 1.5; flex-grow: 1; text-align: left; margin-top: 0px;\">Execute vendas presenciais, atendimento ao cliente e rotina de fechamento em ambiente de loja. Necess\u00e1rio ensino m\u00e9dio completo e disponibilidade parcial para tardes e fechamento.<\/p>\n<p>    <a data-namespace-url=\"\" href=\"https:\/\/mensagensdobem.com.br\/tr\/redirect\/?https:\/\/www.infojobs.com.br\/vaga-de-atendente-vendas-vaga-fechamento,-1340-as-22-hrs-,-em-bahia__10928519.aspx?utm_campaign=google_jobs_apply&#038;utm_source=google_jobs_apply&#038;utm_medium=organic\" style=\"width: 100%; display: inline-block; color: white; text-decoration: none; border-radius: 6px; font-size: 16px; font-weight: bold; text-align: center; transition: transform 0.3s ease, background 0.3s ease; margin-top: auto;\" data-namespace-id=\"5c0d2565-3ba9-4280-a382-ad2a691e2285\"><br \/>\n        <button style=\"width: 100%; height: 55px; background: #e9e9ed; border: 1px solid black; color: black;\">\u015eimdi ba\u015fvurun<\/button><br \/>\n    <\/a><br \/>\n    <small style=\"margin-top: 10px; color: #777; font-size: 12px; text-align: center; display: block;\">Ba\u015fka bir web sitesine y\u00f6nlendirileceksiniz<\/small>\n<\/div>\n<\/div>","protected":false},"excerpt":{"rendered":"<p>Confira a an\u00e1lise independente sobre a vaga de Atendente de Vendas: saiba quais s\u00e3o as condi\u00e7\u00f5es de trabalho, vantagens e desafios antes de se candidatar sem sair do lugar<\/p>","protected":false},"author":3,"featured_media":0,"comment_status":"open","ping_status":"open","sticky":false,"template":"","format":"standard","meta":{"footnotes":""},"categories":[8],"tags":[],"yoast_head":"<!-- This site is optimized with the Yoast SEO plugin v23.3 - https:\/\/yoast.com\/wordpress\/plugins\/seo\/ -->\n<title>Atendente de Vendas: Vaga Para Fechamento, Sal\u00e1rio a Combinar, Contrato CLT - MDB<\/title>\n<meta name=\"robots\" content=\"index, follow, max-snippet:-1, max-image-preview:large, max-video-preview:-1\" \/>\n<link rel=\"canonical\" href=\"https:\/\/mensagensdobem.com.br\/tr\/4d0ad957-3c11-4708-b36a-10cf6503a09b\/\" \/>\n<meta property=\"og:locale\" content=\"tr_TR\" \/>\n<meta property=\"og:type\" content=\"article\" \/>\n<meta property=\"og:title\" content=\"Atendente de Vendas: Vaga Para Fechamento, Sal\u00e1rio a Combinar, Contrato CLT - MDB\" \/>\n<meta property=\"og:description\" content=\"Confira a an\u00e1lise independente sobre a vaga de Atendente de Vendas: saiba quais s\u00e3o as condi\u00e7\u00f5es de trabalho, vantagens e desafios antes de se candidatar sem sair do lugar\" \/>\n<meta property=\"og:url\" content=\"https:\/\/mensagensdobem.com.br\/tr\/4d0ad957-3c11-4708-b36a-10cf6503a09b\/\" \/>\n<meta property=\"og:site_name\" content=\"MDB\" \/>\n<meta property=\"article:published_time\" content=\"2025-10-16T18:29:00+00:00\" \/>\n<meta property=\"article:modified_time\" content=\"2025-10-16T18:29:26+00:00\" \/>\n<meta name=\"author\" content=\"Bruno Gianni\" \/>\n<meta name=\"twitter:card\" content=\"summary_large_image\" \/>\n<meta name=\"twitter:label1\" content=\"Written by\" \/>\n\t<meta name=\"twitter:data1\" content=\"Bruno Gianni\" \/>\n\t<meta name=\"twitter:label2\" content=\"Est. reading time\" \/>\n\t<meta name=\"twitter:data2\" content=\"2 dakika\" \/>\n<script type=\"application\/ld+json\" class=\"yoast-schema-graph\">{\"@context\":\"https:\/\/schema.org\",\"@graph\":[{\"@type\":\"WebPage\",\"@id\":\"https:\/\/mensagensdobem.com.br\/4d0ad957-3c11-4708-b36a-10cf6503a09b\/\",\"url\":\"https:\/\/mensagensdobem.com.br\/4d0ad957-3c11-4708-b36a-10cf6503a09b\/\",\"name\":\"Atendente de Vendas: Vaga Para Fechamento, Sal\u00e1rio a Combinar, Contrato CLT - MDB\",\"isPartOf\":{\"@id\":\"https:\/\/mensagensdobem.com.br\/#website\"},\"datePublished\":\"2025-10-16T18:29:00+00:00\",\"dateModified\":\"2025-10-16T18:29:26+00:00\",\"author\":{\"@id\":\"https:\/\/mensagensdobem.com.br\/#\/schema\/person\/d52888235fd6563bd07d97185d6a61e4\"},\"breadcrumb\":{\"@id\":\"https:\/\/mensagensdobem.com.br\/4d0ad957-3c11-4708-b36a-10cf6503a09b\/#breadcrumb\"},\"inLanguage\":\"tr\",\"potentialAction\":[{\"@type\":\"ReadAction\",\"target\":[\"https:\/\/mensagensdobem.com.br\/4d0ad957-3c11-4708-b36a-10cf6503a09b\/\"]}]},{\"@type\":\"BreadcrumbList\",\"@id\":\"https:\/\/mensagensdobem.com.br\/4d0ad957-3c11-4708-b36a-10cf6503a09b\/#breadcrumb\",\"itemListElement\":[{\"@type\":\"ListItem\",\"position\":1,\"name\":\"Home\",\"item\":\"https:\/\/mensagensdobem.com.br\/\"},{\"@type\":\"ListItem\",\"position\":2,\"name\":\"Atendente de Vendas: Vaga Para Fechamento, Sal\u00e1rio a Combinar, Contrato CLT\"}]},{\"@type\":\"WebSite\",\"@id\":\"https:\/\/mensagensdobem.com.br\/#website\",\"url\":\"https:\/\/mensagensdobem.com.br\/\",\"name\":\"MDB\",\"description\":\"\",\"potentialAction\":[{\"@type\":\"SearchAction\",\"target\":{\"@type\":\"EntryPoint\",\"urlTemplate\":\"https:\/\/mensagensdobem.com.br\/?s={search_term_string}\"},\"query-input\":\"required name=search_term_string\"}],\"inLanguage\":\"tr\"},{\"@type\":\"Person\",\"@id\":\"https:\/\/mensagensdobem.com.br\/#\/schema\/person\/d52888235fd6563bd07d97185d6a61e4\",\"name\":\"Bruno Gianni\",\"image\":{\"@type\":\"ImageObject\",\"inLanguage\":\"tr\",\"@id\":\"https:\/\/mensagensdobem.com.br\/#\/schema\/person\/image\/\",\"url\":\"https:\/\/secure.gravatar.com\/avatar\/0f5d42d7bf77874643c1478932860e3f?s=96&d=mm&r=g\",\"contentUrl\":\"https:\/\/secure.gravatar.com\/avatar\/0f5d42d7bf77874643c1478932860e3f?s=96&d=mm&r=g\",\"caption\":\"Bruno Gianni\"},\"description\":\"Bruno writes the way he lives, with curiosity, care, and respect for people. He likes to observe, listen, and try to understand what is happening on the other side before putting any words on the page.For him, writing is not about impressing, but about getting closer. It is about turning thoughts into something simple, clear, and real. Every text is an ongoing conversation, created with care and honesty, with the sincere intention of touching someone, somewhere along the way.\",\"url\":\"https:\/\/mensagensdobem.com.br\/tr\/author\/bcgianni\/\"}]}<\/script>\n<!-- \/ Yoast SEO plugin. -->","yoast_head_json":{"title":"Atendente de Vendas: Vaga Para Fechamento, Sal\u00e1rio a Combinar, Contrato CLT - MDB","robots":{"index":"index","follow":"follow","max-snippet":"max-snippet:-1","max-image-preview":"max-image-preview:large","max-video-preview":"max-video-preview:-1"},"canonical":"https:\/\/mensagensdobem.com.br\/tr\/4d0ad957-3c11-4708-b36a-10cf6503a09b\/","og_locale":"tr_TR","og_type":"article","og_title":"Atendente de Vendas: Vaga Para Fechamento, Sal\u00e1rio a Combinar, Contrato CLT - MDB","og_description":"Confira a an\u00e1lise independente sobre a vaga de Atendente de Vendas: saiba quais s\u00e3o as condi\u00e7\u00f5es de trabalho, vantagens e desafios antes de se candidatar sem sair do lugar","og_url":"https:\/\/mensagensdobem.com.br\/tr\/4d0ad957-3c11-4708-b36a-10cf6503a09b\/","og_site_name":"MDB","article_published_time":"2025-10-16T18:29:00+00:00","article_modified_time":"2025-10-16T18:29:26+00:00","author":"Bruno Gianni","twitter_card":"summary_large_image","twitter_misc":{"Written by":"Bruno Gianni","Est. reading time":"2 dakika"},"schema":{"@context":"https:\/\/schema.org","@graph":[{"@type":"WebPage","@id":"https:\/\/mensagensdobem.com.br\/4d0ad957-3c11-4708-b36a-10cf6503a09b\/","url":"https:\/\/mensagensdobem.com.br\/4d0ad957-3c11-4708-b36a-10cf6503a09b\/","name":"Atendente de Vendas: Vaga Para Fechamento, Sal\u00e1rio a Combinar, Contrato CLT - MDB","isPartOf":{"@id":"https:\/\/mensagensdobem.com.br\/#website"},"datePublished":"2025-10-16T18:29:00+00:00","dateModified":"2025-10-16T18:29:26+00:00","author":{"@id":"https:\/\/mensagensdobem.com.br\/#\/schema\/person\/d52888235fd6563bd07d97185d6a61e4"},"breadcrumb":{"@id":"https:\/\/mensagensdobem.com.br\/4d0ad957-3c11-4708-b36a-10cf6503a09b\/#breadcrumb"},"inLanguage":"tr","potentialAction":[{"@type":"ReadAction","target":["https:\/\/mensagensdobem.com.br\/4d0ad957-3c11-4708-b36a-10cf6503a09b\/"]}]},{"@type":"BreadcrumbList","@id":"https:\/\/mensagensdobem.com.br\/4d0ad957-3c11-4708-b36a-10cf6503a09b\/#breadcrumb","itemListElement":[{"@type":"ListItem","position":1,"name":"Home","item":"https:\/\/mensagensdobem.com.br\/"},{"@type":"ListItem","position":2,"name":"Atendente de Vendas: Vaga Para Fechamento, Sal\u00e1rio a Combinar, Contrato CLT"}]},{"@type":"WebSite","@id":"https:\/\/mensagensdobem.com.br\/#website","url":"https:\/\/mensagensdobem.com.br\/","name":"MDB","description":"","potentialAction":[{"@type":"SearchAction","target":{"@type":"EntryPoint","urlTemplate":"https:\/\/mensagensdobem.com.br\/?s={search_term_string}"},"query-input":"required name=search_term_string"}],"inLanguage":"tr"},{"@type":"Person","@id":"https:\/\/mensagensdobem.com.br\/#\/schema\/person\/d52888235fd6563bd07d97185d6a61e4","name":"Bruno Gianni","image":{"@type":"ImageObject","inLanguage":"tr","@id":"https:\/\/mensagensdobem.com.br\/#\/schema\/person\/image\/","url":"https:\/\/secure.gravatar.com\/avatar\/0f5d42d7bf77874643c1478932860e3f?s=96&d=mm&r=g","contentUrl":"https:\/\/secure.gravatar.com\/avatar\/0f5d42d7bf77874643c1478932860e3f?s=96&d=mm&r=g","caption":"Bruno Gianni"},"description":"Bruno writes the way he lives, with curiosity, care, and respect for people. He likes to observe, listen, and try to understand what is happening on the other side before putting any words on the page.For him, writing is not about impressing, but about getting closer. It is about turning thoughts into something simple, clear, and real. Every text is an ongoing conversation, created with care and honesty, with the sincere intention of touching someone, somewhere along the way.","url":"https:\/\/mensagensdobem.com.br\/tr\/author\/bcgianni\/"}]}},"_links":{"self":[{"href":"https:\/\/mensagensdobem.com.br\/tr\/wp-json\/wp\/v2\/posts\/2329"}],"collection":[{"href":"https:\/\/mensagensdobem.com.br\/tr\/wp-json\/wp\/v2\/posts"}],"about":[{"href":"https:\/\/mensagensdobem.com.br\/tr\/wp-json\/wp\/v2\/types\/post"}],"author":[{"embeddable":true,"href":"https:\/\/mensagensdobem.com.br\/tr\/wp-json\/wp\/v2\/users\/3"}],"replies":[{"embeddable":true,"href":"https:\/\/mensagensdobem.com.br\/tr\/wp-json\/wp\/v2\/comments?post=2329"}],"version-history":[{"count":1,"href":"https:\/\/mensagensdobem.com.br\/tr\/wp-json\/wp\/v2\/posts\/2329\/revisions"}],"predecessor-version":[{"id":2365,"href":"https:\/\/mensagensdobem.com.br\/tr\/wp-json\/wp\/v2\/posts\/2329\/revisions\/2365"}],"wp:attachment":[{"href":"https:\/\/mensagensdobem.com.br\/tr\/wp-json\/wp\/v2\/media?parent=2329"}],"wp:term":[{"taxonomy":"category","embeddable":true,"href":"https:\/\/mensagensdobem.com.br\/tr\/wp-json\/wp\/v2\/categories?post=2329"},{"taxonomy":"post_tag","embeddable":true,"href":"https:\/\/mensagensdobem.com.br\/tr\/wp-json\/wp\/v2\/tags?post=2329"}],"curies":[{"name":"wp","href":"https:\/\/api.w.org\/{rel}","templated":true}]}}