{"id":24432,"date":"2026-03-13T19:03:00","date_gmt":"2026-03-13T19:03:00","guid":{"rendered":"https:\/\/mensagensdobem.com.br\/766aaade-3fd9-46cb-9814-2c270182fea4\/"},"modified":"2026-03-13T19:03:40","modified_gmt":"2026-03-13T19:03:40","slug":"766aaade-3fd9-46cb-9814-2c270182fea4","status":"publish","type":"post","link":"https:\/\/mensagensdobem.com.br\/tr\/766aaade-3fd9-46cb-9814-2c270182fea4\/","title":{"rendered":"Vendedor Balconista com experi\u00eancia em tecidos: principais pontos da vaga"},"content":{"rendered":"<div class=\"mx-5 sm:mx-0 prose text-left mb-5\">\n<\/p>\n<div style=\"background: #ffffff; border-radius: 12px; box-shadow: 0 10px 30px rgba(0, 0, 0, 0.1); width: 100%; max-width: 340px; padding: 25px; transition: transform 0.3s ease-in-out; overflow: visible; display: flex; flex-direction: column; position: relative; border: 1px solid #28a745; margin-top: 70px; margin-bottom: 50px; margin-left: auto; margin-right: auto;\">\n<div style=\"position: absolute; top: -35px; right: 15px; color: #28a745; padding: 5px 10px; border-radius: 6px; font-size: 14px; font-weight: bold; display: flex; align-items: center; z-index: 10;\">Sizin i\u00e7in \u00f6nerilenler<\/div>\n<div data-namespace-header=\"\" style=\"\">\n<h3 data-namespace-title=\"\" style=\"color: #333; font-size: 20px; font-weight: bold; text-align: left; margin-right: 50px; min-height: 50px; margin-top: 0px;\">Sat\u0131\u015f Eleman\u0131\/Tezgah G\u00f6revlisi<\/h3>\n<\/p><\/div>\n<p data-namespace-prompt=\"\" style=\"font-size: 16px; color: #666; margin-bottom: 20px; line-height: 1.5; flex-grow: 1; text-align: left; margin-top: 0px;\">Atenda clientes, realize vendas, manipule e corte tecidos e organize o ambiente. Contrato CLT efetivo. Oportunidade ideal para quem j\u00e1 tem experi\u00eancia no setor.<\/p>\n<p>    <a data-namespace-url=\"\" href=\"https:\/\/mensagensdobem.com.br\/tr\/redirect\/?https:\/\/www.jobijoba.com.br\/detail\/97\/5e6abd2d5dc9a45b0caa93ad9b11ef97?utm_campaign=google_jobs_apply&#038;utm_source=google_jobs_apply&#038;utm_medium=organic\" style=\"width: 100%; display: inline-block; color: white; text-decoration: none; border-radius: 6px; font-size: 16px; font-weight: bold; text-align: center; transition: transform 0.3s ease, background 0.3s ease; margin-top: auto;\" data-namespace-id=\"5c0d2565-3ba9-4280-a382-ad2a691e2285\"><br \/>\n        <button style=\"width: 100%; height: 55px; background: #e9e9ed; border: 1px solid black; color: black;\">\u0130\u015f ba\u015fvurusunda bulunun<\/button><br \/>\n    <\/a><br \/>\n    <small style=\"margin-top: 10px; color: #777; font-size: 12px; text-align: center; display: block;\">Ba\u015fka bir web sitesine y\u00f6nlendirileceksiniz<\/small>\n<\/div>\n<p>Vaga para Vendedor Balconista est\u00e1 aberta em uma loja tradicional do segmento de tecidos e espumas. Trata-se de uma oportunidade efetiva, com contrata\u00e7\u00e3o CLT e jornada integral de trabalho. Informa\u00e7\u00f5es sobre sal\u00e1rio n\u00e3o foram divulgadas, mas \u00e9 poss\u00edvel negociar conforme experi\u00eancia.<\/p>\n<p>A principal exig\u00eancia \u00e9 experi\u00eancia pr\u00e9via no com\u00e9rcio de tecidos, j\u00e1 que o profissional atender\u00e1 a diversos tipos de p\u00fablicos e ir\u00e1 operar diretamente com os produtos. Pessoas que j\u00e1 trabalharam nesse ramo certamente ter\u00e3o vantagem no processo de sele\u00e7\u00e3o. O ambiente costuma ser bastante movimentado e oferece possibilidade de crescimento interno na opera\u00e7\u00e3o.<\/p>\n<h2>Tezgah g\u00f6revlisinin g\u00fcnl\u00fck rutini.<\/h2>\n<p>Atendimento ao p\u00fablico \u00e9 a tarefa central. Voc\u00ea dever\u00e1 recepcionar clientes, entender suas necessidades e oferecer solu\u00e7\u00f5es que se encaixem no perfil do consumidor.<\/p>\n<p>Outra fun\u00e7\u00e3o essencial \u00e9 a realiza\u00e7\u00e3o de vendas diretamente no balc\u00e3o, esclarecendo d\u00favidas e apresentando caracter\u00edsticas e vantagens dos diferentes tecidos dispon\u00edveis.<\/p>\n<p>O manuseio e corte de tecidos e espumas tamb\u00e9m faz parte da rotina di\u00e1ria, exigindo aten\u00e7\u00e3o, agilidade e capricho para n\u00e3o haver desperd\u00edcios.<\/p>\n<p>Al\u00e9m disso, voc\u00ea ser\u00e1 respons\u00e1vel por manter o ambiente de trabalho limpo e organizado, facilitando assim a experi\u00eancia do cliente e otimizando a rotina.<\/p>\n<p>Trabalho em equipe \u00e9 valorizado, uma vez que a colabora\u00e7\u00e3o entre balconistas e outros setores da loja contribui para o bom andamento das opera\u00e7\u00f5es.<\/p>\n<h2>Vantagens encontradas na vaga<\/h2>\n<p>O primeiro ponto positivo \u00e9 a estabilidade garantida pelo regime CLT, o que garante direitos trabalhistas e benef\u00edcios previstos por lei.<\/p>\n<p>Trabalhar em uma loja especializada possibilita o aprendizado constante sobre tecidos e atendimento, ampliando o conhecimento profissional do funcion\u00e1rio.<\/p>\n<h2>Dikkat edilmesi gereken noktalar.<\/h2>\n<p>Um dos desafios do cargo \u00e9 a necessidade de agilidade e paci\u00eancia em hor\u00e1rios de pico e com p\u00fablicos exigentes. O trabalho pode ser repetitivo em alguns momentos.<\/p>\n<p>Tamb\u00e9m \u00e9 preciso ter disposi\u00e7\u00e3o f\u00edsica para ficar em p\u00e9 a maior parte do expediente, al\u00e9m de desenvolver habilidades de comunica\u00e7\u00e3o para lidar com diversos tipos de clientes.<\/p>\n<h2>Karar: Buna de\u011fer mi?<\/h2>\n<p>Para quem j\u00e1 tem experi\u00eancia no segmento e busca estabilidade, a vaga de Vendedor Balconista \u00e9 uma \u00f3tima oportunidade. \u00d3timo para quem gosta de vendas e quer crescer no ramo.<\/p>\n<div style=\"background: #ffffff; border-radius: 12px; box-shadow: 0 10px 30px rgba(0, 0, 0, 0.1); width: 100%; max-width: 340px; padding: 25px; transition: transform 0.3s ease-in-out; overflow: visible; display: flex; flex-direction: column; position: relative; border: 1px solid #28a745; margin-top: 70px; margin-bottom: 50px; margin-left: auto; margin-right: auto;\">\n<div style=\"position: absolute; top: -35px; right: 15px; color: #28a745; padding: 5px 10px; border-radius: 6px; font-size: 14px; font-weight: bold; display: flex; align-items: center; z-index: 10;\">Sizin i\u00e7in \u00f6nerilenler<\/div>\n<div data-namespace-header=\"\" style=\"\">\n<h3 data-namespace-title=\"\" style=\"color: #333; font-size: 20px; font-weight: bold; text-align: left; margin-right: 50px; min-height: 50px; margin-top: 0px;\">Sat\u0131\u015f Eleman\u0131\/Tezgah G\u00f6revlisi<\/h3>\n<\/p><\/div>\n<p data-namespace-prompt=\"\" style=\"font-size: 16px; color: #666; margin-bottom: 20px; line-height: 1.5; flex-grow: 1; text-align: left; margin-top: 0px;\">Atenda clientes, realize vendas, manipule e corte tecidos e organize o ambiente. Contrato CLT efetivo. Oportunidade ideal para quem j\u00e1 tem experi\u00eancia no setor.<\/p>\n<p>    <a data-namespace-url=\"\" href=\"https:\/\/mensagensdobem.com.br\/tr\/redirect\/?https:\/\/www.jobijoba.com.br\/detail\/97\/5e6abd2d5dc9a45b0caa93ad9b11ef97?utm_campaign=google_jobs_apply&#038;utm_source=google_jobs_apply&#038;utm_medium=organic\" style=\"width: 100%; display: inline-block; color: white; text-decoration: none; border-radius: 6px; font-size: 16px; font-weight: bold; text-align: center; transition: transform 0.3s ease, background 0.3s ease; margin-top: auto;\" data-namespace-id=\"5c0d2565-3ba9-4280-a382-ad2a691e2285\"><br \/>\n        <button style=\"width: 100%; height: 55px; background: #e9e9ed; border: 1px solid black; color: black;\">\u0130\u015f ba\u015fvurusunda bulunun<\/button><br \/>\n    <\/a><br \/>\n    <small style=\"margin-top: 10px; color: #777; font-size: 12px; text-align: center; display: block;\">Ba\u015fka bir web sitesine y\u00f6nlendirileceksiniz<\/small>\n<\/div>\n<\/div>","protected":false},"excerpt":{"rendered":"<p>Vai trabalhar com atendimento, vendas e corte de tecidos como vendedor balconista! Confira os detalhes dessa vaga com CLT efetivo e oportunidade de crescimento profissional. Prepare-se para se candidatar!<\/p>","protected":false},"author":3,"featured_media":0,"comment_status":"open","ping_status":"open","sticky":false,"template":"","format":"standard","meta":{"footnotes":""},"categories":[8],"tags":[],"yoast_head":"<!-- This site is optimized with the Yoast SEO plugin v23.3 - https:\/\/yoast.com\/wordpress\/plugins\/seo\/ -->\n<title>Vendedor Balconista com experi\u00eancia em tecidos: principais pontos da vaga - MDB<\/title>\n<meta name=\"robots\" content=\"index, follow, max-snippet:-1, max-image-preview:large, max-video-preview:-1\" \/>\n<link rel=\"canonical\" href=\"https:\/\/mensagensdobem.com.br\/tr\/766aaade-3fd9-46cb-9814-2c270182fea4\/\" \/>\n<meta property=\"og:locale\" content=\"tr_TR\" \/>\n<meta property=\"og:type\" content=\"article\" \/>\n<meta property=\"og:title\" content=\"Vendedor Balconista com experi\u00eancia em tecidos: principais pontos da vaga - MDB\" \/>\n<meta property=\"og:description\" content=\"Vai trabalhar com atendimento, vendas e corte de tecidos como vendedor balconista! Confira os detalhes dessa vaga com CLT efetivo e oportunidade de crescimento profissional. Prepare-se para se candidatar!\" \/>\n<meta property=\"og:url\" content=\"https:\/\/mensagensdobem.com.br\/tr\/766aaade-3fd9-46cb-9814-2c270182fea4\/\" \/>\n<meta property=\"og:site_name\" content=\"MDB\" \/>\n<meta property=\"article:published_time\" content=\"2026-03-13T19:03:00+00:00\" \/>\n<meta property=\"article:modified_time\" content=\"2026-03-13T19:03:40+00:00\" \/>\n<meta name=\"author\" content=\"Bruno Gianni\" \/>\n<meta name=\"twitter:card\" content=\"summary_large_image\" \/>\n<meta name=\"twitter:label1\" content=\"Written by\" \/>\n\t<meta name=\"twitter:data1\" content=\"Bruno Gianni\" \/>\n\t<meta name=\"twitter:label2\" content=\"Est. reading time\" \/>\n\t<meta name=\"twitter:data2\" content=\"2 dakika\" \/>\n<script type=\"application\/ld+json\" class=\"yoast-schema-graph\">{\"@context\":\"https:\/\/schema.org\",\"@graph\":[{\"@type\":\"WebPage\",\"@id\":\"https:\/\/mensagensdobem.com.br\/766aaade-3fd9-46cb-9814-2c270182fea4\/\",\"url\":\"https:\/\/mensagensdobem.com.br\/766aaade-3fd9-46cb-9814-2c270182fea4\/\",\"name\":\"Vendedor Balconista com experi\u00eancia em tecidos: principais pontos da vaga - MDB\",\"isPartOf\":{\"@id\":\"https:\/\/mensagensdobem.com.br\/#website\"},\"datePublished\":\"2026-03-13T19:03:00+00:00\",\"dateModified\":\"2026-03-13T19:03:40+00:00\",\"author\":{\"@id\":\"https:\/\/mensagensdobem.com.br\/#\/schema\/person\/d52888235fd6563bd07d97185d6a61e4\"},\"breadcrumb\":{\"@id\":\"https:\/\/mensagensdobem.com.br\/766aaade-3fd9-46cb-9814-2c270182fea4\/#breadcrumb\"},\"inLanguage\":\"tr\",\"potentialAction\":[{\"@type\":\"ReadAction\",\"target\":[\"https:\/\/mensagensdobem.com.br\/766aaade-3fd9-46cb-9814-2c270182fea4\/\"]}]},{\"@type\":\"BreadcrumbList\",\"@id\":\"https:\/\/mensagensdobem.com.br\/766aaade-3fd9-46cb-9814-2c270182fea4\/#breadcrumb\",\"itemListElement\":[{\"@type\":\"ListItem\",\"position\":1,\"name\":\"Home\",\"item\":\"https:\/\/mensagensdobem.com.br\/\"},{\"@type\":\"ListItem\",\"position\":2,\"name\":\"Vendedor Balconista com experi\u00eancia em tecidos: principais pontos da vaga\"}]},{\"@type\":\"WebSite\",\"@id\":\"https:\/\/mensagensdobem.com.br\/#website\",\"url\":\"https:\/\/mensagensdobem.com.br\/\",\"name\":\"MDB\",\"description\":\"\",\"potentialAction\":[{\"@type\":\"SearchAction\",\"target\":{\"@type\":\"EntryPoint\",\"urlTemplate\":\"https:\/\/mensagensdobem.com.br\/?s={search_term_string}\"},\"query-input\":\"required name=search_term_string\"}],\"inLanguage\":\"tr\"},{\"@type\":\"Person\",\"@id\":\"https:\/\/mensagensdobem.com.br\/#\/schema\/person\/d52888235fd6563bd07d97185d6a61e4\",\"name\":\"Bruno Gianni\",\"image\":{\"@type\":\"ImageObject\",\"inLanguage\":\"tr\",\"@id\":\"https:\/\/mensagensdobem.com.br\/#\/schema\/person\/image\/\",\"url\":\"https:\/\/secure.gravatar.com\/avatar\/0f5d42d7bf77874643c1478932860e3f?s=96&d=mm&r=g\",\"contentUrl\":\"https:\/\/secure.gravatar.com\/avatar\/0f5d42d7bf77874643c1478932860e3f?s=96&d=mm&r=g\",\"caption\":\"Bruno Gianni\"},\"description\":\"Bruno writes the way he lives, with curiosity, care, and respect for people. He likes to observe, listen, and try to understand what is happening on the other side before putting any words on the page.For him, writing is not about impressing, but about getting closer. It is about turning thoughts into something simple, clear, and real. Every text is an ongoing conversation, created with care and honesty, with the sincere intention of touching someone, somewhere along the way.\",\"url\":\"https:\/\/mensagensdobem.com.br\/tr\/author\/bcgianni\/\"}]}<\/script>\n<!-- \/ Yoast SEO plugin. -->","yoast_head_json":{"title":"Vendedor Balconista com experi\u00eancia em tecidos: principais pontos da vaga - MDB","robots":{"index":"index","follow":"follow","max-snippet":"max-snippet:-1","max-image-preview":"max-image-preview:large","max-video-preview":"max-video-preview:-1"},"canonical":"https:\/\/mensagensdobem.com.br\/tr\/766aaade-3fd9-46cb-9814-2c270182fea4\/","og_locale":"tr_TR","og_type":"article","og_title":"Vendedor Balconista com experi\u00eancia em tecidos: principais pontos da vaga - MDB","og_description":"Vai trabalhar com atendimento, vendas e corte de tecidos como vendedor balconista! Confira os detalhes dessa vaga com CLT efetivo e oportunidade de crescimento profissional. Prepare-se para se candidatar!","og_url":"https:\/\/mensagensdobem.com.br\/tr\/766aaade-3fd9-46cb-9814-2c270182fea4\/","og_site_name":"MDB","article_published_time":"2026-03-13T19:03:00+00:00","article_modified_time":"2026-03-13T19:03:40+00:00","author":"Bruno Gianni","twitter_card":"summary_large_image","twitter_misc":{"Written by":"Bruno Gianni","Est. reading time":"2 dakika"},"schema":{"@context":"https:\/\/schema.org","@graph":[{"@type":"WebPage","@id":"https:\/\/mensagensdobem.com.br\/766aaade-3fd9-46cb-9814-2c270182fea4\/","url":"https:\/\/mensagensdobem.com.br\/766aaade-3fd9-46cb-9814-2c270182fea4\/","name":"Vendedor Balconista com experi\u00eancia em tecidos: principais pontos da vaga - MDB","isPartOf":{"@id":"https:\/\/mensagensdobem.com.br\/#website"},"datePublished":"2026-03-13T19:03:00+00:00","dateModified":"2026-03-13T19:03:40+00:00","author":{"@id":"https:\/\/mensagensdobem.com.br\/#\/schema\/person\/d52888235fd6563bd07d97185d6a61e4"},"breadcrumb":{"@id":"https:\/\/mensagensdobem.com.br\/766aaade-3fd9-46cb-9814-2c270182fea4\/#breadcrumb"},"inLanguage":"tr","potentialAction":[{"@type":"ReadAction","target":["https:\/\/mensagensdobem.com.br\/766aaade-3fd9-46cb-9814-2c270182fea4\/"]}]},{"@type":"BreadcrumbList","@id":"https:\/\/mensagensdobem.com.br\/766aaade-3fd9-46cb-9814-2c270182fea4\/#breadcrumb","itemListElement":[{"@type":"ListItem","position":1,"name":"Home","item":"https:\/\/mensagensdobem.com.br\/"},{"@type":"ListItem","position":2,"name":"Vendedor Balconista com experi\u00eancia em tecidos: principais pontos da vaga"}]},{"@type":"WebSite","@id":"https:\/\/mensagensdobem.com.br\/#website","url":"https:\/\/mensagensdobem.com.br\/","name":"MDB","description":"","potentialAction":[{"@type":"SearchAction","target":{"@type":"EntryPoint","urlTemplate":"https:\/\/mensagensdobem.com.br\/?s={search_term_string}"},"query-input":"required name=search_term_string"}],"inLanguage":"tr"},{"@type":"Person","@id":"https:\/\/mensagensdobem.com.br\/#\/schema\/person\/d52888235fd6563bd07d97185d6a61e4","name":"Bruno Gianni","image":{"@type":"ImageObject","inLanguage":"tr","@id":"https:\/\/mensagensdobem.com.br\/#\/schema\/person\/image\/","url":"https:\/\/secure.gravatar.com\/avatar\/0f5d42d7bf77874643c1478932860e3f?s=96&d=mm&r=g","contentUrl":"https:\/\/secure.gravatar.com\/avatar\/0f5d42d7bf77874643c1478932860e3f?s=96&d=mm&r=g","caption":"Bruno Gianni"},"description":"Bruno writes the way he lives, with curiosity, care, and respect for people. He likes to observe, listen, and try to understand what is happening on the other side before putting any words on the page.For him, writing is not about impressing, but about getting closer. It is about turning thoughts into something simple, clear, and real. Every text is an ongoing conversation, created with care and honesty, with the sincere intention of touching someone, somewhere along the way.","url":"https:\/\/mensagensdobem.com.br\/tr\/author\/bcgianni\/"}]}},"_links":{"self":[{"href":"https:\/\/mensagensdobem.com.br\/tr\/wp-json\/wp\/v2\/posts\/24432"}],"collection":[{"href":"https:\/\/mensagensdobem.com.br\/tr\/wp-json\/wp\/v2\/posts"}],"about":[{"href":"https:\/\/mensagensdobem.com.br\/tr\/wp-json\/wp\/v2\/types\/post"}],"author":[{"embeddable":true,"href":"https:\/\/mensagensdobem.com.br\/tr\/wp-json\/wp\/v2\/users\/3"}],"replies":[{"embeddable":true,"href":"https:\/\/mensagensdobem.com.br\/tr\/wp-json\/wp\/v2\/comments?post=24432"}],"version-history":[{"count":1,"href":"https:\/\/mensagensdobem.com.br\/tr\/wp-json\/wp\/v2\/posts\/24432\/revisions"}],"predecessor-version":[{"id":24442,"href":"https:\/\/mensagensdobem.com.br\/tr\/wp-json\/wp\/v2\/posts\/24432\/revisions\/24442"}],"wp:attachment":[{"href":"https:\/\/mensagensdobem.com.br\/tr\/wp-json\/wp\/v2\/media?parent=24432"}],"wp:term":[{"taxonomy":"category","embeddable":true,"href":"https:\/\/mensagensdobem.com.br\/tr\/wp-json\/wp\/v2\/categories?post=24432"},{"taxonomy":"post_tag","embeddable":true,"href":"https:\/\/mensagensdobem.com.br\/tr\/wp-json\/wp\/v2\/tags?post=24432"}],"curies":[{"name":"wp","href":"https:\/\/api.w.org\/{rel}","templated":true}]}}