{"id":25237,"date":"2026-03-22T02:47:00","date_gmt":"2026-03-22T02:47:00","guid":{"rendered":"https:\/\/mensagensdobem.com.br\/4c381dde-4e7d-441b-8b63-1dc9a1090728\/"},"modified":"2026-03-22T02:47:48","modified_gmt":"2026-03-22T02:47:48","slug":"4c381dde-4e7d-441b-8b63-1dc9a1090728","status":"publish","type":"post","link":"https:\/\/mensagensdobem.com.br\/tr\/4c381dde-4e7d-441b-8b63-1dc9a1090728\/","title":{"rendered":"Vendedor Balconista: Benef\u00edcios CLT, Sal\u00e1rio Base e Comiss\u00e3o Atraente"},"content":{"rendered":"<div class=\"mx-5 sm:mx-0 prose text-left mb-5\">\n<\/p>\n<div style=\"background: #ffffff; border-radius: 12px; box-shadow: 0 10px 30px rgba(0, 0, 0, 0.1); width: 100%; max-width: 340px; padding: 25px; transition: transform 0.3s ease-in-out; overflow: visible; display: flex; flex-direction: column; position: relative; border: 1px solid #28a745; margin-top: 70px; margin-bottom: 50px; margin-left: auto; margin-right: auto;\">\n<div style=\"position: absolute; top: -35px; right: 15px; color: #28a745; padding: 5px 10px; border-radius: 6px; font-size: 14px; font-weight: bold; display: flex; align-items: center; z-index: 10;\">Sizin i\u00e7in \u00f6nerilenler<\/div>\n<div data-namespace-header=\"\" style=\"\">\n<h3 data-namespace-title=\"\" style=\"color: #333; font-size: 20px; font-weight: bold; text-align: left; margin-right: 50px; min-height: 50px; margin-top: 0px;\">Sat\u0131\u015f Eleman\u0131\/Tezgah G\u00f6revlisi<\/h3>\n<\/p><\/div>\n<p data-namespace-prompt=\"\" style=\"font-size: 16px; color: #666; margin-bottom: 20px; line-height: 1.5; flex-grow: 1; text-align: left; margin-top: 0px;\">Cargo CLT, sal\u00e1rio de R$1.416,00 base + comiss\u00e3o, benef\u00edcios como vale alimenta\u00e7\u00e3o, refei\u00e7\u00e3o e transporte. Procura pessoa com ensino m\u00e9dio completo e experi\u00eancia com vendas.<\/p>\n<p>    <a data-namespace-url=\"\" href=\"https:\/\/mensagensdobem.com.br\/tr\/redirect\/?https:\/\/www.recruit.net\/job\/vendedor-balconista-jobs\/7B0BD0A487A7ECD0?utm_campaign=google_jobs_apply&#038;utm_source=google_jobs_apply&#038;utm_medium=organic\" style=\"width: 100%; display: inline-block; color: white; text-decoration: none; border-radius: 6px; font-size: 16px; font-weight: bold; text-align: center; transition: transform 0.3s ease, background 0.3s ease; margin-top: auto;\" data-namespace-id=\"5c0d2565-3ba9-4280-a382-ad2a691e2285\"><br \/>\n        <button style=\"width: 100%; height: 55px; background: #e9e9ed; border: 1px solid black; color: black;\">\u0130\u015f ba\u015fvurusunda bulunun<\/button><br \/>\n    <\/a><br \/>\n    <small style=\"margin-top: 10px; color: #777; font-size: 12px; text-align: center; display: block;\">Ba\u015fka bir web sitesine y\u00f6nlendirileceksiniz<\/small>\n<\/div>\n<p>A oportunidade para Vendedor Balconista destaca-se por ser uma vaga com sal\u00e1rio base competitivo de R$1.416,00, formato CLT, mais benef\u00edcios. Al\u00e9m da remunera\u00e7\u00e3o, h\u00e1 vales alimenta\u00e7\u00e3o e refei\u00e7\u00e3o, ambos fixos, e vale transporte, facilitando muito o dia a dia.<\/p>\n<p>Profissionais selecionados atuar\u00e3o em per\u00edodo integral, com uma escala 6&#215;1, garantindo estabilidade e rotina previs\u00edvel. O contrato \u00e9 CLT, o que significa todos os direitos e garantias trabalhistas assegurados. Com isso, \u00e9 poss\u00edvel contar com f\u00e9rias remuneradas, d\u00e9cimo terceiro e gera\u00e7\u00e3o de FGTS.<\/p>\n<h2>Sat\u0131\u015f eleman\u0131 ne yapar?<\/h2>\n<p>O dia a dia inclui atendimento ao cliente e vendas personalizadas, recebimento de mercadorias e organiza\u00e7\u00e3o do estoque, al\u00e9m de manter a loja limpa e organizada.<\/p>\n<p>Tamb\u00e9m faz parte repor produtos nas prateleiras, atender o p\u00fablico da cafeteria e operar o caixa. A embalagem dos produtos e recebimento de pagamentos s\u00e3o inerentes \u00e0 fun\u00e7\u00e3o.<\/p>\n<p>\u00c9 fundamental ter experi\u00eancia pr\u00e9via com atendimento e vendas, aliado a ensino m\u00e9dio completo. Organiza\u00e7\u00e3o, simpatia e capacidade de negocia\u00e7\u00e3o s\u00e3o habilidades valorizadas.<\/p>\n<p>A rotina pode ser intensa, especialmente em datas comemorativas, exigindo flexibilidade na execu\u00e7\u00e3o de tarefas variadas. O contato direto com o p\u00fablico \u00e9 constante.<\/p>\n<p>A empresa busca profissionais din\u00e2micos, proativos, que gostem de ambientes organizados e que queiram crescer na carreira comercial.<\/p>\n<h2>Pozisyonun Ba\u015fl\u0131ca Avantajlar\u0131<\/h2>\n<p>Um dos grandes destaques \u00e9 o sal\u00e1rio fixo garantido, com possibilidade real de ganhos maiores por meio de comiss\u00e3o sobre as vendas fechadas.<\/p>\n<p>Al\u00e9m disso, h\u00e1 boa oferta de benef\u00edcios: vale alimenta\u00e7\u00e3o mensal, refei\u00e7\u00e3o di\u00e1ria e aux\u00edlio transporte trazem seguran\u00e7a para quem busca previsibilidade financeira.<\/p>\n<p>A estrutura CLT \u00e9 outro ponto positivo, sendo interessante para quem deseja estabilidade e direitos formalmente reconhecidos.<\/p>\n<p>Profissionais com perfil comercial podem tra\u00e7ar uma carreira s\u00f3lida, pois o ambiente favorece o desenvolvimento em vendas.<\/p>\n<p>Para quem busca aprendizado pr\u00e1tico e contato direto com clientes, trata-se de uma experi\u00eancia enriquecedora.<\/p>\n<h2>Pontos que Merecem Aten\u00e7\u00e3o<\/h2>\n<p>O trabalho envolve rotina intensa, especialmente no atendimento. Podem ocorrer per\u00edodos de grande volume de clientes, principalmente em datas especiais.<\/p>\n<p>A remunera\u00e7\u00e3o vari\u00e1vel depende das vendas, o que pode gerar oscila\u00e7\u00f5es mensais, exigindo resili\u00eancia e foco nos resultados.<\/p>\n<p>\u00c9 necess\u00e1rio manter a organiza\u00e7\u00e3o e limpeza da loja, o que demanda disposi\u00e7\u00e3o f\u00edsica e aten\u00e7\u00e3o aos detalhes ao longo do expediente.<\/p>\n<p>Para candidatos com pouca experi\u00eancia em atendimento ao cliente ou vendas, pode haver desafios na adapta\u00e7\u00e3o \u00e0 rotina e metas.<\/p>\n<p>Quem n\u00e3o aprecia intera\u00e7\u00f5es constantes ou prefere fun\u00e7\u00f5es exclusivamente administrativas pode n\u00e3o se adaptar totalmente \u00e0 vaga.<\/p>\n<h2>Son Karar<\/h2>\n<p>A vaga de Vendedor Balconista traz equil\u00edbrio entre estabilidade e oportunidade de ganhos extras, al\u00e9m de benef\u00edcios e ambiente de aprendizado.<\/p>\n<p>\u00c9 adequada para quem busca crescimento no varejo e tem perfil comunicativo e resiliente.<\/p>\n<p>Os pontos positivos superam os desafios do cotidiano, desde que o candidato goste de lidar com o p\u00fablico e tenha organiza\u00e7\u00e3o pessoal.<\/p>\n<p>Em resumo, candidata-se quem valoriza seguran\u00e7a e a chance de reconhecimento por desempenho individual.<\/p>\n<p>Vale a pena considerar a inscri\u00e7\u00e3o para quem visa desenvolvimento em vendas com boa rela\u00e7\u00e3o entre sal\u00e1rio fixo e vari\u00e1vel.<\/p>\n<div style=\"background: #ffffff; border-radius: 12px; box-shadow: 0 10px 30px rgba(0, 0, 0, 0.1); width: 100%; max-width: 340px; padding: 25px; transition: transform 0.3s ease-in-out; overflow: visible; display: flex; flex-direction: column; position: relative; border: 1px solid #28a745; margin-top: 70px; margin-bottom: 50px; margin-left: auto; margin-right: auto;\">\n<div style=\"position: absolute; top: -35px; right: 15px; color: #28a745; padding: 5px 10px; border-radius: 6px; font-size: 14px; font-weight: bold; display: flex; align-items: center; z-index: 10;\">Sizin i\u00e7in \u00f6nerilenler<\/div>\n<div data-namespace-header=\"\" style=\"\">\n<h3 data-namespace-title=\"\" style=\"color: #333; font-size: 20px; font-weight: bold; text-align: left; margin-right: 50px; min-height: 50px; margin-top: 0px;\">Sat\u0131\u015f Eleman\u0131\/Tezgah G\u00f6revlisi<\/h3>\n<\/p><\/div>\n<p data-namespace-prompt=\"\" style=\"font-size: 16px; color: #666; margin-bottom: 20px; line-height: 1.5; flex-grow: 1; text-align: left; margin-top: 0px;\">Cargo CLT, sal\u00e1rio de R$1.416,00 base + comiss\u00e3o, benef\u00edcios como vale alimenta\u00e7\u00e3o, refei\u00e7\u00e3o e transporte. Procura pessoa com ensino m\u00e9dio completo e experi\u00eancia com vendas.<\/p>\n<p>    <a data-namespace-url=\"\" href=\"https:\/\/mensagensdobem.com.br\/tr\/redirect\/?https:\/\/www.recruit.net\/job\/vendedor-balconista-jobs\/7B0BD0A487A7ECD0?utm_campaign=google_jobs_apply&#038;utm_source=google_jobs_apply&#038;utm_medium=organic\" style=\"width: 100%; display: inline-block; color: white; text-decoration: none; border-radius: 6px; font-size: 16px; font-weight: bold; text-align: center; transition: transform 0.3s ease, background 0.3s ease; margin-top: auto;\" data-namespace-id=\"5c0d2565-3ba9-4280-a382-ad2a691e2285\"><br \/>\n        <button style=\"width: 100%; height: 55px; background: #e9e9ed; border: 1px solid black; color: black;\">\u0130\u015f ba\u015fvurusunda bulunun<\/button><br \/>\n    <\/a><br \/>\n    <small style=\"margin-top: 10px; color: #777; font-size: 12px; text-align: center; display: block;\">Ba\u015fka bir web sitesine y\u00f6nlendirileceksiniz<\/small>\n<\/div>\n<\/div>","protected":false},"excerpt":{"rendered":"<p>Confira os detalhes da vaga de vendedor balconista com sal\u00e1rio fixo, benef\u00edcios CLT, comissionamento e oportunidade de crescimento em vendas. Veja pontos positivos e desafios antes de se candidatar.<\/p>","protected":false},"author":3,"featured_media":0,"comment_status":"open","ping_status":"open","sticky":false,"template":"","format":"standard","meta":{"footnotes":""},"categories":[8],"tags":[],"yoast_head":"<!-- This site is optimized with the Yoast SEO plugin v23.3 - https:\/\/yoast.com\/wordpress\/plugins\/seo\/ -->\n<title>Vendedor Balconista: Benef\u00edcios CLT, Sal\u00e1rio Base e Comiss\u00e3o Atraente - MDB<\/title>\n<meta name=\"robots\" content=\"index, follow, max-snippet:-1, max-image-preview:large, max-video-preview:-1\" \/>\n<link rel=\"canonical\" href=\"https:\/\/mensagensdobem.com.br\/tr\/4c381dde-4e7d-441b-8b63-1dc9a1090728\/\" \/>\n<meta property=\"og:locale\" content=\"tr_TR\" \/>\n<meta property=\"og:type\" content=\"article\" \/>\n<meta property=\"og:title\" content=\"Vendedor Balconista: Benef\u00edcios CLT, Sal\u00e1rio Base e Comiss\u00e3o Atraente - MDB\" \/>\n<meta property=\"og:description\" content=\"Confira os detalhes da vaga de vendedor balconista com sal\u00e1rio fixo, benef\u00edcios CLT, comissionamento e oportunidade de crescimento em vendas. Veja pontos positivos e desafios antes de se candidatar.\" \/>\n<meta property=\"og:url\" content=\"https:\/\/mensagensdobem.com.br\/tr\/4c381dde-4e7d-441b-8b63-1dc9a1090728\/\" \/>\n<meta property=\"og:site_name\" content=\"MDB\" \/>\n<meta property=\"article:published_time\" content=\"2026-03-22T02:47:00+00:00\" \/>\n<meta property=\"article:modified_time\" content=\"2026-03-22T02:47:48+00:00\" \/>\n<meta name=\"author\" content=\"Bruno Gianni\" \/>\n<meta name=\"twitter:card\" content=\"summary_large_image\" \/>\n<meta name=\"twitter:label1\" content=\"Written by\" \/>\n\t<meta name=\"twitter:data1\" content=\"Bruno Gianni\" \/>\n\t<meta name=\"twitter:label2\" content=\"Est. reading time\" \/>\n\t<meta name=\"twitter:data2\" content=\"3 dakika\" \/>\n<script type=\"application\/ld+json\" class=\"yoast-schema-graph\">{\"@context\":\"https:\/\/schema.org\",\"@graph\":[{\"@type\":\"WebPage\",\"@id\":\"https:\/\/mensagensdobem.com.br\/4c381dde-4e7d-441b-8b63-1dc9a1090728\/\",\"url\":\"https:\/\/mensagensdobem.com.br\/4c381dde-4e7d-441b-8b63-1dc9a1090728\/\",\"name\":\"Vendedor Balconista: Benef\u00edcios CLT, Sal\u00e1rio Base e Comiss\u00e3o Atraente - MDB\",\"isPartOf\":{\"@id\":\"https:\/\/mensagensdobem.com.br\/#website\"},\"datePublished\":\"2026-03-22T02:47:00+00:00\",\"dateModified\":\"2026-03-22T02:47:48+00:00\",\"author\":{\"@id\":\"https:\/\/mensagensdobem.com.br\/#\/schema\/person\/d52888235fd6563bd07d97185d6a61e4\"},\"breadcrumb\":{\"@id\":\"https:\/\/mensagensdobem.com.br\/4c381dde-4e7d-441b-8b63-1dc9a1090728\/#breadcrumb\"},\"inLanguage\":\"tr\",\"potentialAction\":[{\"@type\":\"ReadAction\",\"target\":[\"https:\/\/mensagensdobem.com.br\/4c381dde-4e7d-441b-8b63-1dc9a1090728\/\"]}]},{\"@type\":\"BreadcrumbList\",\"@id\":\"https:\/\/mensagensdobem.com.br\/4c381dde-4e7d-441b-8b63-1dc9a1090728\/#breadcrumb\",\"itemListElement\":[{\"@type\":\"ListItem\",\"position\":1,\"name\":\"Home\",\"item\":\"https:\/\/mensagensdobem.com.br\/\"},{\"@type\":\"ListItem\",\"position\":2,\"name\":\"Vendedor Balconista: Benef\u00edcios CLT, Sal\u00e1rio Base e Comiss\u00e3o Atraente\"}]},{\"@type\":\"WebSite\",\"@id\":\"https:\/\/mensagensdobem.com.br\/#website\",\"url\":\"https:\/\/mensagensdobem.com.br\/\",\"name\":\"MDB\",\"description\":\"\",\"potentialAction\":[{\"@type\":\"SearchAction\",\"target\":{\"@type\":\"EntryPoint\",\"urlTemplate\":\"https:\/\/mensagensdobem.com.br\/?s={search_term_string}\"},\"query-input\":\"required name=search_term_string\"}],\"inLanguage\":\"tr\"},{\"@type\":\"Person\",\"@id\":\"https:\/\/mensagensdobem.com.br\/#\/schema\/person\/d52888235fd6563bd07d97185d6a61e4\",\"name\":\"Bruno Gianni\",\"image\":{\"@type\":\"ImageObject\",\"inLanguage\":\"tr\",\"@id\":\"https:\/\/mensagensdobem.com.br\/#\/schema\/person\/image\/\",\"url\":\"https:\/\/secure.gravatar.com\/avatar\/0f5d42d7bf77874643c1478932860e3f?s=96&d=mm&r=g\",\"contentUrl\":\"https:\/\/secure.gravatar.com\/avatar\/0f5d42d7bf77874643c1478932860e3f?s=96&d=mm&r=g\",\"caption\":\"Bruno Gianni\"},\"description\":\"Bruno writes the way he lives, with curiosity, care, and respect for people. He likes to observe, listen, and try to understand what is happening on the other side before putting any words on the page.For him, writing is not about impressing, but about getting closer. It is about turning thoughts into something simple, clear, and real. Every text is an ongoing conversation, created with care and honesty, with the sincere intention of touching someone, somewhere along the way.\",\"url\":\"https:\/\/mensagensdobem.com.br\/tr\/author\/bcgianni\/\"}]}<\/script>\n<!-- \/ Yoast SEO plugin. -->","yoast_head_json":{"title":"Vendedor Balconista: Benef\u00edcios CLT, Sal\u00e1rio Base e Comiss\u00e3o Atraente - MDB","robots":{"index":"index","follow":"follow","max-snippet":"max-snippet:-1","max-image-preview":"max-image-preview:large","max-video-preview":"max-video-preview:-1"},"canonical":"https:\/\/mensagensdobem.com.br\/tr\/4c381dde-4e7d-441b-8b63-1dc9a1090728\/","og_locale":"tr_TR","og_type":"article","og_title":"Vendedor Balconista: Benef\u00edcios CLT, Sal\u00e1rio Base e Comiss\u00e3o Atraente - MDB","og_description":"Confira os detalhes da vaga de vendedor balconista com sal\u00e1rio fixo, benef\u00edcios CLT, comissionamento e oportunidade de crescimento em vendas. Veja pontos positivos e desafios antes de se candidatar.","og_url":"https:\/\/mensagensdobem.com.br\/tr\/4c381dde-4e7d-441b-8b63-1dc9a1090728\/","og_site_name":"MDB","article_published_time":"2026-03-22T02:47:00+00:00","article_modified_time":"2026-03-22T02:47:48+00:00","author":"Bruno Gianni","twitter_card":"summary_large_image","twitter_misc":{"Written by":"Bruno Gianni","Est. reading time":"3 dakika"},"schema":{"@context":"https:\/\/schema.org","@graph":[{"@type":"WebPage","@id":"https:\/\/mensagensdobem.com.br\/4c381dde-4e7d-441b-8b63-1dc9a1090728\/","url":"https:\/\/mensagensdobem.com.br\/4c381dde-4e7d-441b-8b63-1dc9a1090728\/","name":"Vendedor Balconista: Benef\u00edcios CLT, Sal\u00e1rio Base e Comiss\u00e3o Atraente - MDB","isPartOf":{"@id":"https:\/\/mensagensdobem.com.br\/#website"},"datePublished":"2026-03-22T02:47:00+00:00","dateModified":"2026-03-22T02:47:48+00:00","author":{"@id":"https:\/\/mensagensdobem.com.br\/#\/schema\/person\/d52888235fd6563bd07d97185d6a61e4"},"breadcrumb":{"@id":"https:\/\/mensagensdobem.com.br\/4c381dde-4e7d-441b-8b63-1dc9a1090728\/#breadcrumb"},"inLanguage":"tr","potentialAction":[{"@type":"ReadAction","target":["https:\/\/mensagensdobem.com.br\/4c381dde-4e7d-441b-8b63-1dc9a1090728\/"]}]},{"@type":"BreadcrumbList","@id":"https:\/\/mensagensdobem.com.br\/4c381dde-4e7d-441b-8b63-1dc9a1090728\/#breadcrumb","itemListElement":[{"@type":"ListItem","position":1,"name":"Home","item":"https:\/\/mensagensdobem.com.br\/"},{"@type":"ListItem","position":2,"name":"Vendedor Balconista: Benef\u00edcios CLT, Sal\u00e1rio Base e Comiss\u00e3o Atraente"}]},{"@type":"WebSite","@id":"https:\/\/mensagensdobem.com.br\/#website","url":"https:\/\/mensagensdobem.com.br\/","name":"MDB","description":"","potentialAction":[{"@type":"SearchAction","target":{"@type":"EntryPoint","urlTemplate":"https:\/\/mensagensdobem.com.br\/?s={search_term_string}"},"query-input":"required name=search_term_string"}],"inLanguage":"tr"},{"@type":"Person","@id":"https:\/\/mensagensdobem.com.br\/#\/schema\/person\/d52888235fd6563bd07d97185d6a61e4","name":"Bruno Gianni","image":{"@type":"ImageObject","inLanguage":"tr","@id":"https:\/\/mensagensdobem.com.br\/#\/schema\/person\/image\/","url":"https:\/\/secure.gravatar.com\/avatar\/0f5d42d7bf77874643c1478932860e3f?s=96&d=mm&r=g","contentUrl":"https:\/\/secure.gravatar.com\/avatar\/0f5d42d7bf77874643c1478932860e3f?s=96&d=mm&r=g","caption":"Bruno Gianni"},"description":"Bruno writes the way he lives, with curiosity, care, and respect for people. He likes to observe, listen, and try to understand what is happening on the other side before putting any words on the page.For him, writing is not about impressing, but about getting closer. It is about turning thoughts into something simple, clear, and real. Every text is an ongoing conversation, created with care and honesty, with the sincere intention of touching someone, somewhere along the way.","url":"https:\/\/mensagensdobem.com.br\/tr\/author\/bcgianni\/"}]}},"_links":{"self":[{"href":"https:\/\/mensagensdobem.com.br\/tr\/wp-json\/wp\/v2\/posts\/25237"}],"collection":[{"href":"https:\/\/mensagensdobem.com.br\/tr\/wp-json\/wp\/v2\/posts"}],"about":[{"href":"https:\/\/mensagensdobem.com.br\/tr\/wp-json\/wp\/v2\/types\/post"}],"author":[{"embeddable":true,"href":"https:\/\/mensagensdobem.com.br\/tr\/wp-json\/wp\/v2\/users\/3"}],"replies":[{"embeddable":true,"href":"https:\/\/mensagensdobem.com.br\/tr\/wp-json\/wp\/v2\/comments?post=25237"}],"version-history":[{"count":1,"href":"https:\/\/mensagensdobem.com.br\/tr\/wp-json\/wp\/v2\/posts\/25237\/revisions"}],"predecessor-version":[{"id":25244,"href":"https:\/\/mensagensdobem.com.br\/tr\/wp-json\/wp\/v2\/posts\/25237\/revisions\/25244"}],"wp:attachment":[{"href":"https:\/\/mensagensdobem.com.br\/tr\/wp-json\/wp\/v2\/media?parent=25237"}],"wp:term":[{"taxonomy":"category","embeddable":true,"href":"https:\/\/mensagensdobem.com.br\/tr\/wp-json\/wp\/v2\/categories?post=25237"},{"taxonomy":"post_tag","embeddable":true,"href":"https:\/\/mensagensdobem.com.br\/tr\/wp-json\/wp\/v2\/tags?post=25237"}],"curies":[{"name":"wp","href":"https:\/\/api.w.org\/{rel}","templated":true}]}}