{"id":2550,"date":"2025-10-17T13:48:00","date_gmt":"2025-10-17T13:48:00","guid":{"rendered":"https:\/\/mensagensdobem.com.br\/29a8c0e8-6093-4864-ab34-5db9982eb712\/"},"modified":"2025-10-17T13:48:48","modified_gmt":"2025-10-17T13:48:48","slug":"29a8c0e8-6093-4864-ab34-5db9982eb712","status":"publish","type":"post","link":"https:\/\/mensagensdobem.com.br\/tr\/29a8c0e8-6093-4864-ab34-5db9982eb712\/","title":{"rendered":"Andrade Gutierrez&#039;de Kargo Elle\u00e7leme Asistan\u0131: kapsay\u0131c\u0131l\u0131k ve geli\u015fime \u00f6nem veriliyor."},"content":{"rendered":"<div class=\"mx-5 sm:mx-0 prose text-left mb-5\">\n<\/p>\n<div style=\"background: #ffffff; border-radius: 12px; box-shadow: 0 10px 30px rgba(0, 0, 0, 0.1); width: 100%; max-width: 340px; padding: 25px; transition: transform 0.3s ease-in-out; overflow: visible; display: flex; flex-direction: column; position: relative; border: 1px solid #28a745; margin-top: 70px; margin-bottom: 50px; margin-left: auto; margin-right: auto;\">\n<div style=\"position: absolute; top: -35px; right: 15px; color: #28a745; padding: 5px 10px; border-radius: 6px; font-size: 14px; font-weight: bold; display: flex; align-items: center; z-index: 10;\">Sizin i\u00e7in \u00f6nerilenler<\/div>\n<div data-namespace-header=\"\" style=\"\">\n<h3 data-namespace-title=\"\" style=\"color: #333; font-size: 20px; font-weight: bold; text-align: left; margin-right: 50px; min-height: 50px; margin-top: 0px;\">Kargo Elle\u00e7leme Asistan\u0131<\/h3>\n<\/p><\/div>\n<p data-namespace-prompt=\"\" style=\"font-size: 16px; color: #666; margin-bottom: 20px; line-height: 1.5; flex-grow: 1; text-align: left; margin-top: 0px;\">\u00dclkenin en b\u00fcy\u00fck m\u00fchendislik \u015firketlerinden birinde istikrar, geli\u015fim ve kapsay\u0131c\u0131l\u0131k arayanlar i\u00e7in f\u0131rsat. Pratik deneyim de\u011ferlidir. \u00c7e\u015fitli ve yenilik\u00e7i bir ortam.<\/p>\n<p>    <a data-namespace-url=\"\" href=\"https:\/\/mensagensdobem.com.br\/tr\/redirect\/?https:\/\/www.glassdoor.com.br\/job-listing\/auxiliar-de-movimenta\u00e7\u00e3o-de-cargas-barcarena-pa-andrade-gutierrez-JV_IC2465521_KO0,47_KE48,65.htm?jl=1009909179746&#038;utm_campaign=google_jobs_apply&#038;utm_source=google_jobs_apply&#038;utm_medium=organic\" style=\"width: 100%; display: inline-block; color: white; text-decoration: none; border-radius: 6px; font-size: 16px; font-weight: bold; text-align: center; transition: transform 0.3s ease, background 0.3s ease; margin-top: auto;\" data-namespace-id=\"5c0d2565-3ba9-4280-a382-ad2a691e2285\"><br \/>\n        <button style=\"width: 100%; height: 55px; background: #e9e9ed; border: 1px solid black; color: black;\">\u015eimdi ba\u015fvurun<\/button><br \/>\n    <\/a><br \/>\n    <small style=\"margin-top: 10px; color: #777; font-size: 12px; text-align: center; display: block;\">Ba\u015fka bir web sitesine y\u00f6nlendirileceksiniz<\/small>\n<\/div>\n<p>Andrade Gutierrez&#039;deki Kargo Elle\u00e7leme Asistan\u0131 pozisyonu, M\u00fchendislik sekt\u00f6r\u00fcne giri\u015f i\u00e7in m\u00fckemmel bir f\u0131rsatt\u0131r. Bu rol, \u00e7e\u015fitli \u00e7al\u0131\u015fma ortam\u0131 ve ilk\u00f6\u011fretimini tamamlamam\u0131\u015f olsalar bile pratik deneyime sahip profesyonellere verilen de\u011ferle \u00f6ne \u00e7\u0131kmaktad\u0131r. Maa\u015f bilgileri kamuya a\u00e7\u0131k de\u011fildir, ancak \u015firkete \u00f6zg\u00fc rekabet\u00e7i bir piyasa maa\u015f\u0131 ve resmi bir i\u015f s\u00f6zle\u015fmesi beklenmektedir.<\/p>\n<h3>G\u00fcnl\u00fck ya\u015fam ve sorumluluklar<\/h3>\n<p>G\u00fcnl\u00fck i\u015flerinde, profesyoneller temizlik, ta\u015f\u0131ma, emniyete alma, depolama ve malzeme ve par\u00e7alar\u0131n d\u00fczenlenmesi de dahil olmak \u00fczere kargo elle\u00e7leme faaliyetlerine yard\u0131mc\u0131 olurlar. Talimatlara uygun olarak gerekli ara\u00e7lar\u0131 kullan\u0131rlar ve s\u00fcre\u00e7lerin g\u00fcvenlik ve verimlilik standartlar\u0131na uygun olmas\u0131n\u0131 sa\u011flarlar. \u0130\u015f, \u00f6zveri, dikkat ve fiziksel \u00e7aba gerektirdi\u011finden, dinamik ve uygulamal\u0131 bir i\u015f arayanlar i\u00e7in idealdir.<\/p>\n<h3>\u0130\u015fin olumlu y\u00f6nleri<\/h3>\n<p>Ba\u015fl\u0131ca olumlu y\u00f6nler aras\u0131nda \u00e7e\u015fitli profillerin takdir edilmesi, kurum i\u00e7i b\u00fcy\u00fcme imkan\u0131 ve b\u00fcy\u00fck \u00f6l\u00e7ekli projelere entegrasyon yer almaktad\u0131r. Organizasyonel iklim, cinsiyet, \u0131rk veya engellilik ayr\u0131m\u0131 g\u00f6zetmeksizin kapsay\u0131c\u0131l\u0131\u011f\u0131yla \u00f6ne \u00e7\u0131kmakta ve Andrade Gutierrez k\u00fclt\u00fcr\u00fcn\u00fc g\u00fc\u00e7lendirmektedir. S\u00fcrekli \u00f6\u011frenme ve g\u00fcvenlik arayanlar i\u00e7in verimli bir ortam sunmaktad\u0131r.<\/p>\n<h3>Dikkat edilmesi gereken noktalar<\/h3>\n<p>Sunulan f\u0131rsatlara ra\u011fmen, pozisyon s\u00fcrekli fiziksel \u00e7aba gerektiriyor ve bu da baz\u0131lar\u0131 i\u00e7in zorlay\u0131c\u0131 olabilir. Ayr\u0131ca, b\u00fcy\u00fck m\u00fchendislik projelerine \u00f6zg\u00fc olarak, esnek \u00e7al\u0131\u015fma saatleri ve y\u00fcksek i\u015f y\u00fck\u00fc gerekebilir. Ayr\u0131nt\u0131l\u0131 bir yan haklar belirtilmemi\u015f olsa da, b\u00fcy\u00fck \u015firketlerden beklenen temel yan haklar aras\u0131nda yard\u0131m ve ula\u015f\u0131m deste\u011fi yer almaktad\u0131r.<\/p>\n<h3>Son karar<\/h3>\n<p>Genel olarak, bu \u015firketteki Kargo Elle\u00e7leme Asistan\u0131 pozisyonu, geli\u015fim f\u0131rsatlar\u0131, aidiyet duygusu ve g\u00fcvenli bir ortam sunmaktad\u0131r. \u00d6zellikle sa\u011flam ekipler i\u00e7inde b\u00fcy\u00fcmeyi ve ki\u015fisel kariyer yollar\u0131n\u0131n tan\u0131nmas\u0131n\u0131 arayanlar i\u00e7in tavsiye ederim. Bu, Andrade Gutierrez ile birlikte b\u00fcy\u00fcmeye istekli profesyoneller i\u00e7in onaylanm\u0131\u015f bir f\u0131rsatt\u0131r.<\/p>\n<div style=\"background: #ffffff; border-radius: 12px; box-shadow: 0 10px 30px rgba(0, 0, 0, 0.1); width: 100%; max-width: 340px; padding: 25px; transition: transform 0.3s ease-in-out; overflow: visible; display: flex; flex-direction: column; position: relative; border: 1px solid #28a745; margin-top: 70px; margin-bottom: 50px; margin-left: auto; margin-right: auto;\">\n<div style=\"position: absolute; top: -35px; right: 15px; color: #28a745; padding: 5px 10px; border-radius: 6px; font-size: 14px; font-weight: bold; display: flex; align-items: center; z-index: 10;\">Sizin i\u00e7in \u00f6nerilenler<\/div>\n<div data-namespace-header=\"\" style=\"\">\n<h3 data-namespace-title=\"\" style=\"color: #333; font-size: 20px; font-weight: bold; text-align: left; margin-right: 50px; min-height: 50px; margin-top: 0px;\">Kargo Elle\u00e7leme Asistan\u0131<\/h3>\n<\/p><\/div>\n<p data-namespace-prompt=\"\" style=\"font-size: 16px; color: #666; margin-bottom: 20px; line-height: 1.5; flex-grow: 1; text-align: left; margin-top: 0px;\">\u00dclkenin en b\u00fcy\u00fck m\u00fchendislik \u015firketlerinden birinde istikrar, geli\u015fim ve kapsay\u0131c\u0131l\u0131k arayanlar i\u00e7in f\u0131rsat. Pratik deneyim de\u011ferlidir. \u00c7e\u015fitli ve yenilik\u00e7i bir ortam.<\/p>\n<p>    <a data-namespace-url=\"\" href=\"https:\/\/mensagensdobem.com.br\/tr\/redirect\/?https:\/\/www.glassdoor.com.br\/job-listing\/auxiliar-de-movimenta\u00e7\u00e3o-de-cargas-barcarena-pa-andrade-gutierrez-JV_IC2465521_KO0,47_KE48,65.htm?jl=1009909179746&#038;utm_campaign=google_jobs_apply&#038;utm_source=google_jobs_apply&#038;utm_medium=organic\" style=\"width: 100%; display: inline-block; color: white; text-decoration: none; border-radius: 6px; font-size: 16px; font-weight: bold; text-align: center; transition: transform 0.3s ease, background 0.3s ease; margin-top: auto;\" data-namespace-id=\"5c0d2565-3ba9-4280-a382-ad2a691e2285\"><br \/>\n        <button style=\"width: 100%; height: 55px; background: #e9e9ed; border: 1px solid black; color: black;\">\u015eimdi ba\u015fvurun<\/button><br \/>\n    <\/a><br \/>\n    <small style=\"margin-top: 10px; color: #777; font-size: 12px; text-align: center; display: block;\">Ba\u015fka bir web sitesine y\u00f6nlendirileceksiniz<\/small>\n<\/div>\n<\/div>","protected":false},"excerpt":{"rendered":"<p>Andrade Gutierrez&#039;deki Kargo Elle\u00e7leme Asistan\u0131 pozisyonu hakk\u0131nda her \u015feyi \u00f6\u011frenin: \u00e7e\u015fitlilik, kapsay\u0131c\u0131l\u0131k, geli\u015fim ve profesyonel geli\u015fiminiz i\u00e7in g\u00fcvenli bir ortam. Ba\u011f\u0131ms\u0131z de\u011ferlendirmeye g\u00f6z at\u0131n.<\/p>","protected":false},"author":3,"featured_media":0,"comment_status":"open","ping_status":"open","sticky":false,"template":"","format":"standard","meta":{"footnotes":""},"categories":[8],"tags":[],"yoast_head":"<!-- This site is optimized with the Yoast SEO plugin v23.3 - https:\/\/yoast.com\/wordpress\/plugins\/seo\/ -->\n<title>Auxiliar de Movimenta\u00e7\u00e3o de Cargas na Andrade Gutierrez: destaque para inclus\u00e3o e desenvolvimento - MDB<\/title>\n<meta name=\"robots\" content=\"index, follow, max-snippet:-1, max-image-preview:large, max-video-preview:-1\" \/>\n<link rel=\"canonical\" href=\"https:\/\/mensagensdobem.com.br\/tr\/29a8c0e8-6093-4864-ab34-5db9982eb712\/\" \/>\n<meta property=\"og:locale\" content=\"tr_TR\" \/>\n<meta property=\"og:type\" content=\"article\" \/>\n<meta property=\"og:title\" content=\"Auxiliar de Movimenta\u00e7\u00e3o de Cargas na Andrade Gutierrez: destaque para inclus\u00e3o e desenvolvimento - MDB\" \/>\n<meta property=\"og:description\" content=\"Veja tudo sobre a vaga de Auxiliar de Movimenta\u00e7\u00e3o de Cargas na Andrade Gutierrez: diversidade, inclus\u00e3o, desenvolvimento e ambiente seguro para o seu crescimento profissional. Confira a an\u00e1lise independente.\" \/>\n<meta property=\"og:url\" content=\"https:\/\/mensagensdobem.com.br\/tr\/29a8c0e8-6093-4864-ab34-5db9982eb712\/\" \/>\n<meta property=\"og:site_name\" content=\"MDB\" \/>\n<meta property=\"article:published_time\" content=\"2025-10-17T13:48:00+00:00\" \/>\n<meta property=\"article:modified_time\" content=\"2025-10-17T13:48:48+00:00\" \/>\n<meta name=\"author\" content=\"Bruno Gianni\" \/>\n<meta name=\"twitter:card\" content=\"summary_large_image\" \/>\n<meta name=\"twitter:label1\" content=\"Written by\" \/>\n\t<meta name=\"twitter:data1\" content=\"Bruno Gianni\" \/>\n\t<meta name=\"twitter:label2\" content=\"Est. reading time\" \/>\n\t<meta name=\"twitter:data2\" content=\"2 dakika\" \/>\n<script type=\"application\/ld+json\" class=\"yoast-schema-graph\">{\"@context\":\"https:\/\/schema.org\",\"@graph\":[{\"@type\":\"WebPage\",\"@id\":\"https:\/\/mensagensdobem.com.br\/29a8c0e8-6093-4864-ab34-5db9982eb712\/\",\"url\":\"https:\/\/mensagensdobem.com.br\/29a8c0e8-6093-4864-ab34-5db9982eb712\/\",\"name\":\"Auxiliar de Movimenta\u00e7\u00e3o de Cargas na Andrade Gutierrez: destaque para inclus\u00e3o e desenvolvimento - MDB\",\"isPartOf\":{\"@id\":\"https:\/\/mensagensdobem.com.br\/#website\"},\"datePublished\":\"2025-10-17T13:48:00+00:00\",\"dateModified\":\"2025-10-17T13:48:48+00:00\",\"author\":{\"@id\":\"https:\/\/mensagensdobem.com.br\/#\/schema\/person\/d52888235fd6563bd07d97185d6a61e4\"},\"breadcrumb\":{\"@id\":\"https:\/\/mensagensdobem.com.br\/29a8c0e8-6093-4864-ab34-5db9982eb712\/#breadcrumb\"},\"inLanguage\":\"tr\",\"potentialAction\":[{\"@type\":\"ReadAction\",\"target\":[\"https:\/\/mensagensdobem.com.br\/29a8c0e8-6093-4864-ab34-5db9982eb712\/\"]}]},{\"@type\":\"BreadcrumbList\",\"@id\":\"https:\/\/mensagensdobem.com.br\/29a8c0e8-6093-4864-ab34-5db9982eb712\/#breadcrumb\",\"itemListElement\":[{\"@type\":\"ListItem\",\"position\":1,\"name\":\"Home\",\"item\":\"https:\/\/mensagensdobem.com.br\/\"},{\"@type\":\"ListItem\",\"position\":2,\"name\":\"Auxiliar de Movimenta\u00e7\u00e3o de Cargas na Andrade Gutierrez: destaque para inclus\u00e3o e desenvolvimento\"}]},{\"@type\":\"WebSite\",\"@id\":\"https:\/\/mensagensdobem.com.br\/#website\",\"url\":\"https:\/\/mensagensdobem.com.br\/\",\"name\":\"MDB\",\"description\":\"\",\"potentialAction\":[{\"@type\":\"SearchAction\",\"target\":{\"@type\":\"EntryPoint\",\"urlTemplate\":\"https:\/\/mensagensdobem.com.br\/?s={search_term_string}\"},\"query-input\":\"required name=search_term_string\"}],\"inLanguage\":\"tr\"},{\"@type\":\"Person\",\"@id\":\"https:\/\/mensagensdobem.com.br\/#\/schema\/person\/d52888235fd6563bd07d97185d6a61e4\",\"name\":\"Bruno Gianni\",\"image\":{\"@type\":\"ImageObject\",\"inLanguage\":\"tr\",\"@id\":\"https:\/\/mensagensdobem.com.br\/#\/schema\/person\/image\/\",\"url\":\"https:\/\/secure.gravatar.com\/avatar\/0f5d42d7bf77874643c1478932860e3f?s=96&d=mm&r=g\",\"contentUrl\":\"https:\/\/secure.gravatar.com\/avatar\/0f5d42d7bf77874643c1478932860e3f?s=96&d=mm&r=g\",\"caption\":\"Bruno Gianni\"},\"description\":\"Bruno writes the way he lives, with curiosity, care, and respect for people. He likes to observe, listen, and try to understand what is happening on the other side before putting any words on the page.For him, writing is not about impressing, but about getting closer. It is about turning thoughts into something simple, clear, and real. Every text is an ongoing conversation, created with care and honesty, with the sincere intention of touching someone, somewhere along the way.\",\"url\":\"https:\/\/mensagensdobem.com.br\/tr\/author\/bcgianni\/\"}]}<\/script>\n<!-- \/ Yoast SEO plugin. -->","yoast_head_json":{"title":"Auxiliar de Movimenta\u00e7\u00e3o de Cargas na Andrade Gutierrez: destaque para inclus\u00e3o e desenvolvimento - MDB","robots":{"index":"index","follow":"follow","max-snippet":"max-snippet:-1","max-image-preview":"max-image-preview:large","max-video-preview":"max-video-preview:-1"},"canonical":"https:\/\/mensagensdobem.com.br\/tr\/29a8c0e8-6093-4864-ab34-5db9982eb712\/","og_locale":"tr_TR","og_type":"article","og_title":"Auxiliar de Movimenta\u00e7\u00e3o de Cargas na Andrade Gutierrez: destaque para inclus\u00e3o e desenvolvimento - MDB","og_description":"Veja tudo sobre a vaga de Auxiliar de Movimenta\u00e7\u00e3o de Cargas na Andrade Gutierrez: diversidade, inclus\u00e3o, desenvolvimento e ambiente seguro para o seu crescimento profissional. Confira a an\u00e1lise independente.","og_url":"https:\/\/mensagensdobem.com.br\/tr\/29a8c0e8-6093-4864-ab34-5db9982eb712\/","og_site_name":"MDB","article_published_time":"2025-10-17T13:48:00+00:00","article_modified_time":"2025-10-17T13:48:48+00:00","author":"Bruno Gianni","twitter_card":"summary_large_image","twitter_misc":{"Written by":"Bruno Gianni","Est. reading time":"2 dakika"},"schema":{"@context":"https:\/\/schema.org","@graph":[{"@type":"WebPage","@id":"https:\/\/mensagensdobem.com.br\/29a8c0e8-6093-4864-ab34-5db9982eb712\/","url":"https:\/\/mensagensdobem.com.br\/29a8c0e8-6093-4864-ab34-5db9982eb712\/","name":"Auxiliar de Movimenta\u00e7\u00e3o de Cargas na Andrade Gutierrez: destaque para inclus\u00e3o e desenvolvimento - MDB","isPartOf":{"@id":"https:\/\/mensagensdobem.com.br\/#website"},"datePublished":"2025-10-17T13:48:00+00:00","dateModified":"2025-10-17T13:48:48+00:00","author":{"@id":"https:\/\/mensagensdobem.com.br\/#\/schema\/person\/d52888235fd6563bd07d97185d6a61e4"},"breadcrumb":{"@id":"https:\/\/mensagensdobem.com.br\/29a8c0e8-6093-4864-ab34-5db9982eb712\/#breadcrumb"},"inLanguage":"tr","potentialAction":[{"@type":"ReadAction","target":["https:\/\/mensagensdobem.com.br\/29a8c0e8-6093-4864-ab34-5db9982eb712\/"]}]},{"@type":"BreadcrumbList","@id":"https:\/\/mensagensdobem.com.br\/29a8c0e8-6093-4864-ab34-5db9982eb712\/#breadcrumb","itemListElement":[{"@type":"ListItem","position":1,"name":"Home","item":"https:\/\/mensagensdobem.com.br\/"},{"@type":"ListItem","position":2,"name":"Auxiliar de Movimenta\u00e7\u00e3o de Cargas na Andrade Gutierrez: destaque para inclus\u00e3o e desenvolvimento"}]},{"@type":"WebSite","@id":"https:\/\/mensagensdobem.com.br\/#website","url":"https:\/\/mensagensdobem.com.br\/","name":"MDB","description":"","potentialAction":[{"@type":"SearchAction","target":{"@type":"EntryPoint","urlTemplate":"https:\/\/mensagensdobem.com.br\/?s={search_term_string}"},"query-input":"required name=search_term_string"}],"inLanguage":"tr"},{"@type":"Person","@id":"https:\/\/mensagensdobem.com.br\/#\/schema\/person\/d52888235fd6563bd07d97185d6a61e4","name":"Bruno Gianni","image":{"@type":"ImageObject","inLanguage":"tr","@id":"https:\/\/mensagensdobem.com.br\/#\/schema\/person\/image\/","url":"https:\/\/secure.gravatar.com\/avatar\/0f5d42d7bf77874643c1478932860e3f?s=96&d=mm&r=g","contentUrl":"https:\/\/secure.gravatar.com\/avatar\/0f5d42d7bf77874643c1478932860e3f?s=96&d=mm&r=g","caption":"Bruno Gianni"},"description":"Bruno writes the way he lives, with curiosity, care, and respect for people. He likes to observe, listen, and try to understand what is happening on the other side before putting any words on the page.For him, writing is not about impressing, but about getting closer. It is about turning thoughts into something simple, clear, and real. Every text is an ongoing conversation, created with care and honesty, with the sincere intention of touching someone, somewhere along the way.","url":"https:\/\/mensagensdobem.com.br\/tr\/author\/bcgianni\/"}]}},"_links":{"self":[{"href":"https:\/\/mensagensdobem.com.br\/tr\/wp-json\/wp\/v2\/posts\/2550"}],"collection":[{"href":"https:\/\/mensagensdobem.com.br\/tr\/wp-json\/wp\/v2\/posts"}],"about":[{"href":"https:\/\/mensagensdobem.com.br\/tr\/wp-json\/wp\/v2\/types\/post"}],"author":[{"embeddable":true,"href":"https:\/\/mensagensdobem.com.br\/tr\/wp-json\/wp\/v2\/users\/3"}],"replies":[{"embeddable":true,"href":"https:\/\/mensagensdobem.com.br\/tr\/wp-json\/wp\/v2\/comments?post=2550"}],"version-history":[{"count":1,"href":"https:\/\/mensagensdobem.com.br\/tr\/wp-json\/wp\/v2\/posts\/2550\/revisions"}],"predecessor-version":[{"id":2986,"href":"https:\/\/mensagensdobem.com.br\/tr\/wp-json\/wp\/v2\/posts\/2550\/revisions\/2986"}],"wp:attachment":[{"href":"https:\/\/mensagensdobem.com.br\/tr\/wp-json\/wp\/v2\/media?parent=2550"}],"wp:term":[{"taxonomy":"category","embeddable":true,"href":"https:\/\/mensagensdobem.com.br\/tr\/wp-json\/wp\/v2\/categories?post=2550"},{"taxonomy":"post_tag","embeddable":true,"href":"https:\/\/mensagensdobem.com.br\/tr\/wp-json\/wp\/v2\/tags?post=2550"}],"curies":[{"name":"wp","href":"https:\/\/api.w.org\/{rel}","templated":true}]}}