{"id":26003,"date":"2026-03-31T15:37:00","date_gmt":"2026-03-31T15:37:00","guid":{"rendered":"https:\/\/mensagensdobem.com.br\/f53102dc-a30c-4eac-bcfa-8f4bb60baca2\/"},"modified":"2026-03-31T15:37:24","modified_gmt":"2026-03-31T15:37:24","slug":"f53102dc-a30c-4eac-bcfa-8f4bb60baca2","status":"publish","type":"post","link":"https:\/\/mensagensdobem.com.br\/tr\/f53102dc-a30c-4eac-bcfa-8f4bb60baca2\/","title":{"rendered":"Vendedor Balconista: Benef\u00edcios CLT, hor\u00e1rio comercial e foco em atendimento"},"content":{"rendered":"<div class=\"mx-5 sm:mx-0 prose text-left mb-5\">\n<\/p>\n<div style=\"background: #ffffff; border-radius: 12px; box-shadow: 0 10px 30px rgba(0, 0, 0, 0.1); width: 100%; max-width: 340px; padding: 25px; transition: transform 0.3s ease-in-out; overflow: visible; display: flex; flex-direction: column; position: relative; border: 1px solid #28a745; margin-top: 70px; margin-bottom: 50px; margin-left: auto; margin-right: auto;\">\n<div style=\"position: absolute; top: -35px; right: 15px; color: #28a745; padding: 5px 10px; border-radius: 6px; font-size: 14px; font-weight: bold; display: flex; align-items: center; z-index: 10;\">Sizin i\u00e7in \u00f6nerilenler<\/div>\n<div data-namespace-header=\"\" style=\"\">\n<h3 data-namespace-title=\"\" style=\"color: #333; font-size: 20px; font-weight: bold; text-align: left; margin-right: 50px; min-height: 50px; margin-top: 0px;\">Sat\u0131\u015f Eleman\u0131\/Tezgah G\u00f6revlisi<\/h3>\n<\/p><\/div>\n<p data-namespace-prompt=\"\" style=\"font-size: 16px; color: #666; margin-bottom: 20px; line-height: 1.5; flex-grow: 1; text-align: left; margin-top: 0px;\">Atenda clientes, realize vendas e seja parte de uma equipe animada em ambiente CLT. Jornada est\u00e1vel, benef\u00edcios e chance de crescimento para quem entende de tintas e gosta de pessoas.<\/p>\n<p>    <a data-namespace-url=\"\" href=\"https:\/\/mensagensdobem.com.br\/tr\/redirect\/?https:\/\/www.catho.com.br\/vagas\/vendedor-balconista\/35050965\/?utm_campaign=google_jobs_apply&#038;utm_source=google_jobs_apply&#038;utm_medium=organic\" style=\"width: 100%; display: inline-block; color: white; text-decoration: none; border-radius: 6px; font-size: 16px; font-weight: bold; text-align: center; transition: transform 0.3s ease, background 0.3s ease; margin-top: auto;\" data-namespace-id=\"5c0d2565-3ba9-4280-a382-ad2a691e2285\"><br \/>\n        <button style=\"width: 100%; height: 55px; background: #e9e9ed; border: 1px solid black; color: black;\">\u0130\u015f ba\u015fvurusunda bulunun<\/button><br \/>\n    <\/a><br \/>\n    <small style=\"margin-top: 10px; color: #777; font-size: 12px; text-align: center; display: block;\">Ba\u015fka bir web sitesine y\u00f6nlendirileceksiniz<\/small>\n<\/div>\n<h2>\u0130\u015f ilan\u0131ndan neler beklemelisiniz?<\/h2>\n<p>O cargo de Vendedor Balconista oferece registro CLT com benef\u00edcios, incluindo vale transporte e ambiente de trabalho presencial em loja. O hor\u00e1rio \u00e9 est\u00e1vel, de segunda a s\u00e1bado, permitindo organiza\u00e7\u00e3o na rotina.<\/p>\n<p>O cotidiano inclui o atendimento ao cliente, orienta\u00e7\u00e3o sobre produtos de tintas e fechamento de negocia\u00e7\u00f5es. Ser\u00e3o necess\u00e1rios organiza\u00e7\u00e3o, reposi\u00e7\u00e3o e controle de estoque na loja.<\/p>\n<p>O perfil desejado requer experi\u00eancia em vendas ou balc\u00e3o, habilidade com p\u00fablico e conhecimento em tintas e produtos afins. Curso de vendas e inform\u00e1tica b\u00e1sica s\u00e3o diferenciais.<\/p>\n<p>Um diferencial \u00e9 o contato direto com clientes, proporcionando experi\u00eancias de atendimento e negocia\u00e7\u00e3o di\u00e1rias. O ambiente \u00e9 din\u00e2mico, com possibilidades de aprendizado constante.<\/p>\n<p>O processo seletivo valoriza candidatos com interesse em crescimento no varejo, proatividade e capacidade de lidar com m\u00faltiplas tarefas simultaneamente.<\/p>\n<h2>Destaques e rotinas do dia a dia<\/h2>\n<p>A rotina envolve atender, ouvir o cliente e entender suas necessidades. Al\u00e9m disso, orientar na escolha dos produtos \u00e9 parte fundamental do trabalho.<\/p>\n<p>Cada venda \u00e9 uma negocia\u00e7\u00e3o que exige paci\u00eancia e aten\u00e7\u00e3o. Organiza\u00e7\u00e3o nas prateleiras e estoque garantem o bom funcionamento do dia a dia.<\/p>\n<p>A emiss\u00e3o de pedidos e o controle de produtos complementam as atividades, junto ao uso de sistemas simples de inform\u00e1tica para registrar transa\u00e7\u00f5es.<\/p>\n<p>O ambiente de trabalho valoriza a comunica\u00e7\u00e3o e a habilidade de criar boas rela\u00e7\u00f5es, tornando o clima positivo e colaborativo na equipe.<\/p>\n<p>O contato com produtos variados amplia o conhecimento sobre tintas e demanda atualiza\u00e7\u00e3o constante sobre novidades do setor.<\/p>\n<h2>Ba\u015fl\u0131ca avantajlar<\/h2>\n<p>Trabalhar como Vendedor Balconista garante estabilidade de registro CLT e benef\u00edcios, trazendo tranquilidade ao profissional.<\/p>\n<p>O hor\u00e1rio comercial, especialmente aos s\u00e1bados at\u00e9 o meio-dia, possibilita concilia\u00e7\u00e3o com outras atividades pessoais e familiares.<\/p>\n<p>O contato direto com pessoas desenvolve habilidades de comunica\u00e7\u00e3o e negocia\u00e7\u00e3o, valorizadas em diversas \u00e1reas do varejo.<\/p>\n<p>O acesso frequente a treinamentos e reciclagens torna o conhecimento em vendas ainda mais s\u00f3lido.<\/p>\n<p>H\u00e1 perspectiva de crescimento interno para colaboradores motivados e atentos ao bom relacionamento com clientes e equipe.<\/p>\n<h2>Dikkat noktalar\u0131<\/h2>\n<p>A exig\u00eancia de conhecimento espec\u00edfico em tintas pode limitar candidatos sem experi\u00eancias pr\u00e9vias no segmento.<\/p>\n<p>Algumas atividades, como organiza\u00e7\u00e3o e reposi\u00e7\u00e3o, podem se tornar repetitivas com o tempo, exigindo disciplina.<\/p>\n<p>Esporadicamente, lidar com clientes insatisfeitos traz desafios no cotidiano, demandando paci\u00eancia e postura profissional.<\/p>\n<p>O trabalho \u00e9 totalmente presencial, limitando a flexibilidade de quem busca modelos h\u00edbridos ou home office.<\/p>\n<p>Per\u00edodos de maior movimento podem gerar press\u00e3o nos atendimentos e no cumprimento de metas de venda.<\/p>\n<h2>Karar<\/h2>\n<p>A posi\u00e7\u00e3o de Vendedor Balconista \u00e9 recomendada para quem valoriza estabilidade, desenvolvimento profissional e contato pr\u00f3ximo com clientes.<\/p>\n<p>\u00c9 uma excelente oportunidade para quem deseja atuar em vendas f\u00edsicas, com benef\u00edcios CLT e jornada previs\u00edvel.<\/p>\n<p>Os desafios s\u00e3o proporcionais aos aprendizados, principalmente para perfis proativos e comunicativos.<\/p>\n<p>Caso o seu perfil corresponda aos requisitos, vale a pena investir nesta carreira e se candidatar.<\/p>\n<p>Considere com aten\u00e7\u00e3o se procura um ambiente de loja f\u00edsica e oportunidades de crescimento no varejo.<\/p>\n<div style=\"background: #ffffff; border-radius: 12px; box-shadow: 0 10px 30px rgba(0, 0, 0, 0.1); width: 100%; max-width: 340px; padding: 25px; transition: transform 0.3s ease-in-out; overflow: visible; display: flex; flex-direction: column; position: relative; border: 1px solid #28a745; margin-top: 70px; margin-bottom: 50px; margin-left: auto; margin-right: auto;\">\n<div style=\"position: absolute; top: -35px; right: 15px; color: #28a745; padding: 5px 10px; border-radius: 6px; font-size: 14px; font-weight: bold; display: flex; align-items: center; z-index: 10;\">Sizin i\u00e7in \u00f6nerilenler<\/div>\n<div data-namespace-header=\"\" style=\"\">\n<h3 data-namespace-title=\"\" style=\"color: #333; font-size: 20px; font-weight: bold; text-align: left; margin-right: 50px; min-height: 50px; margin-top: 0px;\">Sat\u0131\u015f Eleman\u0131\/Tezgah G\u00f6revlisi<\/h3>\n<\/p><\/div>\n<p data-namespace-prompt=\"\" style=\"font-size: 16px; color: #666; margin-bottom: 20px; line-height: 1.5; flex-grow: 1; text-align: left; margin-top: 0px;\">Atenda clientes, realize vendas e seja parte de uma equipe animada em ambiente CLT. Jornada est\u00e1vel, benef\u00edcios e chance de crescimento para quem entende de tintas e gosta de pessoas.<\/p>\n<p>    <a data-namespace-url=\"\" href=\"https:\/\/mensagensdobem.com.br\/tr\/redirect\/?https:\/\/www.catho.com.br\/vagas\/vendedor-balconista\/35050965\/?utm_campaign=google_jobs_apply&#038;utm_source=google_jobs_apply&#038;utm_medium=organic\" style=\"width: 100%; display: inline-block; color: white; text-decoration: none; border-radius: 6px; font-size: 16px; font-weight: bold; text-align: center; transition: transform 0.3s ease, background 0.3s ease; margin-top: auto;\" data-namespace-id=\"5c0d2565-3ba9-4280-a382-ad2a691e2285\"><br \/>\n        <button style=\"width: 100%; height: 55px; background: #e9e9ed; border: 1px solid black; color: black;\">\u0130\u015f ba\u015fvurusunda bulunun<\/button><br \/>\n    <\/a><br \/>\n    <small style=\"margin-top: 10px; color: #777; font-size: 12px; text-align: center; display: block;\">Ba\u015fka bir web sitesine y\u00f6nlendirileceksiniz<\/small>\n<\/div>\n<\/div>","protected":false},"excerpt":{"rendered":"<p>Confira nossa an\u00e1lise da vaga de Vendedor Balconista CLT, com jornada est\u00e1vel, benef\u00edcios e ambiente de loja. Potencial ideal para quem gosta de atender pessoas e crescer em vendas.<\/p>","protected":false},"author":3,"featured_media":0,"comment_status":"open","ping_status":"open","sticky":false,"template":"","format":"standard","meta":{"footnotes":""},"categories":[8],"tags":[],"yoast_head":"<!-- This site is optimized with the Yoast SEO plugin v23.3 - https:\/\/yoast.com\/wordpress\/plugins\/seo\/ -->\n<title>Vendedor Balconista: Benef\u00edcios CLT, hor\u00e1rio comercial e foco em atendimento - MDB<\/title>\n<meta name=\"robots\" content=\"index, follow, max-snippet:-1, max-image-preview:large, max-video-preview:-1\" \/>\n<link rel=\"canonical\" href=\"https:\/\/mensagensdobem.com.br\/tr\/f53102dc-a30c-4eac-bcfa-8f4bb60baca2\/\" \/>\n<meta property=\"og:locale\" content=\"tr_TR\" \/>\n<meta property=\"og:type\" content=\"article\" \/>\n<meta property=\"og:title\" content=\"Vendedor Balconista: Benef\u00edcios CLT, hor\u00e1rio comercial e foco em atendimento - MDB\" \/>\n<meta property=\"og:description\" content=\"Confira nossa an\u00e1lise da vaga de Vendedor Balconista CLT, com jornada est\u00e1vel, benef\u00edcios e ambiente de loja. Potencial ideal para quem gosta de atender pessoas e crescer em vendas.\" \/>\n<meta property=\"og:url\" content=\"https:\/\/mensagensdobem.com.br\/tr\/f53102dc-a30c-4eac-bcfa-8f4bb60baca2\/\" \/>\n<meta property=\"og:site_name\" content=\"MDB\" \/>\n<meta property=\"article:published_time\" content=\"2026-03-31T15:37:00+00:00\" \/>\n<meta property=\"article:modified_time\" content=\"2026-03-31T15:37:24+00:00\" \/>\n<meta name=\"author\" content=\"Bruno Gianni\" \/>\n<meta name=\"twitter:card\" content=\"summary_large_image\" \/>\n<meta name=\"twitter:label1\" content=\"Written by\" \/>\n\t<meta name=\"twitter:data1\" content=\"Bruno Gianni\" \/>\n\t<meta name=\"twitter:label2\" content=\"Est. reading time\" \/>\n\t<meta name=\"twitter:data2\" content=\"3 dakika\" \/>\n<script type=\"application\/ld+json\" class=\"yoast-schema-graph\">{\"@context\":\"https:\/\/schema.org\",\"@graph\":[{\"@type\":\"WebPage\",\"@id\":\"https:\/\/mensagensdobem.com.br\/f53102dc-a30c-4eac-bcfa-8f4bb60baca2\/\",\"url\":\"https:\/\/mensagensdobem.com.br\/f53102dc-a30c-4eac-bcfa-8f4bb60baca2\/\",\"name\":\"Vendedor Balconista: Benef\u00edcios CLT, hor\u00e1rio comercial e foco em atendimento - MDB\",\"isPartOf\":{\"@id\":\"https:\/\/mensagensdobem.com.br\/#website\"},\"datePublished\":\"2026-03-31T15:37:00+00:00\",\"dateModified\":\"2026-03-31T15:37:24+00:00\",\"author\":{\"@id\":\"https:\/\/mensagensdobem.com.br\/#\/schema\/person\/d52888235fd6563bd07d97185d6a61e4\"},\"breadcrumb\":{\"@id\":\"https:\/\/mensagensdobem.com.br\/f53102dc-a30c-4eac-bcfa-8f4bb60baca2\/#breadcrumb\"},\"inLanguage\":\"tr\",\"potentialAction\":[{\"@type\":\"ReadAction\",\"target\":[\"https:\/\/mensagensdobem.com.br\/f53102dc-a30c-4eac-bcfa-8f4bb60baca2\/\"]}]},{\"@type\":\"BreadcrumbList\",\"@id\":\"https:\/\/mensagensdobem.com.br\/f53102dc-a30c-4eac-bcfa-8f4bb60baca2\/#breadcrumb\",\"itemListElement\":[{\"@type\":\"ListItem\",\"position\":1,\"name\":\"Home\",\"item\":\"https:\/\/mensagensdobem.com.br\/\"},{\"@type\":\"ListItem\",\"position\":2,\"name\":\"Vendedor Balconista: Benef\u00edcios CLT, hor\u00e1rio comercial e foco em atendimento\"}]},{\"@type\":\"WebSite\",\"@id\":\"https:\/\/mensagensdobem.com.br\/#website\",\"url\":\"https:\/\/mensagensdobem.com.br\/\",\"name\":\"MDB\",\"description\":\"\",\"potentialAction\":[{\"@type\":\"SearchAction\",\"target\":{\"@type\":\"EntryPoint\",\"urlTemplate\":\"https:\/\/mensagensdobem.com.br\/?s={search_term_string}\"},\"query-input\":\"required name=search_term_string\"}],\"inLanguage\":\"tr\"},{\"@type\":\"Person\",\"@id\":\"https:\/\/mensagensdobem.com.br\/#\/schema\/person\/d52888235fd6563bd07d97185d6a61e4\",\"name\":\"Bruno Gianni\",\"image\":{\"@type\":\"ImageObject\",\"inLanguage\":\"tr\",\"@id\":\"https:\/\/mensagensdobem.com.br\/#\/schema\/person\/image\/\",\"url\":\"https:\/\/secure.gravatar.com\/avatar\/0f5d42d7bf77874643c1478932860e3f?s=96&d=mm&r=g\",\"contentUrl\":\"https:\/\/secure.gravatar.com\/avatar\/0f5d42d7bf77874643c1478932860e3f?s=96&d=mm&r=g\",\"caption\":\"Bruno Gianni\"},\"description\":\"Bruno writes the way he lives, with curiosity, care, and respect for people. He likes to observe, listen, and try to understand what is happening on the other side before putting any words on the page.For him, writing is not about impressing, but about getting closer. It is about turning thoughts into something simple, clear, and real. Every text is an ongoing conversation, created with care and honesty, with the sincere intention of touching someone, somewhere along the way.\",\"url\":\"https:\/\/mensagensdobem.com.br\/tr\/author\/bcgianni\/\"}]}<\/script>\n<!-- \/ Yoast SEO plugin. -->","yoast_head_json":{"title":"Vendedor Balconista: Benef\u00edcios CLT, hor\u00e1rio comercial e foco em atendimento - MDB","robots":{"index":"index","follow":"follow","max-snippet":"max-snippet:-1","max-image-preview":"max-image-preview:large","max-video-preview":"max-video-preview:-1"},"canonical":"https:\/\/mensagensdobem.com.br\/tr\/f53102dc-a30c-4eac-bcfa-8f4bb60baca2\/","og_locale":"tr_TR","og_type":"article","og_title":"Vendedor Balconista: Benef\u00edcios CLT, hor\u00e1rio comercial e foco em atendimento - MDB","og_description":"Confira nossa an\u00e1lise da vaga de Vendedor Balconista CLT, com jornada est\u00e1vel, benef\u00edcios e ambiente de loja. Potencial ideal para quem gosta de atender pessoas e crescer em vendas.","og_url":"https:\/\/mensagensdobem.com.br\/tr\/f53102dc-a30c-4eac-bcfa-8f4bb60baca2\/","og_site_name":"MDB","article_published_time":"2026-03-31T15:37:00+00:00","article_modified_time":"2026-03-31T15:37:24+00:00","author":"Bruno Gianni","twitter_card":"summary_large_image","twitter_misc":{"Written by":"Bruno Gianni","Est. reading time":"3 dakika"},"schema":{"@context":"https:\/\/schema.org","@graph":[{"@type":"WebPage","@id":"https:\/\/mensagensdobem.com.br\/f53102dc-a30c-4eac-bcfa-8f4bb60baca2\/","url":"https:\/\/mensagensdobem.com.br\/f53102dc-a30c-4eac-bcfa-8f4bb60baca2\/","name":"Vendedor Balconista: Benef\u00edcios CLT, hor\u00e1rio comercial e foco em atendimento - MDB","isPartOf":{"@id":"https:\/\/mensagensdobem.com.br\/#website"},"datePublished":"2026-03-31T15:37:00+00:00","dateModified":"2026-03-31T15:37:24+00:00","author":{"@id":"https:\/\/mensagensdobem.com.br\/#\/schema\/person\/d52888235fd6563bd07d97185d6a61e4"},"breadcrumb":{"@id":"https:\/\/mensagensdobem.com.br\/f53102dc-a30c-4eac-bcfa-8f4bb60baca2\/#breadcrumb"},"inLanguage":"tr","potentialAction":[{"@type":"ReadAction","target":["https:\/\/mensagensdobem.com.br\/f53102dc-a30c-4eac-bcfa-8f4bb60baca2\/"]}]},{"@type":"BreadcrumbList","@id":"https:\/\/mensagensdobem.com.br\/f53102dc-a30c-4eac-bcfa-8f4bb60baca2\/#breadcrumb","itemListElement":[{"@type":"ListItem","position":1,"name":"Home","item":"https:\/\/mensagensdobem.com.br\/"},{"@type":"ListItem","position":2,"name":"Vendedor Balconista: Benef\u00edcios CLT, hor\u00e1rio comercial e foco em atendimento"}]},{"@type":"WebSite","@id":"https:\/\/mensagensdobem.com.br\/#website","url":"https:\/\/mensagensdobem.com.br\/","name":"MDB","description":"","potentialAction":[{"@type":"SearchAction","target":{"@type":"EntryPoint","urlTemplate":"https:\/\/mensagensdobem.com.br\/?s={search_term_string}"},"query-input":"required name=search_term_string"}],"inLanguage":"tr"},{"@type":"Person","@id":"https:\/\/mensagensdobem.com.br\/#\/schema\/person\/d52888235fd6563bd07d97185d6a61e4","name":"Bruno Gianni","image":{"@type":"ImageObject","inLanguage":"tr","@id":"https:\/\/mensagensdobem.com.br\/#\/schema\/person\/image\/","url":"https:\/\/secure.gravatar.com\/avatar\/0f5d42d7bf77874643c1478932860e3f?s=96&d=mm&r=g","contentUrl":"https:\/\/secure.gravatar.com\/avatar\/0f5d42d7bf77874643c1478932860e3f?s=96&d=mm&r=g","caption":"Bruno Gianni"},"description":"Bruno writes the way he lives, with curiosity, care, and respect for people. He likes to observe, listen, and try to understand what is happening on the other side before putting any words on the page.For him, writing is not about impressing, but about getting closer. It is about turning thoughts into something simple, clear, and real. Every text is an ongoing conversation, created with care and honesty, with the sincere intention of touching someone, somewhere along the way.","url":"https:\/\/mensagensdobem.com.br\/tr\/author\/bcgianni\/"}]}},"_links":{"self":[{"href":"https:\/\/mensagensdobem.com.br\/tr\/wp-json\/wp\/v2\/posts\/26003"}],"collection":[{"href":"https:\/\/mensagensdobem.com.br\/tr\/wp-json\/wp\/v2\/posts"}],"about":[{"href":"https:\/\/mensagensdobem.com.br\/tr\/wp-json\/wp\/v2\/types\/post"}],"author":[{"embeddable":true,"href":"https:\/\/mensagensdobem.com.br\/tr\/wp-json\/wp\/v2\/users\/3"}],"replies":[{"embeddable":true,"href":"https:\/\/mensagensdobem.com.br\/tr\/wp-json\/wp\/v2\/comments?post=26003"}],"version-history":[{"count":1,"href":"https:\/\/mensagensdobem.com.br\/tr\/wp-json\/wp\/v2\/posts\/26003\/revisions"}],"predecessor-version":[{"id":26009,"href":"https:\/\/mensagensdobem.com.br\/tr\/wp-json\/wp\/v2\/posts\/26003\/revisions\/26009"}],"wp:attachment":[{"href":"https:\/\/mensagensdobem.com.br\/tr\/wp-json\/wp\/v2\/media?parent=26003"}],"wp:term":[{"taxonomy":"category","embeddable":true,"href":"https:\/\/mensagensdobem.com.br\/tr\/wp-json\/wp\/v2\/categories?post=26003"},{"taxonomy":"post_tag","embeddable":true,"href":"https:\/\/mensagensdobem.com.br\/tr\/wp-json\/wp\/v2\/tags?post=26003"}],"curies":[{"name":"wp","href":"https:\/\/api.w.org\/{rel}","templated":true}]}}