{"id":796,"date":"2025-02-15T15:04:52","date_gmt":"2025-02-15T15:04:52","guid":{"rendered":"https:\/\/mensagensdobem.com.br\/?p=796"},"modified":"2025-02-11T15:17:12","modified_gmt":"2025-02-11T15:17:12","slug":"afirmacoes-diarias-para-confianca","status":"publish","type":"post","link":"https:\/\/mensagensdobem.com.br\/tr\/afirmacoes-diarias-para-confianca\/","title":{"rendered":"Kelimelerin G\u00fcc\u00fc: G\u00fcven ve Refah \u0130\u00e7in G\u00fcnl\u00fck Olumlamalar"},"content":{"rendered":"<!--advertisement--><div class=\"mx-5 sm:mx-0 sm:text-3xl text-2xl font-medium title-font mb-4 text-gray-900 text-left\">\n<h2 class=\"wp-block-heading\">Zihninizi g\u00fcnl\u00fck olumlamalarla yeniden programlay\u0131n ve \u00f6zg\u00fcveninizi her g\u00fcn g\u00fc\u00e7lendirin!<\/h2>\n<\/div><div class=\"mx-5 sm:mx-0 prose leading-relaxed text-lg mb-5 text-left wp-paragraph\">\n<p>\u00d6zg\u00fcveninizi art\u0131rmak i\u00e7in g\u00fcnl\u00fck olarak yapt\u0131\u011f\u0131n\u0131z olumlamalar sadece kelimelerden ibaret de\u011fildir; bunlar, zihniyetinizi d\u00f6n\u00fc\u015ft\u00fcrme ve \u00f6z sayg\u0131n\u0131z\u0131 g\u00fc\u00e7lendirme g\u00fcc\u00fcne sahiptir.&nbsp;<\/p>\n<\/div><div class=\"mx-5 sm:mx-0 prose leading-relaxed text-lg mb-5 text-left wp-paragraph\">\n<p>Her g\u00fcn olumlu c\u00fcmleleri tekrarlad\u0131\u011f\u0131m\u0131zda, beynimizi kendimizdeki ve \u00e7evremizdeki d\u00fcnyadaki en iyiyi g\u00f6rmeye e\u011fitiyoruz.&nbsp;<\/p>\n<\/div><div class=\"mx-5 sm:mx-0 prose leading-relaxed text-lg mb-5 text-left wp-paragraph\">\n<p>Ve inan\u0131n bana, bu uygulama hissetme ve davranma \u015feklinizde b\u00fcy\u00fck bir fark yaratabilir!<\/p>\n<\/div><div class=\"mx-5 sm:mx-0 prose leading-relaxed text-lg mb-5 text-left wp-paragraph\">\n<p>Peki, hayat\u0131n\u0131z\u0131 kelimelerin g\u00fcc\u00fcyle d\u00f6n\u00fc\u015ft\u00fcrmeye bug\u00fcn ba\u015flamaya ne dersiniz?<\/p>\n<\/div><div class=\"mx-5 sm:mx-0 prose leading-relaxed text-lg mb-5 text-left wp-paragraph\">\n<p>Bu yaz\u0131da, \u00f6zg\u00fcveninizi ve iyili\u011finizi g\u00fc\u00e7lendirmek i\u00e7in olumlamalar\u0131 basit ve etkili bir \u015fekilde nas\u0131l olu\u015fturaca\u011f\u0131n\u0131z\u0131 ve kullanaca\u011f\u0131n\u0131z\u0131 ke\u015ffedeceksiniz. Hadi gidelim!<\/p>\n<\/div><!--advertisement--><div class=\"mx-5 sm:mx-0 sm:text-3xl text-2xl font-medium title-font mb-4 text-gray-900 text-left\">\n<h2 class=\"wp-block-heading\">G\u00fcnl\u00fck olumlamalar nelerdir?<\/h2>\n<\/div><div class=\"mx-5 sm:mx-0 prose leading-relaxed text-lg mb-5 text-left wp-paragraph\">\n<p>G\u00fcnl\u00fck olumlamalar zihni yeniden programlamak i\u00e7in kas\u0131tl\u0131 olarak tekrarlanan olumlu ifadelerdir.&nbsp;<\/p>\n<\/div><div class=\"mx-5 sm:mx-0 prose leading-relaxed text-lg mb-5 text-left wp-paragraph\">\n<p>Yeni d\u00fc\u015f\u00fcnce kal\u0131plar\u0131 yaratmaya yard\u0131mc\u0131 olur ve davran\u0131\u015f ve \u00f6z sayg\u0131da de\u011fi\u015fikliklere yol a\u00e7ar.<\/p>\n<\/div><div class=\"mx-5 sm:mx-0 prose leading-relaxed text-lg mb-5 text-left wp-paragraph\">\n<p>Bu ifadeler d\u00fczenli olarak uyguland\u0131\u011f\u0131nda kendiniz ve yetenekleriniz hakk\u0131ndaki olumlu inan\u00e7lar\u0131n\u0131z\u0131 g\u00fc\u00e7lendirir.&nbsp;<\/p>\n<\/div><div class=\"mx-5 sm:mx-0 prose leading-relaxed text-lg mb-5 text-left wp-paragraph\">\n<p>B\u00f6ylece zihniniz s\u0131n\u0131rlamalara de\u011fil, m\u00fcmk\u00fcn olana odaklanmaya ba\u015flar.<\/p>\n<\/div><div class=\"mx-5 sm:mx-0 prose leading-relaxed text-lg mb-5 text-left wp-paragraph\">\n<p>G\u00fcven i\u00e7in g\u00fcnl\u00fck olumlamalar zihinsel bir e\u011fitim gibi \u00e7al\u0131\u015f\u0131r, \u015f\u00fcphe ve g\u00fcvensizlik duygular\u0131n\u0131 cesaretlendirici d\u00fc\u015f\u00fcncelerle de\u011fi\u015ftirir.&nbsp;<\/p>\n<\/div><!--advertisement--><div class=\"mx-5 sm:mx-0 sm:text-3xl text-2xl font-medium title-font mb-4 text-gray-900 text-left\">\n<h2 class=\"wp-block-heading\">Olumlamalar esenlik i\u00e7in neden \u00f6nemlidir?<\/h2>\n<\/div><!--image--><div class=\"px-5 sm:px-0 sm:w-[800px] sm:ml-[50%] sm:-translate-x-2\/4 rounded-lg overflow-hidden mb-5 text-center\">\n<figure class=\"wp-block-image size-full\"><img decoding=\"async\" width=\"800\" height=\"384\" loading=\"lazy\" src=\"https:\/\/mensagensdobem.com.br\/wp-content\/uploads\/sites\/131\/2025\/02\/Design-sem-nome-2025-02-11T120859.754.png\" alt=\"As afirma\u00e7\u00f5es di\u00e1rias podem impactar o seu c\u00e9rebro e emo\u00e7\u00f5es. Fonte: Canva.\" class=\"w-full object-cover object-center border mx-auto wp-image-798\" srcset=\"https:\/\/mensagensdobem.com.br\/wp-content\/uploads\/sites\/131\/2025\/02\/Design-sem-nome-2025-02-11T120859.754.png 800w, https:\/\/mensagensdobem.com.br\/wp-content\/uploads\/sites\/131\/2025\/02\/Design-sem-nome-2025-02-11T120859.754-300x144.png 300w, https:\/\/mensagensdobem.com.br\/wp-content\/uploads\/sites\/131\/2025\/02\/Design-sem-nome-2025-02-11T120859.754-768x369.png 768w, https:\/\/mensagensdobem.com.br\/wp-content\/uploads\/sites\/131\/2025\/02\/Design-sem-nome-2025-02-11T120859.754-18x9.png 18w\" sizes=\"(max-width: 800px) 100vw, 800px\" \/><figcaption class=\"mt-5 text-xs text-center border-b pb-4\">G\u00fcnl\u00fck olumlamalar beyninizi ve duygular\u0131n\u0131z\u0131 etkileyebilir. Kaynak: Canva.<\/figcaption><\/figure>\n<\/div><!--image--><div class=\"mx-5 sm:mx-0 prose leading-relaxed text-lg mb-5 text-left wp-paragraph\">\n<p>D\u00fc\u015f\u00fcncelerimiz duygular\u0131m\u0131z\u0131 ve davran\u0131\u015flar\u0131m\u0131z\u0131 do\u011frudan etkiler.&nbsp;<\/p>\n<\/div><div class=\"mx-5 sm:mx-0 prose leading-relaxed text-lg mb-5 text-left wp-paragraph\">\n<p>Olumlu telkinleri geli\u015ftirerek stresi azalt\u0131r, dayan\u0131kl\u0131l\u0131\u011f\u0131 art\u0131r\u0131r ve daha dengeli bir refah durumuna ula\u015fmam\u0131z\u0131 sa\u011flar\u0131z.<\/p>\n<\/div><div class=\"mx-5 sm:mx-0 prose leading-relaxed text-lg mb-5 text-left wp-paragraph\">\n<p>Ayr\u0131ca bu uygulama n\u00f6roplastisiteyi, yani beynin yeni ba\u011flant\u0131lar yaratma yetene\u011fini de harekete ge\u00e7iriyor.&nbsp;<\/p>\n<\/div><div class=\"mx-5 sm:mx-0 prose leading-relaxed text-lg mb-5 text-left wp-paragraph\">\n<p>Bu, zihnimizi daha iyimser d\u00fc\u015f\u00fcnecek \u015fekilde yeniden programlayabilece\u011fimiz anlam\u0131na geliyor.<\/p>\n<\/div><div class=\"mx-5 sm:mx-0 prose leading-relaxed text-lg mb-5 text-left wp-paragraph\">\n<p>Bu nedenle, \u00f6zg\u00fcven i\u00e7in g\u00fcnl\u00fck olumlamalar kendinizle daha sa\u011fl\u0131kl\u0131 bir ili\u015fki kurman\u0131za, \u00f6z \u015fefkati ve motivasyonu te\u015fvik etmenize yard\u0131mc\u0131 olur.<\/p>\n<\/div><!--advertisement--><div class=\"mx-5 sm:mx-0 sm:text-3xl text-2xl font-medium title-font mb-4 text-gray-900 text-left\">\n<h2 class=\"wp-block-heading\">\u00d6zg\u00fcveni ve refah\u0131 art\u0131rmak i\u00e7in olumlamalar\u0131n pratik \u00f6rnekleri<\/h2>\n<\/div><div class=\"mx-5 sm:mx-0 prose leading-relaxed text-lg mb-5 text-left wp-paragraph\">\n<p>\u00d6zg\u00fcveninizi art\u0131rmak ve zihniyetinizi d\u00f6n\u00fc\u015ft\u00fcrmek i\u00e7in olumlu telkinleri kendinize uygulaman\u0131z g\u00fc\u00e7l\u00fc bir ara\u00e7t\u0131r.\u00a0<\/p>\n<\/div><div class=\"mx-5 sm:mx-0 prose leading-relaxed text-lg mb-5 text-left wp-paragraph\">\n<p>Her g\u00fcn refah\u0131 ve g\u00fcvenli\u011fi geli\u015ftirmek i\u00e7in ilham verici ifadeleri ke\u015ffedin!<\/p>\n<\/div><!--advertisement--><div class=\"mx-5 sm:mx-0 sm:text-3xl text-2xl font-medium title-font mb-4 text-gray-900 text-left\">\n<h3 class=\"wp-block-heading\">\u00d6zg\u00fcveni artt\u0131racak ifadeler<\/h3>\n<\/div><div class=\"mx-5 sm:mx-0 prose text-left mb-5\">\n<ul><div class=\"mx-5 sm:mx-0 prose text-left mb-5\">\n<li><strong>Potansiyelinize inan\u0131n<\/strong> \u2013 \u015eu ifadeleri tekrarlay\u0131n: <em>\u201cZorluklar\u0131n \u00fcstesinden gelebilecek kapasitedeyim\u201d<\/em> \u00d6zg\u00fcveninizi g\u00fc\u00e7lendirmek ve daha olumlu bir d\u00fc\u015f\u00fcnce yap\u0131s\u0131na sahip olmak i\u00e7in.<\/li>\n<\/div>\n\n<div class=\"mx-5 sm:mx-0 prose text-left mb-5\">\n<li><strong>Ba\u015far\u0131lar\u0131n\u0131z\u0131 de\u011ferlendirin<\/strong> - S\u00f6ylemek <em>\u201cHer g\u00fcn ilerlememi fark ediyor ve kutluyorum\u201d<\/em> \u00d6zg\u00fcveninizi g\u00fc\u00e7lendirmek ve s\u00fcrekli geli\u015fiminizi fark etmek i\u00e7in.<\/li>\n<\/div>\n\n<div class=\"mx-5 sm:mx-0 prose text-left mb-5\">\n<li><strong>G\u00fcven \u0130\u00e7in G\u00fcnl\u00fck Olumlamalar\u0131 Kullan\u0131n<\/strong> \u2013 \u015eu ifadeler gibi: <em>\u201cKendime ve yoluma g\u00fcveniyorum\u201d<\/em> g\u00fcvensizlikleri g\u00fcven ve kararl\u0131l\u0131\u011fa d\u00f6n\u00fc\u015ft\u00fcrmeye yard\u0131mc\u0131 olur.<\/li>\n<\/div>\n\n<div class=\"mx-5 sm:mx-0 prose text-left mb-5\">\n<li><strong>\u00d6zg\u00fcnl\u00fc\u011f\u00fcn\u00fcz\u00fc g\u00fc\u00e7lendirin<\/strong> \u2013 Onaylamak <em>&quot;Ben oldu\u011fum gibi yeterliyim&quot;<\/em> Niteliklerinizi kabul edin ve sahip oldu\u011funuz e\u015fsiz de\u011feri fark edin.<\/li>\n<\/div>\n\n<div class=\"mx-5 sm:mx-0 prose text-left mb-5\">\n<li><strong>Zorluklarla cesaretle y\u00fczle\u015fin<\/strong> - S\u00f6ylemek <em>\u201cHerhangi bir durumla g\u00fcvenle ve dinginlikle y\u00fczle\u015fiyorum\u201d<\/em> G\u00fcnl\u00fck hayat\u0131n\u0131zda kendinizi zihinsel olarak haz\u0131rlay\u0131p daha g\u00fcvenli hareket edebilmenizi sa\u011flar.<\/li>\n<\/div><\/ul>\n<\/div><!--advertisement--><div class=\"mx-5 sm:mx-0 sm:text-3xl text-2xl font-medium title-font mb-4 text-gray-900 text-left\">\n<h3 class=\"wp-block-heading\">Duygusal Refah\u0131 \u0130yile\u015ftirmek \u0130\u00e7in Olumlamalar<\/h3>\n<\/div><div class=\"mx-5 sm:mx-0 prose text-left mb-5\">\n<ul><div class=\"mx-5 sm:mx-0 prose text-left mb-5\">\n<li><strong>\u0130\u00e7 huzuru geli\u015ftirin<\/strong> - Tekrarlamak <em>\u201cSakinim ve her durumda dinginlik buluyorum\u201d<\/em> Duygular\u0131n\u0131z\u0131 dengelemek ve zorluklarla daha iyi ba\u015fa \u00e7\u0131kmak i\u00e7in.<\/li>\n<\/div>\n\n<div class=\"mx-5 sm:mx-0 prose text-left mb-5\">\n<li><strong>Kendinize \u015fefkat g\u00f6sterin<\/strong> - S\u00f6ylemek <em>\u201cKendime kar\u015f\u0131 nazik ve sayg\u0131l\u0131 davran\u0131yorum\u201d<\/em> G\u00fcnl\u00fck hayat\u0131n\u0131zda \u00f6z sevginizi g\u00fc\u00e7lendirmek ve a\u015f\u0131r\u0131 \u00f6z ele\u015ftiriyi azaltmak i\u00e7in.<\/li>\n<\/div>\n\n<div class=\"mx-5 sm:mx-0 prose text-left mb-5\">\n<li><strong>G\u00fcven \u0130\u00e7in G\u00fcnl\u00fck Olumlamalar\u0131 Kullan\u0131n<\/strong> \u2013 \u015eu ifadeler gibi: <em>&quot;Mutlu olmay\u0131 hak ediyorum ve duygusal geli\u015fimime g\u00fcveniyorum&quot;<\/em> Kal\u0131c\u0131, olumlu bir refah\u0131n in\u015fas\u0131na yard\u0131mc\u0131 olur.<\/li>\n<\/div>\n\n<div class=\"mx-5 sm:mx-0 prose text-left mb-5\">\n<li><strong>\u015eimdiki zaman\u0131 kucaklay\u0131n<\/strong> \u2013 Onaylamak <em>\u201cHer an\u0131n tad\u0131n\u0131 \u015f\u00fckran ve hafiflikle \u00e7\u0131kar\u0131yorum\u201d<\/em> Daha tatmin edici bir zihniyet geli\u015ftirmek ve g\u00fcnl\u00fck stresi azaltmak.<\/li>\n<\/div>\n\n<div class=\"mx-5 sm:mx-0 prose text-left mb-5\">\n<li><strong>Duygusal enerjinizi g\u00fc\u00e7lendirin<\/strong> - S\u00f6ylemek <em>&quot;Zihnimi ve ruhumu besleyen d\u00fc\u015f\u00fcnceleri se\u00e7iyorum&quot;<\/em> daha sa\u011fl\u0131kl\u0131 ve dengeli bir i\u00e7 mekan ortam\u0131 yaratmak.<\/li>\n<\/div><\/ul>\n<\/div><!--advertisement--><div class=\"mx-5 sm:mx-0 sm:text-3xl text-2xl font-medium title-font mb-4 text-gray-900 text-left\">\n<h3 class=\"wp-block-heading\">Olumlu bir zihniyet i\u00e7in kelimeler<\/h3>\n<\/div><div class=\"mx-5 sm:mx-0 prose text-left mb-5\">\n<ul><div class=\"mx-5 sm:mx-0 prose text-left mb-5\">\n<li><strong>Zorluklar\u0131 f\u0131rsata d\u00f6n\u00fc\u015ft\u00fcr\u00fcn<\/strong> - Tekrarlamak <em>\u201cHer engel b\u00fcy\u00fcmek i\u00e7in bir \u015fanst\u0131r\u201d<\/em> Zihninizi her durumda olumlu taraf\u0131 g\u00f6recek \u015fekilde e\u011fitmek.<\/li>\n<\/div>\n\n<div class=\"mx-5 sm:mx-0 prose text-left mb-5\">\n<li><strong>Hayat\u0131n en iyisine inan\u0131n<\/strong> - S\u00f6ylemek <em>&quot;Evren benim lehime komplo kuruyor ve bana iyi \u015feyler oluyor&quot;<\/em> Olumlu d\u00fc\u015f\u00fcnceleri \u00e7ekmek ve motivasyonunuzu g\u00fc\u00e7lendirmek i\u00e7in.<\/li>\n<\/div>\n\n<div class=\"mx-5 sm:mx-0 prose text-left mb-5\">\n<li><strong>G\u00fcven \u0130\u00e7in G\u00fcnl\u00fck Olumlamalar\u0131 Kullan\u0131n<\/strong> \u2013 \u015eu ifadeler gibi: <em>&quot;Kendime ve potansiyelime inanmay\u0131 se\u00e7iyorum&quot;<\/em> Olumlu ve diren\u00e7li bir zihniyetin geli\u015ftirilmesine yard\u0131mc\u0131 olur.<\/li>\n<\/div>\n\n<div class=\"mx-5 sm:mx-0 prose text-left mb-5\">\n<li><strong>Ba\u015far\u0131y\u0131 bir yol olarak g\u00f6r\u00fcn<\/strong> \u2013 Onaylamak <em>\u201cHer deneyimden ders \u00e7\u0131kar\u0131yorum ve geli\u015fmeye devam ediyorum\u201d<\/em> \u0130lerlemeye ve s\u00fcrekli \u00f6\u011frenmeye a\u00e7\u0131k olmak.<\/li>\n<\/div>\n\n<div class=\"mx-5 sm:mx-0 prose text-left mb-5\">\n<li><strong>Yolculu\u011funuzun de\u011ferini bilin<\/strong> - S\u00f6ylemek <em>&quot;Her g\u00fcn daha iyi olmak i\u00e7in yeni bir \u015fanst\u0131r&quot;<\/em> \u015e\u00fckran duygusunu peki\u015ftirmek ve hayata kar\u015f\u0131 iyimser bir bak\u0131\u015f a\u00e7\u0131s\u0131 s\u00fcrd\u00fcrmek.<\/li>\n<\/div><\/ul>\n<\/div><!--advertisement--><div class=\"mx-5 sm:mx-0 sm:text-3xl text-2xl font-medium title-font mb-4 text-gray-900 text-left\">\n<h2 class=\"wp-block-heading\">G\u00fcnl\u00fck Olumlamalar\u0131 Rutininize Nas\u0131l Dahil Edebilirsiniz?<\/h2>\n<\/div><div class=\"mx-5 sm:mx-0 prose leading-relaxed text-lg mb-5 text-left wp-paragraph\">\n<p>\u00d6ncelikle, olumlamalar\u0131 g\u00fcnl\u00fck rutinimize dahil etmenin basit ve g\u00fc\u00e7l\u00fc oldu\u011funu anl\u0131yoruz.\u00a0<\/p>\n<\/div><div class=\"mx-5 sm:mx-0 prose leading-relaxed text-lg mb-5 text-left wp-paragraph\">\n<p>K\u00fc\u00e7\u00fck g\u00fcnl\u00fck de\u011fi\u015fikliklerle \u00f6zsayg\u0131n\u0131z\u0131 g\u00fc\u00e7lendirebilir, \u00f6zg\u00fcveninizi art\u0131rabilir ve duygusal refah\u0131n\u0131z\u0131 art\u0131rabilirsiniz.<\/p>\n<\/div><!--advertisement--><div class=\"mx-5 sm:mx-0 sm:text-3xl text-2xl font-medium title-font mb-4 text-gray-900 text-left\">\n<h3 class=\"wp-block-heading\">G\u00fcn\u00fcn\u00fcze olumlamalarla ba\u015flamak i\u00e7in pratik ipu\u00e7lar\u0131<\/h3>\n<\/div><div class=\"mx-5 sm:mx-0 prose leading-relaxed text-lg mb-5 text-left wp-paragraph\">\n<p>G\u00fcn\u00fcn\u00fcze olumlu telkinlerle ba\u015flamak, sonras\u0131nda gelen her \u015feye ton vermenin g\u00fc\u00e7l\u00fc bir yoludur.&nbsp;<\/p>\n<\/div><div class=\"mx-5 sm:mx-0 prose leading-relaxed text-lg mb-5 text-left wp-paragraph\">\n<p>Bu nedenle uyand\u0131\u011f\u0131n\u0131z anda cesaretlendirici d\u00fc\u015f\u00fcnceleri peki\u015ftirmek ve zihniyetinizi g\u00fc\u00e7lendirmek i\u00e7in birka\u00e7 dakika ay\u0131r\u0131n.<\/p>\n<\/div><div class=\"mx-5 sm:mx-0 prose leading-relaxed text-lg mb-5 text-left wp-paragraph\">\n<p>Ayr\u0131ca olumlamalar\u0131n\u0131z\u0131 aynan\u0131n kar\u015f\u0131s\u0131nda y\u00fcksek sesle s\u00f6ylemeniz bu uygulaman\u0131n etkisini art\u0131rabilir.<\/p>\n<\/div><div class=\"mx-5 sm:mx-0 prose leading-relaxed text-lg mb-5 text-left wp-paragraph\">\n<p>Ayr\u0131ca, \u00f6zg\u00fcveninize y\u00f6nelik g\u00fcnl\u00fck olumlamalar\u0131n\u0131z\u0131 bir deftere veya uygulamaya yazmak da etkili bir stratejidir.\u00a0<\/p>\n<\/div><div class=\"mx-5 sm:mx-0 prose leading-relaxed text-lg mb-5 text-left wp-paragraph\">\n<p>Bu \u015fekilde, olumlu deste\u011fe ihtiya\u00e7 duydu\u011funuzda bunlar\u0131 tekrar okuyabilir, g\u00fc\u00e7l\u00fc mesajlar\u0131n zihninizde yerle\u015fmesine yard\u0131mc\u0131 olabilirsiniz.<\/p>\n<\/div><!--advertisement--><div class=\"mx-5 sm:mx-0 sm:text-3xl text-2xl font-medium title-font mb-4 text-gray-900 text-left\">\n<h3 class=\"wp-block-heading\">G\u00fcnl\u00fck pratikte tutarl\u0131l\u0131\u011f\u0131 s\u00fcrd\u00fcrme stratejileri<\/h3>\n<\/div><div class=\"mx-5 sm:mx-0 prose leading-relaxed text-lg mb-5 text-left wp-paragraph\">\n<p>Olumlamalar\u0131n kal\u0131c\u0131 bir al\u0131\u015fkanl\u0131k haline gelebilmesi i\u00e7in, tekrarlamak \u00fczere belirli bir zaman belirlemek \u015fartt\u0131r.&nbsp;<\/p>\n<\/div><div class=\"mx-5 sm:mx-0 prose leading-relaxed text-lg mb-5 text-left wp-paragraph\">\n<p>Bu nedenle g\u00fcnl\u00fck bir taahh\u00fct olu\u015fturmak, rutin olu\u015fturmay\u0131 ve unutkanl\u0131\u011f\u0131 \u00f6nlemeyi kolayla\u015ft\u0131r\u0131r. Ayr\u0131ca olumlamalar\u0131n\u0131z\u0131 kaydedip g\u00fcn boyunca dinlemeniz de iyi bir fikirdir.\u00a0<\/p>\n<\/div><div class=\"mx-5 sm:mx-0 prose leading-relaxed text-lg mb-5 text-left wp-paragraph\">\n<p>Bu, ba\u015fka i\u015flerle me\u015fgul oldu\u011funuzda bile zihninizin olumlu d\u00fc\u015f\u00fcncelerle ba\u011flant\u0131l\u0131 kalmas\u0131n\u0131 sa\u011flar.<\/p>\n<\/div><div class=\"mx-5 sm:mx-0 prose leading-relaxed text-lg mb-5 text-left wp-paragraph\">\n<p>Ayr\u0131ca bir di\u011fer de\u011ferli ipucu da, kelimeleri sanki ger\u00e7ekmi\u015f gibi hissetmeye \u00e7al\u0131\u015fmak, onlar\u0131n d\u00f6n\u00fc\u015ft\u00fcr\u00fcc\u00fc g\u00fcc\u00fcn\u00fc art\u0131rmakt\u0131r.<\/p>\n<\/div><div class=\"mx-5 sm:mx-0 prose leading-relaxed text-lg mb-5 text-left wp-paragraph\">\n<p>Son olarak \u015funu unutmay\u0131n ki de\u011fi\u015fim bir gecede ger\u00e7ekle\u015fmez, ancak sonu\u00e7lar\u0131 zaman i\u00e7inde ortaya \u00e7\u0131kar.&nbsp;<\/p>\n<\/div><!--advertisement--><div class=\"mx-5 sm:mx-0 sm:text-3xl text-2xl font-medium title-font mb-4 text-gray-900 text-left\">\n<h2 class=\"wp-block-heading\">Meditasyon uygulamalar\u0131yla olumlamalar\u0131n\u0131z\u0131 g\u00fc\u00e7l\u00fc bir al\u0131\u015fkanl\u0131\u011fa d\u00f6n\u00fc\u015ft\u00fcr\u00fcn!<\/h2>\n<\/div><div class=\"mx-5 sm:mx-0 prose leading-relaxed text-lg mb-5 text-left wp-paragraph\">\n<p>Art\u0131k g\u00fcnl\u00fck olumlamalar\u0131n \u00f6zg\u00fcveninizi ve refah\u0131n\u0131z\u0131 g\u00fc\u00e7lendirme g\u00fcc\u00fcn\u00fc \u00f6\u011frendi\u011finize g\u00f6re, bunu bir ad\u0131m \u00f6teye ta\u015f\u0131y\u0131p sonu\u00e7lar\u0131n\u0131z\u0131 geli\u015ftirmeye ne dersiniz?<\/p>\n<\/div><div class=\"mx-5 sm:mx-0 prose leading-relaxed text-lg mb-5 text-left wp-paragraph\">\n<p>G\u00fcnl\u00fck pratikte tutarl\u0131l\u0131\u011f\u0131 korumak \u00e7o\u011fu zaman zor olabilir. Acelecilik, odaklanma eksikli\u011fi, hatta do\u011fru yap\u0131p yapmad\u0131\u011f\u0131n\u0131za dair \u015f\u00fcpheler bile \u00f6n\u00fcn\u00fcze engel koyabilir.<\/p>\n<\/div><div class=\"mx-5 sm:mx-0 prose leading-relaxed text-lg mb-5 text-left wp-paragraph\">\n<p>Meditasyon uygulamalar\u0131, olumlamalar\u0131n\u0131z\u0131 g\u00fc\u00e7lendirmek, stresi azaltmak ve olumlu d\u00fc\u015f\u00fcncelerinizle ba\u011flant\u0131n\u0131z\u0131 derinle\u015ftirmek i\u00e7in harika bir \u00e7\u00f6z\u00fcmd\u00fcr.&nbsp;<\/p>\n<\/div><div class=\"mx-5 sm:mx-0 prose leading-relaxed text-lg mb-5 text-left wp-paragraph\">\n<p>G\u00fcnl\u00fck rehberlikle odaklanmak \u00e7ok daha kolay hale geliyor!<\/p>\n<\/div><div class=\"mx-5 sm:mx-0 prose leading-relaxed text-lg mb-5 text-left wp-paragraph\">\n<p>Refah\u0131n\u0131z\u0131 art\u0131racak en iyi uygulamalar\u0131 ke\u015ffetmek ister misiniz? Bir sonraki yaz\u0131m\u0131zda rutininizi daha da g\u00fc\u00e7l\u00fc hale getirmek i\u00e7in baz\u0131 harika se\u00e7enekleri inceleyece\u011fiz.<\/p>\n<\/div><div class=\"wp-block-lazyblock-cta lazyblock-cta-ZABuQg\">\n  <section class=\"cta mx-5 sm:mx-0 text-gray-600 body-font my-10 border-gray-200 border-b border-l border-r sm:border-0\">\n    <div class=\"h-1 bg-gray-200 rounded overflow-hidden\">\n      <div class=\"w-24 h-full\"><\/div>\n    <\/div>\n    <div class=\"container px-5 pt-6 pb-6 mx-auto flex flex-wrap\" data-anchor-target=\"lazyBlock\">    \n    \n              <a class=\"flex flex-wrap content-center w-full mb-4 md:hidden\" href=\"https:\/\/mensagensdobem.com.br\/tr\/aplicativos-de-meditacao\/\"  data-analytics-label=\"ctaImage\" data-action=\"analytics#trackCTA\" aria-label=\"Meditasyon Uygulamalar\u0131: Her Yerde Rahatlay\u0131n\">\n          <div class=\"m-auto float-none\">\n            <img decoding=\"async\" loading=\"lazy\" src=\"https:\/\/mensagensdobem.com.br\/wp-content\/uploads\/sites\/131\/2025\/02\/Imagem-destacada-2024-12-19T145915.171.png\" alt=\"\">\n          <\/div>\n        <\/a>\n            <h2 class=\"w-full sm:text-3xl text-2xl text-gray-900 font-medium title-font mb-2 text-center md:text-left md:w-2\/5\">\n        <a href=\"https:\/\/mensagensdobem.com.br\/tr\/aplicativos-de-meditacao\/\" data-analytics-label=\"ctaTitle\" data-action=\"analytics#trackCTA\" aria-label=\"Meditasyon Uygulamalar\u0131: Her Yerde Rahatlay\u0131n\">\n            Meditasyon Uygulamalar\u0131: Her Yerde Rahatlay\u0131n        <\/a>\n      <\/h2>\n      <div class=\"w-full md:w-3\/5 md:pl-6\">\n        <p class=\"text-center md:text-left leading-relaxed text-base\">\n            Rahatlamak, stresi azaltmak ve ya\u015fam kalitenizi art\u0131rmak i\u00e7in en iyi meditasyon uygulamalar\u0131n\u0131 ke\u015ffedin.        <\/p>\n        <div class=\"flex mt-6 w-full flex-1 justify-center ml-auto md:mt-4 md:justify-start\" style=\"font-weight: bold;\">\n          <a class=\"inline-flex items-center\" href=\"https:\/\/mensagensdobem.com.br\/tr\/aplicativos-de-meditacao\/\"  data-analytics-label=\"ctaButton\" data-action=\"analytics#trackCTA\" >\n            Okumaya devam edin            <svg fill=\"none\" stroke=\"currentColor\" stroke-linecap=\"round\" stroke-linejoin=\"round\" stroke-width=\"2\" class=\"w-4 h-4 ml-2\" viewbox=\"0 0 24 24\">\n              <path d=\"M5 12h14M12 5l7 7-7 7\"><\/path>\n            <\/svg>\n          <\/a>\n        <\/div>\n      <\/div>  \n          \n    <\/div>\n      <script type=\"module\"> function waitFor(conditionFunction) { const poll = resolve => { if(conditionFunction()) resolve(); else setTimeout(_ => poll(resolve), 400); }; return new Promise(poll); } import { Application, Controller } from \"\/wp-content\/themes\/twentytwentyone\/assets\/js\/stimulus.min.js\"; let Stimulus = Application.start(); Stimulus.register(\"anchor\", class extends Controller { static get targets() { return [ \"lazyBlock\", \"lazyBlockAnchor\" ]; } initialize() { this.active = false; this.passed = false; this.closed = false; this.anchorViews = 0; this.boundOnShowAnchor = this.onShowAnchor.bind(this); window.anchorReady = window.anchorReady || false; waitFor(_ => (window.scrollY > this.getHeightBlock() && !this.active)) .then(_ => { !window.anchorReady? this.visible() : ''; window.anchorReady = true; }); if (document.getElementById('landing')) { setTimeout(() => { !window.anchorReady ? this.visible() : ''; window.anchorReady = true; }, 1 * 30000); }; } connect() { this.onShowAnchor(); document.addEventListener(\"scroll\", this.boundOnShowAnchor); } disconnect() { document.removeEventListener(\"scroll\", this.boundOnShowAnchor); } visible() { if (document.getElementById('av-offerwall__wrapper')) { setTimeout(() => this.visible(), 20000); return; } if (document.getElementById('av-fixed__bottomWrapper') && document.getElementById('av-fixed__bottomWrapper').style.display !== 'none' && document.getElementById('av-fixed__bottomWrapper').getBoundingClientRect().height > 100) { setTimeout(() => this.visible(), 1000); return; } if (document.getElementById('av-fixed__bottomWrapper') && document.getElementById('av-fixed__bottomWrapper').style.display !== 'none' && document.getElementById('av-fixed__bottomWrapper').getBoundingClientRect().height > 10) { this.getAnchorElement().style.marginBottom = '60px'; } if (document.querySelector('[data-anchor-shown=\"true\"]') && document.querySelector('[data-anchor-shown=\"true\"]').style.bottom === '0px') { setTimeout(() => this.visible(), 1000); return; } if (!window.km2AnchorReady) { this.active = true; \/*this.getAnchorElement().style.animation = \"none\"; this.getAnchorElement().classList.remove('animate-show-down');*\/ \/*this.getAnchorElement().classList.add('animate-show-up');*\/ \/*setTimeout(() => {*\/ \/*this.getAnchorElement().style.animation = \"\";*\/ this.getAnchorElement().classList.add('animate-show-up'); this.getAnchorElement().classList.remove('hidden'); this.setAnchorViews(this.anchorViews+1); setTimeout(() => this.closeAnchor(), 20000); waitFor(_ => (document.getElementById('av-fixed__bottomWrapper') && document.getElementById('av-fixed__bottomWrapper').style.display !== 'none' && document.getElementById('av-fixed__bottomWrapper').getBoundingClientRect().height > 10 && this.getAnchorElement().style.marginBottom !== '60px')) .then(_ => { this.closeAnchor(); }); this.active = false; \/*}, 10);*\/ } } invisible() { this.active = true; this.getAnchorElement().style.animation = \"none\"; this.getAnchorElement().classList.remove('animate-show-up'); this.getAnchorElement().classList.add('animate-show-down'); setTimeout(() => { this.getAnchorElement().style.animation = \"\"; setTimeout(() => { this.getAnchorElement().classList.add('hidden'); this.active = false; }, 800); }, 10); } onShowAnchor() { let anchorReady = false;  \/*if (!this.active && !anchorReady) { if (this.getAnchorViews() <= 3) { if (window.scrollY > this.getHeightBlock()) { if (!this.passed && !this.closed) { this.visible(); this.passed = true; } } else { if (this.passed) { this.invisible(); this.passed = false; } } } else { if (!this.getAnchorElement().classList.contains('close')) { this.getAnchorElement().classList.add('close'); if (window.scrollY < this.getHeightBlock()) { this.invisible(); } } } }*\/ } closeAnchor() { if (this.closed) return; this.invisible(); this.getAnchorElement().classList.add('close'); this.closed = true; } getAnchorElement() { return this.lazyBlockAnchorTargets[0]; } getAnchorViews() { this.anchorViews = parseInt(sessionStorage.getItem(\"anchorViews\")) >= 1 ? parseInt(sessionStorage.getItem(\"anchorViews\")) : 0; return this.anchorViews; } setAnchorViews(views) { sessionStorage.setItem(\"anchorViews\", views); } getHeightBlock() { return this.lazyBlockTarget.offsetTop + this.lazyBlockTarget.offsetHeight - 110; } }) <\/script>  <div data-anchor-target=\"lazyBlockAnchor\" class=\"fixed w-full sm:w-96 px-3 py-2 bottom-0 left-0 hidden\" style=\"z-index: 999999;\" name=\"lazyBlockAnchor\">\n    <div class=\"grid justify-items-stretch\">        \n              <div class=\"relative justify-self-end top-4 -right-2\">\n          <button data-no-translation class=\"bg-white text-md font-medium text-center rounded-full h-7 w-7 border-2\" data-analytics-label=\"anchorCloseAnchor\" data-action=\"anchor#closeAnchor\" style=\"z-index: 999999;\">\n            X\n          <\/button>\n        <\/div>\n        <div class=\"justify-self-auto flex flex-col h-32 bg-white border-solid border-2 shadow-md rounded-md\">\n          <div class=\"flex my-0 h-full\">\n            <div class=\"w-2\/5 p-1 ml-2 mt-2 w-full\">\n              <a href=\"https:\/\/mensagensdobem.com.br\/tr\/aplicativos-de-meditacao\/\"  data-analytics-label=\"anchorImage\" data-action=\"analytics#trackCTA\">          \n                <img decoding=\"async\" loading=\"lazy\" alt=\"card\" class=\"w-full object-cover h-24 object-center rounded justify-self-auto border-2 border-gray-100\" src=\"https:\/\/mensagensdobem.com.br\/wp-content\/uploads\/sites\/131\/2025\/02\/Imagem-destacada-2024-12-19T145915.171.png\">          \n              <\/a>\n            <\/div>\n            <div class=\"w-3\/5 my-2\">\n              <p class=\"px-4 text-center text-xs h-1\/2\">\n                Meditasyon Uygulamalar\u0131: Her Yerde Rahatlay\u0131n              <\/p>\n              <a href=\"https:\/\/mensagensdobem.com.br\/tr\/aplicativos-de-meditacao\/\"  data-analytics-label=\"anchorButton\" data-action=\"analytics#trackCTA\" >\n                <button class=\"flex w-5\/6 m-auto mt-2 border-0 py-1 px-3 focus:outline-none rounded\">                \n                  <p class=\"text-center w-full\" style=\"font-size: 0.67rem;\">\n                    Okumaya devam edin                  <\/p>\n                <\/button>\n              <\/a>\n              <p class=\"text-gray-500 text-center mt-1\" style=\"font-size: 0.50rem;\">\n                Ayn\u0131 web sitesinde kalacaks\u0131n\u0131z              <\/p>\n            <\/div>\n          <\/div>\n        <\/div>\n          <\/div>\n  <\/div>\n  <\/section>\n\n<\/div>","protected":false},"excerpt":{"rendered":"<p>G\u00fcven i\u00e7in g\u00fcnl\u00fck olumlamalar\u0131n g\u00fcc\u00fcn\u00fc ke\u015ffedin! Zihninizi yeniden programlay\u0131n, \u00f6z sayg\u0131n\u0131z\u0131 g\u00fc\u00e7lendirin ve daha pozitif ve iyi hissetmeye ba\u015flay\u0131n.<\/p>","protected":false},"author":18,"featured_media":797,"comment_status":"open","ping_status":"open","sticky":false,"template":"","format":"standard","meta":{"footnotes":""},"categories":[53],"tags":[123,122,126,54,125,56,124],"yoast_head":"<!-- This site is optimized with the Yoast SEO plugin v23.3 - https:\/\/yoast.com\/wordpress\/plugins\/seo\/ -->\n<title>O poder das palavras: Afirma\u00e7\u00f5es di\u00e1rias para confian\u00e7a e bem-estar - MDB<\/title>\n<meta name=\"description\" content=\"Transforme seu dia com afirma\u00e7\u00f5es di\u00e1rias para confian\u00e7a. Descubra como elevar sua autoestima e viver com energia e bem-estar! Sinta a vibe!\" \/>\n<meta name=\"robots\" content=\"index, follow, max-snippet:-1, max-image-preview:large, max-video-preview:-1\" \/>\n<link rel=\"canonical\" href=\"https:\/\/mensagensdobem.com.br\/tr\/afirmacoes-diarias-para-confianca\/\" \/>\n<meta property=\"og:locale\" content=\"tr_TR\" \/>\n<meta property=\"og:type\" content=\"article\" \/>\n<meta property=\"og:title\" content=\"O poder das palavras: Afirma\u00e7\u00f5es di\u00e1rias para confian\u00e7a e bem-estar - MDB\" \/>\n<meta property=\"og:description\" content=\"Transforme seu dia com afirma\u00e7\u00f5es di\u00e1rias para confian\u00e7a. Descubra como elevar sua autoestima e viver com energia e bem-estar! Sinta a vibe!\" \/>\n<meta property=\"og:url\" content=\"https:\/\/mensagensdobem.com.br\/tr\/afirmacoes-diarias-para-confianca\/\" \/>\n<meta property=\"og:site_name\" content=\"MDB\" \/>\n<meta property=\"article:published_time\" content=\"2025-02-15T15:04:52+00:00\" \/>\n<meta property=\"article:modified_time\" content=\"2025-02-11T15:17:12+00:00\" \/>\n<meta property=\"og:image\" content=\"https:\/\/mensagensdobem.com.br\/wp-content\/uploads\/sites\/131\/2025\/02\/Design-sem-nome-2025-02-11T120959.817.png\" \/>\n\t<meta property=\"og:image:width\" content=\"500\" \/>\n\t<meta property=\"og:image:height\" content=\"300\" \/>\n\t<meta property=\"og:image:type\" content=\"image\/png\" \/>\n<meta name=\"author\" content=\"Nathalia Brum\" \/>\n<meta name=\"twitter:card\" content=\"summary_large_image\" \/>\n<meta name=\"twitter:label1\" content=\"Written by\" \/>\n\t<meta name=\"twitter:data1\" content=\"Nathalia Brum\" \/>\n\t<meta name=\"twitter:label2\" content=\"Est. reading time\" \/>\n\t<meta name=\"twitter:data2\" content=\"7 dakika\" \/>\n<script type=\"application\/ld+json\" class=\"yoast-schema-graph\">{\"@context\":\"https:\/\/schema.org\",\"@graph\":[{\"@type\":\"WebPage\",\"@id\":\"https:\/\/mensagensdobem.com.br\/afirmacoes-diarias-para-confianca\/\",\"url\":\"https:\/\/mensagensdobem.com.br\/afirmacoes-diarias-para-confianca\/\",\"name\":\"O poder das palavras: Afirma\u00e7\u00f5es di\u00e1rias para confian\u00e7a e bem-estar - MDB\",\"isPartOf\":{\"@id\":\"https:\/\/mensagensdobem.com.br\/#website\"},\"primaryImageOfPage\":{\"@id\":\"https:\/\/mensagensdobem.com.br\/afirmacoes-diarias-para-confianca\/#primaryimage\"},\"image\":{\"@id\":\"https:\/\/mensagensdobem.com.br\/afirmacoes-diarias-para-confianca\/#primaryimage\"},\"thumbnailUrl\":\"https:\/\/mensagensdobem.com.br\/wp-content\/uploads\/sites\/131\/2025\/02\/Design-sem-nome-2025-02-11T120959.817.png\",\"datePublished\":\"2025-02-15T15:04:52+00:00\",\"dateModified\":\"2025-02-11T15:17:12+00:00\",\"author\":{\"@id\":\"https:\/\/mensagensdobem.com.br\/#\/schema\/person\/e9d814ff077dba31977242c99bf28752\"},\"description\":\"Transforme seu dia com afirma\u00e7\u00f5es di\u00e1rias para confian\u00e7a. Descubra como elevar sua autoestima e viver com energia e bem-estar! Sinta a vibe!\",\"breadcrumb\":{\"@id\":\"https:\/\/mensagensdobem.com.br\/afirmacoes-diarias-para-confianca\/#breadcrumb\"},\"inLanguage\":\"tr\",\"potentialAction\":[{\"@type\":\"ReadAction\",\"target\":[\"https:\/\/mensagensdobem.com.br\/afirmacoes-diarias-para-confianca\/\"]}]},{\"@type\":\"ImageObject\",\"inLanguage\":\"tr\",\"@id\":\"https:\/\/mensagensdobem.com.br\/afirmacoes-diarias-para-confianca\/#primaryimage\",\"url\":\"https:\/\/mensagensdobem.com.br\/wp-content\/uploads\/sites\/131\/2025\/02\/Design-sem-nome-2025-02-11T120959.817.png\",\"contentUrl\":\"https:\/\/mensagensdobem.com.br\/wp-content\/uploads\/sites\/131\/2025\/02\/Design-sem-nome-2025-02-11T120959.817.png\",\"width\":500,\"height\":300,\"caption\":\"Afirma\u00e7\u00f5es di\u00e1rias para confian\u00e7a\"},{\"@type\":\"BreadcrumbList\",\"@id\":\"https:\/\/mensagensdobem.com.br\/afirmacoes-diarias-para-confianca\/#breadcrumb\",\"itemListElement\":[{\"@type\":\"ListItem\",\"position\":1,\"name\":\"Home\",\"item\":\"https:\/\/mensagensdobem.com.br\/\"},{\"@type\":\"ListItem\",\"position\":2,\"name\":\"O poder das palavras: Afirma\u00e7\u00f5es di\u00e1rias para confian\u00e7a e bem-estar\"}]},{\"@type\":\"WebSite\",\"@id\":\"https:\/\/mensagensdobem.com.br\/#website\",\"url\":\"https:\/\/mensagensdobem.com.br\/\",\"name\":\"MDB\",\"description\":\"\",\"potentialAction\":[{\"@type\":\"SearchAction\",\"target\":{\"@type\":\"EntryPoint\",\"urlTemplate\":\"https:\/\/mensagensdobem.com.br\/?s={search_term_string}\"},\"query-input\":\"required name=search_term_string\"}],\"inLanguage\":\"tr\"},{\"@type\":\"Person\",\"@id\":\"https:\/\/mensagensdobem.com.br\/#\/schema\/person\/e9d814ff077dba31977242c99bf28752\",\"name\":\"Nathalia Brum\",\"image\":{\"@type\":\"ImageObject\",\"inLanguage\":\"tr\",\"@id\":\"https:\/\/mensagensdobem.com.br\/#\/schema\/person\/image\/\",\"url\":\"https:\/\/secure.gravatar.com\/avatar\/511a6e9eb9d8ddd09aff83abe685f277?s=96&d=mm&r=g\",\"contentUrl\":\"https:\/\/secure.gravatar.com\/avatar\/511a6e9eb9d8ddd09aff83abe685f277?s=96&d=mm&r=g\",\"caption\":\"Nathalia Brum\"},\"url\":\"https:\/\/mensagensdobem.com.br\/tr\/author\/dsbnathaliagmail-com\/\"}]}<\/script>\n<!-- \/ Yoast SEO plugin. -->","yoast_head_json":{"title":"O poder das palavras: Afirma\u00e7\u00f5es di\u00e1rias para confian\u00e7a e bem-estar - MDB","description":"Transforme seu dia com afirma\u00e7\u00f5es di\u00e1rias para confian\u00e7a. Descubra como elevar sua autoestima e viver com energia e bem-estar! Sinta a vibe!","robots":{"index":"index","follow":"follow","max-snippet":"max-snippet:-1","max-image-preview":"max-image-preview:large","max-video-preview":"max-video-preview:-1"},"canonical":"https:\/\/mensagensdobem.com.br\/tr\/afirmacoes-diarias-para-confianca\/","og_locale":"tr_TR","og_type":"article","og_title":"O poder das palavras: Afirma\u00e7\u00f5es di\u00e1rias para confian\u00e7a e bem-estar - MDB","og_description":"Transforme seu dia com afirma\u00e7\u00f5es di\u00e1rias para confian\u00e7a. Descubra como elevar sua autoestima e viver com energia e bem-estar! Sinta a vibe!","og_url":"https:\/\/mensagensdobem.com.br\/tr\/afirmacoes-diarias-para-confianca\/","og_site_name":"MDB","article_published_time":"2025-02-15T15:04:52+00:00","article_modified_time":"2025-02-11T15:17:12+00:00","og_image":[{"width":500,"height":300,"url":"https:\/\/mensagensdobem.com.br\/wp-content\/uploads\/sites\/131\/2025\/02\/Design-sem-nome-2025-02-11T120959.817.png","type":"image\/png"}],"author":"Nathalia Brum","twitter_card":"summary_large_image","twitter_misc":{"Written by":"Nathalia Brum","Est. reading time":"7 dakika"},"schema":{"@context":"https:\/\/schema.org","@graph":[{"@type":"WebPage","@id":"https:\/\/mensagensdobem.com.br\/afirmacoes-diarias-para-confianca\/","url":"https:\/\/mensagensdobem.com.br\/afirmacoes-diarias-para-confianca\/","name":"O poder das palavras: Afirma\u00e7\u00f5es di\u00e1rias para confian\u00e7a e bem-estar - MDB","isPartOf":{"@id":"https:\/\/mensagensdobem.com.br\/#website"},"primaryImageOfPage":{"@id":"https:\/\/mensagensdobem.com.br\/afirmacoes-diarias-para-confianca\/#primaryimage"},"image":{"@id":"https:\/\/mensagensdobem.com.br\/afirmacoes-diarias-para-confianca\/#primaryimage"},"thumbnailUrl":"https:\/\/mensagensdobem.com.br\/wp-content\/uploads\/sites\/131\/2025\/02\/Design-sem-nome-2025-02-11T120959.817.png","datePublished":"2025-02-15T15:04:52+00:00","dateModified":"2025-02-11T15:17:12+00:00","author":{"@id":"https:\/\/mensagensdobem.com.br\/#\/schema\/person\/e9d814ff077dba31977242c99bf28752"},"description":"Transforme seu dia com afirma\u00e7\u00f5es di\u00e1rias para confian\u00e7a. Descubra como elevar sua autoestima e viver com energia e bem-estar! Sinta a vibe!","breadcrumb":{"@id":"https:\/\/mensagensdobem.com.br\/afirmacoes-diarias-para-confianca\/#breadcrumb"},"inLanguage":"tr","potentialAction":[{"@type":"ReadAction","target":["https:\/\/mensagensdobem.com.br\/afirmacoes-diarias-para-confianca\/"]}]},{"@type":"ImageObject","inLanguage":"tr","@id":"https:\/\/mensagensdobem.com.br\/afirmacoes-diarias-para-confianca\/#primaryimage","url":"https:\/\/mensagensdobem.com.br\/wp-content\/uploads\/sites\/131\/2025\/02\/Design-sem-nome-2025-02-11T120959.817.png","contentUrl":"https:\/\/mensagensdobem.com.br\/wp-content\/uploads\/sites\/131\/2025\/02\/Design-sem-nome-2025-02-11T120959.817.png","width":500,"height":300,"caption":"Afirma\u00e7\u00f5es di\u00e1rias para confian\u00e7a"},{"@type":"BreadcrumbList","@id":"https:\/\/mensagensdobem.com.br\/afirmacoes-diarias-para-confianca\/#breadcrumb","itemListElement":[{"@type":"ListItem","position":1,"name":"Home","item":"https:\/\/mensagensdobem.com.br\/"},{"@type":"ListItem","position":2,"name":"O poder das palavras: Afirma\u00e7\u00f5es di\u00e1rias para confian\u00e7a e bem-estar"}]},{"@type":"WebSite","@id":"https:\/\/mensagensdobem.com.br\/#website","url":"https:\/\/mensagensdobem.com.br\/","name":"MDB","description":"","potentialAction":[{"@type":"SearchAction","target":{"@type":"EntryPoint","urlTemplate":"https:\/\/mensagensdobem.com.br\/?s={search_term_string}"},"query-input":"required name=search_term_string"}],"inLanguage":"tr"},{"@type":"Person","@id":"https:\/\/mensagensdobem.com.br\/#\/schema\/person\/e9d814ff077dba31977242c99bf28752","name":"Nathalia Brum","image":{"@type":"ImageObject","inLanguage":"tr","@id":"https:\/\/mensagensdobem.com.br\/#\/schema\/person\/image\/","url":"https:\/\/secure.gravatar.com\/avatar\/511a6e9eb9d8ddd09aff83abe685f277?s=96&d=mm&r=g","contentUrl":"https:\/\/secure.gravatar.com\/avatar\/511a6e9eb9d8ddd09aff83abe685f277?s=96&d=mm&r=g","caption":"Nathalia Brum"},"url":"https:\/\/mensagensdobem.com.br\/tr\/author\/dsbnathaliagmail-com\/"}]}},"_links":{"self":[{"href":"https:\/\/mensagensdobem.com.br\/tr\/wp-json\/wp\/v2\/posts\/796"}],"collection":[{"href":"https:\/\/mensagensdobem.com.br\/tr\/wp-json\/wp\/v2\/posts"}],"about":[{"href":"https:\/\/mensagensdobem.com.br\/tr\/wp-json\/wp\/v2\/types\/post"}],"author":[{"embeddable":true,"href":"https:\/\/mensagensdobem.com.br\/tr\/wp-json\/wp\/v2\/users\/18"}],"replies":[{"embeddable":true,"href":"https:\/\/mensagensdobem.com.br\/tr\/wp-json\/wp\/v2\/comments?post=796"}],"version-history":[{"count":1,"href":"https:\/\/mensagensdobem.com.br\/tr\/wp-json\/wp\/v2\/posts\/796\/revisions"}],"predecessor-version":[{"id":801,"href":"https:\/\/mensagensdobem.com.br\/tr\/wp-json\/wp\/v2\/posts\/796\/revisions\/801"}],"wp:featuredmedia":[{"embeddable":true,"href":"https:\/\/mensagensdobem.com.br\/tr\/wp-json\/wp\/v2\/media\/797"}],"wp:attachment":[{"href":"https:\/\/mensagensdobem.com.br\/tr\/wp-json\/wp\/v2\/media?parent=796"}],"wp:term":[{"taxonomy":"category","embeddable":true,"href":"https:\/\/mensagensdobem.com.br\/tr\/wp-json\/wp\/v2\/categories?post=796"},{"taxonomy":"post_tag","embeddable":true,"href":"https:\/\/mensagensdobem.com.br\/tr\/wp-json\/wp\/v2\/tags?post=796"}],"curies":[{"name":"wp","href":"https:\/\/api.w.org\/{rel}","templated":true}]}}